{"id":1696,"date":"2019-02-16T15:54:53","date_gmt":"2019-02-16T18:54:53","guid":{"rendered":"https:\/\/revistaepocadigital.com.ar\/?p=1696"},"modified":"2019-02-16T15:55:04","modified_gmt":"2019-02-16T18:55:04","slug":"cobertura-durante-el-embarazo-con-la-asignacion-familiar-por-prenatal","status":"publish","type":"post","link":"https:\/\/revistaepocadigital.com.ar\/?p=1696","title":{"rendered":"Cobertura durante el embarazo con la Asignaci\u00f3n Familiar por Prenatal"},"content":{"rendered":"<p><strong>CON EL OBJETIVO.<\/strong><!--more--><\/p>\n<p>De acompa\u00f1ar la etapa del embarazo, ANSES paga la Asignaci\u00f3n Familiar por Prenatal a los trabajadores en relaci\u00f3n de dependencia, monotributistas (entre categor\u00edas A e I), titulares de la Prestaci\u00f3n por Desempleo, a quienes se encuentren cobrando por una Aseguradora de Riesgos del Trabajo o la Pensi\u00f3n Honor\u00edfica de Veteranos de Guerra del Atl\u00e1ntico Sur.<\/p>\n<p>Para el pago \u00edntegro de esta prestaci\u00f3n, el tr\u00e1mite debe ser realizado entre el tercer y sexto mes de gestaci\u00f3n. Pasada esa fecha, solo se cobrar\u00e1n los meses que resten desde la presentaci\u00f3n del certificado m\u00e9dico hasta el nacimiento o interrupci\u00f3n del embarazo.<\/p>\n<p>La gesti\u00f3n es presencial en las oficinas de ANSES, previa solicitud de turno en <a href=\"http:\/\/www.anses.gob.ar\">www.anses.gob.ar<\/a>, secci\u00f3n <em>Accesos R\u00e1pidos, Turnos, Asignaciones Familiares, Tr\u00e1mites Asignaciones Familiares (SUAF<\/em>), o bien, llamando al n\u00famero 130 (gratuito desde l\u00edneas fijas). Puede acercarse el titular o un representante, cuyos datos deben visualizarse en el rubro 9 del Formulario PS. 2.55 <em>DDJJ Novedades Unificadas-Sistema \u00danico de Asignaciones Familiares<\/em>.<\/p>\n<p>&nbsp;<\/p>\n<p><strong>Grupos de pago para 18 de febrero<\/strong><\/p>\n<p>Jubilados y pensionados cuyos haberes no superan los $10.580 y sus documentos terminan en 6.<\/p>\n<ul>\n<li>Titulares de la Asignaci\u00f3n Universal por Hijo y por Embarazo cuyos documentos terminan en 6.<\/li>\n<\/ul>\n<p>Los calendarios de pagos de todas las prestaciones pueden consultarse en <u><a href=\"http:\/\/www.anses.gob.ar\">www.anses.gob.ar<\/a><\/u>, opci\u00f3n <em>Accesos R\u00e1pidos<\/em>.<\/p>\n<p><strong>\u00a0<\/strong><\/p>\n<p>&nbsp;<\/p>\n","protected":false},"excerpt":{"rendered":"<p>CON EL OBJETIVO.<\/p>\n","protected":false},"author":4,"featured_media":1697,"comment_status":"open","ping_status":"open","sticky":false,"template":"","format":"standard","meta":{"footnotes":"","jetpack_publicize_message":"","jetpack_publicize_feature_enabled":true,"jetpack_social_post_already_shared":false,"jetpack_social_options":{"image_generator_settings":{"template":"highway","default_image_id":0,"font":"","enabled":false},"version":2}},"categories":[81],"tags":[218,21,37],"class_list":["post-1696","post","type-post","status-publish","format-standard","has-post-thumbnail","hentry","category-anses","tag-18-2-19","tag-anses","tag-destacada"],"jetpack_publicize_connections":[],"jetpack_featured_media_url":"https:\/\/revistaepocadigital.com.ar\/wp-content\/uploads\/2019\/02\/ANSES1-1-1.jpg","jetpack_likes_enabled":true,"_links":{"self":[{"href":"https:\/\/revistaepocadigital.com.ar\/index.php?rest_route=\/wp\/v2\/posts\/1696","targetHints":{"allow":["GET"]}}],"collection":[{"href":"https:\/\/revistaepocadigital.com.ar\/index.php?rest_route=\/wp\/v2\/posts"}],"about":[{"href":"https:\/\/revistaepocadigital.com.ar\/index.php?rest_route=\/wp\/v2\/types\/post"}],"author":[{"embeddable":true,"href":"https:\/\/revistaepocadigital.com.ar\/index.php?rest_route=\/wp\/v2\/users\/4"}],"replies":[{"embeddable":true,"href":"https:\/\/revistaepocadigital.com.ar\/index.php?rest_route=%2Fwp%2Fv2%2Fcomments&post=1696"}],"version-history":[{"count":0,"href":"https:\/\/revistaepocadigital.com.ar\/index.php?rest_route=\/wp\/v2\/posts\/1696\/revisions"}],"wp:featuredmedia":[{"embeddable":true,"href":"https:\/\/revistaepocadigital.com.ar\/index.php?rest_route=\/wp\/v2\/media\/1697"}],"wp:attachment":[{"href":"https:\/\/revistaepocadigital.com.ar\/index.php?rest_route=%2Fwp%2Fv2%2Fmedia&parent=1696"}],"wp:term":[{"taxonomy":"category","embeddable":true,"href":"https:\/\/revistaepocadigital.com.ar\/index.php?rest_route=%2Fwp%2Fv2%2Fcategories&post=1696"},{"taxonomy":"post_tag","embeddable":true,"href":"https:\/\/revistaepocadigital.com.ar\/index.php?rest_route=%2Fwp%2Fv2%2Ftags&post=1696"}],"curies":[{"name":"wp","href":"https:\/\/api.w.org\/{rel}","templated":true}]}}