{"id":16976,"date":"2022-07-25T00:01:40","date_gmt":"2022-07-25T03:01:40","guid":{"rendered":"https:\/\/revistaepocadigital.com.ar\/?p=16976"},"modified":"2022-07-25T00:01:40","modified_gmt":"2022-07-25T03:01:40","slug":"los-duenos-de-la-soja-que-no-arriesgan-un-solo-centavo","status":"publish","type":"post","link":"https:\/\/revistaepocadigital.com.ar\/?p=16976","title":{"rendered":"LOS DUE\u00d1OS DE LA  SOJA QUE NO ARRIESGAN UN SOLO CENTAVO"},"content":{"rendered":"<div class=\"lay --apertura\">\n<div class=\"row\">\n<div class=\"col-12\">\n<h5><strong>LA SOJA, LA TAN COMPLICADA RELACI\u00d3N CON EL CAMPO.<\/strong><\/h5>\n<h5><\/h5>\n<h5 class=\"com-title --threexl\">La nota publicada en el diario La Naci\u00f3n.<\/h5>\n<\/div>\n<\/div>\n<\/div>\n<p><!--more--><\/p>\n<div class=\"lay-sidebar\">\n<div class=\"sidebar__main\">\n<div class=\"row\">\n<div class=\"col-12 \">\n<p>&nbsp;<\/p>\n<section class=\"mod-opening\">\n<div class=\"content-media\">\n<section id=\"WCE3OPCZFRG7TPFLMXPJPQH4RU\" class=\"mod-media \" role=\"button\">\n<figure class=\"mod-figure --horizontal\" role=\"button\">\n<div class=\"placeholder \"><img loading=\"lazy\" decoding=\"async\" class=\"com-image \" src=\"https:\/\/www.lanacion.com.ar\/resizer\/ShCdmmOWahg4dvp-ii5dhkFmprI=\/309x206\/smart\/filters:format(webp):quality(80)\/cloudfront-us-east-1.images.arcpublishing.com\/lanacionar\/WCE3OPCZFRG7TPFLMXPJPQH4RU.jpg\" srcset=\"https:\/\/www.lanacion.com.ar\/resizer\/ShCdmmOWahg4dvp-ii5dhkFmprI=\/309x206\/smart\/filters:format(webp):quality(80)\/cloudfront-us-east-1.images.arcpublishing.com\/lanacionar\/WCE3OPCZFRG7TPFLMXPJPQH4RU.jpg 309w, https:\/\/www.lanacion.com.ar\/resizer\/5G5MRHexiQjlIxdbWjvun-ajn0Y=\/351x234\/smart\/filters:format(webp):quality(80)\/cloudfront-us-east-1.images.arcpublishing.com\/lanacionar\/WCE3OPCZFRG7TPFLMXPJPQH4RU.jpg 351w, https:\/\/www.lanacion.com.ar\/resizer\/zE3xCH9Xe-V2lEdqDauLzGPdqL8=\/768x512\/smart\/filters:format(webp):quality(80)\/cloudfront-us-east-1.images.arcpublishing.com\/lanacionar\/WCE3OPCZFRG7TPFLMXPJPQH4RU.jpg 768w, https:\/\/www.lanacion.com.ar\/resizer\/IgO-5rt0odrSi6450jyCzcPA_ck=\/879x586\/smart\/filters:format(webp):quality(80)\/cloudfront-us-east-1.images.arcpublishing.com\/lanacionar\/WCE3OPCZFRG7TPFLMXPJPQH4RU.jpg 879w, https:\/\/www.lanacion.com.ar\/resizer\/ckNdrpBncT6gakMV8Jwrtmbz3cY=\/1200x800\/smart\/filters:format(webp):quality(80)\/cloudfront-us-east-1.images.arcpublishing.com\/lanacionar\/WCE3OPCZFRG7TPFLMXPJPQH4RU.jpg 1200w\" alt=\"El almacenamiento en silobolsas es una herramienta fundamental para la comercializaci\u00f3n\" width=\"768\" height=\"513\" \/><\/div><figcaption class=\"mod-figcaption\"><span class=\"com-text --caption --twoxs\">El almacenamiento en silobolsas es una herramienta fundamental para la comercializaci\u00f3n<br \/>\n<\/span><\/figcaption><\/figure>\n<\/section>\n<\/div>\n<\/section>\n<\/div>\n<\/div>\n<section class=\"cuerpo__nota\">\n<div class=\"row\">\n<div class=\"col-12 col-desksm-1\">\n<div class=\"mod-share\">\n<div id=\"v-share\" class=\"share\">\n<div class=\"container --right\">\n<div class=\"btn-container\"><\/div>\n<p>&nbsp;<\/p>\n<\/div>\n<\/div>\n<\/div>\n<\/div>\n<div class=\"col-deskxl-10 offset-deskxl-1 col-desksm-11\">\n<div class=\"row\">\n<div class=\"col-12\">\n<p class=\"com-paragraph --capital --s\">En el contexto de la creciente incertidumbre econ\u00f3mica, la soja est\u00e1 otra vez en el foco de la atenci\u00f3n p\u00fablica. Lamentablemente n<strong>o es por el potencial inexplorado del cultivo y todo lo que podr\u00eda dar si no hubiera limitaciones<\/strong>. Es porque frente a la ca\u00edda estrepitosa de las reservas del Banco Central y a la escasez de d\u00f3lares se apunta a la oleaginosa del ciclo comercial 21\/22 que todav\u00eda no fue vendida.<\/p>\n<div class=\"com-container --button \"><a class=\"com-link\" title=\"Los expertos alertan que la mayor brecha cambiaria aument\u00f3 el \u201ccastigo\u201d al campo y hay dudas sobre un desdoblamiento\" href=\"https:\/\/www.lanacion.com.ar\/economia\/campo\/los-expertos-alertan-que-la-mayor-brecha-cambiaria-aumento-el-castigo-al-campo-y-hay-dudas-sobre-un-nid22072022\/\" target=\"_blank\" rel=\"noopener\"><button id=\"\" class=\"com-button --secondary --icon arrow-right --right\" title=\"\" type=\"button\" data-event=\"\" data-section=\"\"><i class=\"com-icon icon-arrow-right\"><\/i><span class=\"com-text --fivexs\">LOS EXPERTOS ALERTAN QUE LA MAYOR BRECHA CAMBIARIA AUMENT\u00d3 EL \u201cCASTIGO\u201d AL CAMPO Y HAY DUDAS SOBRE UN DESDOBLAMIENTO<\/span><\/button><\/a><\/div>\n<p class=\"com-paragraph --s\">El dato de que hay una desaceleraci\u00f3n de las ventas respecto de la campa\u00f1a pasada por unos 4,1 millones de toneladas, que representar\u00edan unos US$1200 millones, da pie a distintas reacciones y especulaciones.<\/p>\n<div class=\"mod-banner --middle_1_dsk\">\n<div id=\"middle_1_dsk\" class=\"com-banner\" data-slot-group=\"nota\" data-device=\"desktop\" data-subscription=\"true\" data-ad-unit-path=\"\/133919216\/campo_desktop\/Nota\/middle_1_dsk\" data-targeting=\"{&quot;sitio&quot;:&quot;lanacion&quot;,&quot;seccion&quot;:&quot;nota&quot;}\" data-without-hide=\"true\" data-size=\"[[1,1],[640,360],[640,480],[728,90]]\" data-sizemap=\"[]\" data-prebid-enabled=\"true\" data-google-query-id=\"CIGQvrqEk_kCFfGMlQIdP3wKuQ\">\n<div id=\"google_ads_iframe_\/133919216\/campo_desktop\/Nota\/middle_1_dsk_0__container__\"><strong>La m\u00e1s absurda es la del kirchnerismo ac\u00e9rrimo que cree que el Gobierno debe obligar a los productores a vender la soja<\/strong>. Al desconocer el\u00a0<strong>derecho de propiedad<\/strong>, argumenta que el campo es un sector especulador. Quienes tienen esta posici\u00f3n se olvidan que la soja, mientras no se vende, es de quien la produjo y que como propietario decide la forma y el momento de venderla.\u00a0<strong>Ya bastante tiene con la presi\u00f3n impositiva, v\u00eda derechos de exportaci\u00f3n (DEX) del 33%, que constituye otra violaci\u00f3n al derecho de propiedad, y la brecha cambiaria<\/strong>.<\/div>\n<\/div>\n<\/div>\n<p class=\"com-paragraph --s\">Otra visi\u00f3n, m\u00e1s racional, podr\u00eda ser aquella que expresaron los exportadores que\u00a0<strong>sugirieron una baja de los DEX como hizo el exministro Mart\u00edn Guzm\u00e1n hace dos a\u00f1os para incentivar las ventas de la oleaginosa<\/strong>. M\u00e1s complejo ser\u00eda el lanzamiento de un bono que pueda utilizarse para comprar insumos. En esa l\u00ednea se inscribe tambi\u00e9n el plazo fijo del Banco Naci\u00f3n con tasas adicionales para cubrirse de una eventual devaluaci\u00f3n.<\/p>\n<p class=\"com-paragraph --s\"><strong>Estas propuestas, en todo caso se constituyen en atajos que no resuelven el problema principal: la incertidumbre macroecon\u00f3mica<\/strong>. Esto se ve reflejado en la brecha cambiaria. Hasta la semana pasada, la Bolsa de Comercio de Rosario (BCR) la hab\u00eda calculado en un 126%, la cifra m\u00e1s alta desde el desdoblamiento cambiario de 2019.<\/p>\n<div class=\"mod-banner --middle_2_dsk\">\n<div id=\"middle_2_dsk\" class=\"com-banner\" data-slot-group=\"nota\" data-device=\"desktop\" data-subscription=\"true\" data-ad-unit-path=\"\/133919216\/campo_desktop\/Nota\/middle_2_dsk\" data-targeting=\"{&quot;sitio&quot;:&quot;lanacion&quot;,&quot;seccion&quot;:&quot;nota&quot;}\" data-without-hide=\"true\" data-size=\"[[1,1],[728,90]]\" data-sizemap=\"[]\" data-prebid-enabled=\"true\" data-google-query-id=\"CIKQvrqEk_kCFfGMlQIdP3wKuQ\">\n<div id=\"google_ads_iframe_\/133919216\/campo_desktop\/Nota\/middle_2_dsk_0__container__\">Es esa misma incertidumbre la que se presenta con l<strong>as restricciones a las importaciones que ya se est\u00e1n convirtiendo en un verdadero boomerang<\/strong>. Tambi\u00e9n la BCR calcul\u00f3 que podr\u00eda haber una merma en los ingresos de las exportaciones de ma\u00edz por unos 1800 millones de d\u00f3lares si se mantiene el freno a las compras de fertilizantes. En un informe,\u00a0<strong>la entidad estim\u00f3 que las importaciones del primer semestre, en toneladas, se redujeron un 12% respecto del mismo per\u00edodo del a\u00f1o anterior, aunque en precios se incrementaron un 132% como consecuencia de la suba del precio de la urea, fundamentalmente<\/strong>. Aunque los precios internacionales de este producto est\u00e1n bajando, el riesgo de que se mantengan las trabas est\u00e1 presente. En el trabajo, l<strong>a BCR proyecta que el rinde promedio del ma\u00edz bajar\u00eda de 81,8 qq\/ha (tomando como referencia la campa\u00f1a 20\/21, no afectada por la sequ\u00eda) a 70,8 qq\/ha si se mantienen las trabas<\/strong>.<\/div>\n<\/div>\n<\/div>\n<p class=\"com-paragraph --s\"><strong>Quienes creen que son due\u00f1os de la soja y no han puesto un solo centavo en la siembra del cultivo omiten los factores de riesgo que pesan sobre la decisi\u00f3n de quien produce<\/strong>. Se est\u00e1 viendo en los \u00faltimos dos meses que el valor de la oleaginosa en el mercado local (disponible) se redujo un 9,2%. En un contexto internacional cada vez m\u00e1s complejo -por la suba del d\u00f3lar y la recesi\u00f3n de las econom\u00edas de los pa\u00edses m\u00e1s desarrollados- no es descabellado encontrarse con un horizonte bajista en los precios. \u00bfAh\u00ed van a aportar algo los que hoy despotrican contra la soja guardada en silobolsas?\u00a0<strong>Como siempre, socios en las ganancias, pero nunca en las p\u00e9rdidas<\/strong>.<\/p>\n<h2 class=\"com-title --l\">Insumos<\/h2>\n<p class=\"com-paragraph --s\">A esto, tambi\u00e9n, se suman factores como la suba de costos de los insumos. Seg\u00fan un informe de la consultora Zorraquin+Meneses,\u00a0<strong>\u201clos costos para sembrar una hect\u00e1rea han aumentado entre 30% y 50% respecto de la campa\u00f1a anterior\u201d<\/strong>. De igual forma, los alquileres \u201chan aumentado un 10% en promedio, complicando al que siembra o produce y favoreciendo este a\u00f1o al due\u00f1o de la tierra\u201d.<\/p>\n<div class=\"com-container --button \"><a class=\"com-link\" title=\"La falta de d\u00f3lares: revelan que las ventas de granos tienen pocas diferencias con a\u00f1os anteriores\" href=\"https:\/\/www.lanacion.com.ar\/economia\/campo\/la-falta-de-dolares-revelan-que-las-ventas-de-granos-tienen-pocas-diferencias-con-anos-anteriores-nid22072022\/\" target=\"_blank\" rel=\"noopener\"><button id=\"\" class=\"com-button --secondary --icon arrow-right --right\" title=\"\" type=\"button\" data-event=\"\" data-section=\"\"><i class=\"com-icon icon-arrow-right\"><\/i><span class=\"com-text --fivexs\">LA FALTA DE D\u00d3LARES: REVELAN QUE LAS VENTAS DE GRANOS TIENEN POCAS DIFERENCIAS CON A\u00d1OS ANTERIORES<\/span><\/button><\/a><\/div>\n<p class=\"com-paragraph --s\">En este escenario se suman otros cambios m\u00e1s estructurales como el de la diversificaci\u00f3n de cultivos, con un mayor peso de los cereales que ampl\u00eda la estrategia comercial en los planteos agr\u00edcolas.<\/p>\n<p class=\"com-paragraph --s\">Con\u00a0<strong>un tipo de cambio \u00fanico, econom\u00eda estabilizada y presi\u00f3n impositiva razonable, es decir, condiciones que existen en los pa\u00edses vecinos,<\/strong>\u00a0las preocupaciones deber\u00edan ser otras: c\u00f3mo mejorar la log\u00edstica, c\u00f3mo agregar valor o como ingresar m\u00e1s r\u00e1pidamente en la revoluci\u00f3n tecnol\u00f3gica de la agricultura digital. Una mirada al futuro y no al pasado.<\/p>\n<div class=\"row FirmaAutor\">\n<div class=\"col-12\">\n<section class=\"mod-autor\">\n<div class=\"container-text\"><\/div>\n<\/section>\n<\/div>\n<\/div>\n<\/div>\n<\/div>\n<\/div>\n<\/div>\n<\/section>\n<\/div>\n<div class=\"sidebar__aside hlp-tabletlm-none\">\n<div class=\"mod-banner --caja3_dsk\">\n<div id=\"caja3_dsk\" class=\"com-banner\" data-slot-group=\"nota\" data-device=\"desktop\" data-subscription=\"false\" data-ad-unit-path=\"\/133919216\/campo_desktop\/Nota\/caja3_dsk\" data-targeting=\"{&quot;sitio&quot;:&quot;lanacion&quot;,&quot;seccion&quot;:&quot;nota&quot;}\" data-without-hide=\"true\" data-size=\"[[300,250]]\" data-sizemap=\"[]\" data-prebid-enabled=\"true\" data-google-query-id=\"CIaQvrqEk_kCFfGMlQIdP3wKuQ\"><\/div>\n<\/div>\n<\/div>\n<\/div>\n","protected":false},"excerpt":{"rendered":"<p>LA SOJA, LA TAN COMPLICADA RELACI\u00d3N CON EL CAMPO. La nota publicada en el diario La Naci\u00f3n.<\/p>\n","protected":false},"author":3,"featured_media":16978,"comment_status":"open","ping_status":"open","sticky":false,"template":"","format":"standard","meta":{"footnotes":"","jetpack_publicize_message":"","jetpack_publicize_feature_enabled":true,"jetpack_social_post_already_shared":false,"jetpack_social_options":{"image_generator_settings":{"template":"highway","default_image_id":0,"font":"","enabled":false},"version":2}},"categories":[17],"tags":[],"class_list":["post-16976","post","type-post","status-publish","format-standard","has-post-thumbnail","hentry","category-politica"],"jetpack_publicize_connections":[],"jetpack_featured_media_url":"https:\/\/revistaepocadigital.com.ar\/wp-content\/uploads\/2022\/07\/M5JHBNMPMBBJZOOGO22I3XDCJQ.webp","jetpack_likes_enabled":true,"_links":{"self":[{"href":"https:\/\/revistaepocadigital.com.ar\/index.php?rest_route=\/wp\/v2\/posts\/16976","targetHints":{"allow":["GET"]}}],"collection":[{"href":"https:\/\/revistaepocadigital.com.ar\/index.php?rest_route=\/wp\/v2\/posts"}],"about":[{"href":"https:\/\/revistaepocadigital.com.ar\/index.php?rest_route=\/wp\/v2\/types\/post"}],"author":[{"embeddable":true,"href":"https:\/\/revistaepocadigital.com.ar\/index.php?rest_route=\/wp\/v2\/users\/3"}],"replies":[{"embeddable":true,"href":"https:\/\/revistaepocadigital.com.ar\/index.php?rest_route=%2Fwp%2Fv2%2Fcomments&post=16976"}],"version-history":[{"count":0,"href":"https:\/\/revistaepocadigital.com.ar\/index.php?rest_route=\/wp\/v2\/posts\/16976\/revisions"}],"wp:featuredmedia":[{"embeddable":true,"href":"https:\/\/revistaepocadigital.com.ar\/index.php?rest_route=\/wp\/v2\/media\/16978"}],"wp:attachment":[{"href":"https:\/\/revistaepocadigital.com.ar\/index.php?rest_route=%2Fwp%2Fv2%2Fmedia&parent=16976"}],"wp:term":[{"taxonomy":"category","embeddable":true,"href":"https:\/\/revistaepocadigital.com.ar\/index.php?rest_route=%2Fwp%2Fv2%2Fcategories&post=16976"},{"taxonomy":"post_tag","embeddable":true,"href":"https:\/\/revistaepocadigital.com.ar\/index.php?rest_route=%2Fwp%2Fv2%2Ftags&post=16976"}],"curies":[{"name":"wp","href":"https:\/\/api.w.org\/{rel}","templated":true}]}}