{"id":17013,"date":"2022-07-30T10:13:06","date_gmt":"2022-07-30T13:13:06","guid":{"rendered":"https:\/\/revistaepocadigital.com.ar\/?p=17013"},"modified":"2022-07-30T10:15:03","modified_gmt":"2022-07-30T13:15:03","slug":"mira-lo-que-pasa-en-la-argentina-de-hoy","status":"publish","type":"post","link":"https:\/\/revistaepocadigital.com.ar\/?p=17013","title":{"rendered":"Mir\u00e1 lo que pasa en la Argentina de hoy. La bala de la rec\u00e1mara se dispar\u00f3"},"content":{"rendered":"<h1 style=\"font-weight: 400;\"><strong>La bala de la rec\u00e1mara se dispar\u00f3<\/strong><\/h1>\n<p><!--more--><\/p>\n<p>EPOCA reproduce acerca de los acontecimientos que se producen en la Argentina, el an\u00e1lisis de <b><a href=\"https:\/\/periodicotribuna.com.ar\/autores\/198-jorge-asis\">Jorge As\u00eds\u00a0 en Tribuna de Periodistas<\/a><\/b><\/p>\n<p>&nbsp;<\/p>\n<p><a style=\"font-weight: 500;\" href=\"https:\/\/www.facebook.com\/sharer.php?u=https%3A%2F%2Fperiodicotribuna.com.ar%2F33765-la-bala-de-la-recamara-se-disparo.html\">\u00a0<\/a><\/p>\n<p style=\"font-weight: 400;\"><b>1.- La vuelta del Ministerio de Econom\u00eda<\/b><\/p>\n<p>&nbsp;<\/p>\n<p style=\"font-weight: 400;\">La afortunada miniserie \u201c\u00daltima bala en la rec\u00e1mara\u201d concluye con la designaci\u00f3n de Sergio Massa, El Profesional, como \u201csuperministro\u201d.<\/p>\n<p style=\"font-weight: 400;\">Es fruto del acuerdo de Sergio -l\u00edder del Frente Renovador- con La (Agencia de Colocaciones) C\u00e1mpora, protectorado de La Doctora que decide y manda.<\/p>\n<p style=\"font-weight: 400;\">Un acuerdo complementado por la febril Liga de Gobernadores.<\/p>\n<p style=\"font-weight: 400;\">Trece poderosos estadistas regionales que exigieron, en patota digna, soluciones r\u00e1pidas.<\/p>\n<p style=\"font-weight: 400;\">Apretaron como una naranja al presidente Alberto Fern\u00e1ndez, El Poeta Impopular, orientador un\u00e1nime de PARTE. Protagonista principal de 32 meses perdidos entre extravagancias, festivas vacilaciones, dificultades y pretextos que lo condujeron al vac\u00edo.<\/p>\n<p style=\"font-weight: 400;\">El apoyo de los gobernadores result\u00f3 sustancial para facilitar la racionalidad del entendimiento de Sergio con el Premier Juan Manzur, El Menemcito.<\/p>\n<p style=\"font-weight: 400;\">Para ser riguroso no hay, para Sergio, ning\u00fan superministerio. En la pr\u00e1ctica, se trata de una reconfortante recuperaci\u00f3n.<\/p>\n<p style=\"font-weight: 400;\">El Profesional reconquista las competencias que Domingo Cavallo, Espeluc\u00edn, controlaba 30 a\u00f1os atr\u00e1s.<\/p>\n<p style=\"font-weight: 400;\">Debe celebrarse la vuelta de la figura del ministro de Econom\u00eda. Meticulosamente fragmentado, jibarizado, devaluado.<\/p>\n<p style=\"font-weight: 400;\">En principio, por la convicci\u00f3n almacenera de N\u00e9stor Kirchner, El Furia.<\/p>\n<p style=\"font-weight: 400;\">Despu\u00e9s, por el desconocimiento asumido de Mauricio Macri, El \u00c1ngel Exterminador.<\/p>\n<p style=\"font-weight: 400;\">Ambos inseguros cre\u00edan que no les hac\u00eda falta tener un ministro de Econom\u00eda de verdad. Pero no ten\u00edan la menor idea. No se arriesgaban a convivir con la categor\u00eda del ministro que invariablemente compartiera el poder. Hasta creerse presidenciables. Como Cavallo. O hasta Roberto Lavagna, La Esfinge.<\/p>\n<p style=\"font-weight: 400;\">En efecto, desde Fernando Henrique Cardoso, que salt\u00f3 desde el ministerio de econom\u00eda hacia la presidencia de Brasil. Como Zedillo Ponce de Le\u00f3n, en M\u00e9xico, o Emmanuel Macron, en Francia.<\/p>\n<p style=\"font-weight: 400;\">Merece entonces acentuarse el m\u00e9rito de La Doctora al promover el regreso de una figura tan peligrosamente inquietante.<\/p>\n<p style=\"font-weight: 400;\">Por haberse dado cuenta, acaso, que le quedaba solo la \u00faltima bala. En la rec\u00e1mara del gobierno que pavorosamente se dilu\u00eda.<\/p>\n<p style=\"font-weight: 400;\">Massa, era, la bala. El Profesional que se atrev\u00eda, con ambiciones de crecimiento pol\u00edtico, a la utop\u00eda de resolver. O de incinerarse.<\/p>\n<p style=\"font-weight: 400;\">Arrastraba una adversidad en las encuestas que s\u00f3lo pod\u00eda modificarse a trav\u00e9s de la eficacia. Con la capacidad para generar soluciones. O algo m\u00e1s dif\u00edcil a\u00fan, despertar ilusiones.<\/p>\n<p style=\"font-weight: 400;\"><b>2.- Reacomodamiento<\/b><\/p>\n<p style=\"font-weight: 400;\">El resto es reacomodamiento. Realismo m\u00e1gico, libro de pases, con despedidas y saltos siempre pintorescos.<\/p>\n<p style=\"font-weight: 400;\">Daniel Scioli, el L\u00edder de la L\u00ednea Aire y Sol, vuelve a la embajada de la que nunca debi\u00f3 haber salido. En Brasil hizo un trabajo diplom\u00e1ticamente memorable que le permiti\u00f3 crecer, hasta formar parte del bolillero de los presidenciables para 2023.<\/p>\n<p style=\"font-weight: 400;\">Silvina Batakis, La Griega, resulta ganadora con el recambio. Por su heroico acto de servicio, y por haber puesto el rostro y el cuerpo en la improvisaci\u00f3n a la bartola, liga la joya del Banco Naci\u00f3n.<\/p>\n<p style=\"font-weight: 400;\">Gustavo Beliz, Zapatitos Blancos, confirma la vocaci\u00f3n para la renuncia f\u00e1cil. Apela a Nuestro Se\u00f1or sin siquiera haberse arrepentido de la discusi\u00f3n mantenida en Los \u00c1ngeles con El Profesional. Por \u00abchiver\u00edos\u00bb de periodistas.<\/p>\n<p style=\"font-weight: 400;\">Y Dom\u00ednguez, el Lindo Juli\u00e1n, como buen cat\u00f3lico de campo adhiere al destino de don Segundo Sombra.<\/p>\n<p style=\"font-weight: 400;\">Juli\u00e1n se fue en silencio. \u201cComo quien se desangra\u00bb.<\/p>\n<p style=\"font-weight: 400;\"><b>3.- Cat\u00e1logo de desgracias<\/b><\/p>\n<p style=\"font-weight: 400;\">\u00ab\u00bfY si se le da?\u00bb.<\/p>\n<p style=\"font-weight: 400;\">Los boletos para que la funci\u00f3n salga mal ya est\u00e1n todos vendidos. Agotados.<\/p>\n<p style=\"font-weight: 400;\">No hay m\u00e1s localidades para el pesimismo existencial.<\/p>\n<p style=\"font-weight: 400;\">Desfila el peso inerte del gasto p\u00fablico. Tem\u00e1tica que apasiona a los liberales de recetario televisivo.<\/p>\n<p style=\"font-weight: 400;\">La peste de la inflaci\u00f3n. Con la cantilena devaluadora y los precios que se elevan desesperados.<\/p>\n<p style=\"font-weight: 400;\">La p\u00e9sima distribuci\u00f3n de la riqueza, que convierte en piadosos dormitorios las veredas del centro de Buenos Aires.<\/p>\n<p style=\"font-weight: 400;\">Con la mochila de la deuda que instiga a cohabitar permanentemente con el quebranto. Y al jocoso cinismo de asumirnos como garcas definitivos. Se descuenta que nunca vamos a pagar.<\/p>\n<p style=\"font-weight: 400;\">Con la presencia hiriente de los miles de despose\u00eddos que obturan el paso. El desplazamiento es un suplicio de mi\u00e9rcoles. Y tambi\u00e9n de jueves.<\/p>\n<p style=\"font-weight: 400;\">Cat\u00e1logo anticipado de desgracias que nos alejan espantosamente de la necesidad de construir un capitalismo tolerable en la sociedad descre\u00edda.<\/p>\n<p style=\"font-weight: 400;\">Pero cabe, de todos modos, la conjetura.<\/p>\n<p style=\"font-weight: 400;\">\u00ab\u00bfY si la alternativa Massa sale bien?\u00bb.<\/p>\n<p style=\"font-weight: 400;\">Aunque los comunicadores de reacciones f\u00e1ciles y r\u00e1pidas se entretengan con las contradicciones del sujeto de referencia. Con los memes y videos viejos de broncas y divisiones superadas.<\/p>\n<p style=\"font-weight: 400;\">Pero Massa mantiene, a su favor, la agobiante monoton\u00eda de la malaria popular.<\/p>\n<p style=\"font-weight: 400;\">El deseo irracional del argentino de encontrarle por fin la vuelta al fracaso y esquivarlo.<\/p>\n<p style=\"font-weight: 400;\">El Profesional ambicioso sabe que puede crecer en el oficio s\u00f3lo si resuelve. Si cura, o por lo menos aten\u00faa, la sucesi\u00f3n irremediable de llagas abiertas que supuran.<\/p>\n<p style=\"font-weight: 400;\"><b>4.- El derecho de fracasar tranquilo<\/b><\/p>\n<p style=\"font-weight: 400;\">Sin embargo \u201ceste pa\u00eds no se puede ir a la m\u2026\u201d.<\/p>\n<p style=\"font-weight: 400;\">Cuando amaga con recomponerse, Argentina se recompone de verdad, durante algunos a\u00f1os, aunque pronto marche candorosamente hacia el desperdicio hist\u00f3rico.<\/p>\n<p style=\"font-weight: 400;\">Prospera la creencia err\u00f3nea: solo nos aguarda el fracaso con los brazos abiertos. O la disoluci\u00f3n.<\/p>\n<p style=\"font-weight: 400;\">Pero se insiste: \u201cArgentina no puede quedarse en la m\u2026\u201d.<\/p>\n<p style=\"font-weight: 400;\">Con el argentino aferrado al canuto individual y entregado a la inexistencia de la causa colectiva.<\/p>\n<p style=\"font-weight: 400;\">Lo aconsejable es no aferrarse a Massa. Ni tratarlo como un hombre providencial. El Profesional tiene el derecho de fracasar tranquilo. Como fracasa cualquiera.<\/p>\n<p style=\"font-weight: 400;\">Tiene la edad ideal para el poder, 50 a\u00f1os. Tiene contactos. Agenda propia. El conocimiento medular de los t\u00faneles p\u00fablicos y secretos del Estado. La reconocida habilidad que contrasta con la imagen deplorable en el universo estricto de las encuestas.<\/p>\n<p style=\"font-weight: 400;\">Seg\u00fan nuestra evaluaci\u00f3n posiblemente equivocada, cuando est\u00e1 en juego el poder la cuesti\u00f3n de las encuestas es relativa.<\/p>\n<p style=\"font-weight: 400;\">Pese a la adversidad numerol\u00f3gica, El Profesional conquista la centralidad, es motivo de severas descalificaciones, de rencores inapelables.<\/p>\n<p style=\"font-weight: 400;\">La superstici\u00f3n de las encuestas, o el cuento de la imagen negativa, cuando se discute el poder no tiene, en efecto, la menor importancia.<\/p>\n<p>&nbsp;<\/p>\n<p>Foto portada: gentileza Telam<\/p>\n","protected":false},"excerpt":{"rendered":"<p>La bala de la rec\u00e1mara se dispar\u00f3<\/p>\n","protected":false},"author":3,"featured_media":17016,"comment_status":"open","ping_status":"open","sticky":false,"template":"","format":"standard","meta":{"footnotes":"","jetpack_publicize_message":"","jetpack_publicize_feature_enabled":true,"jetpack_social_post_already_shared":false,"jetpack_social_options":{"image_generator_settings":{"template":"highway","default_image_id":0,"font":"","enabled":false},"version":2}},"categories":[17],"tags":[1952,1953],"class_list":["post-17013","post","type-post","status-publish","format-standard","has-post-thumbnail","hentry","category-politica","tag-asis","tag-tribuna-de-periiodistas"],"jetpack_publicize_connections":[],"jetpack_featured_media_url":"https:\/\/revistaepocadigital.com.ar\/wp-content\/uploads\/2022\/07\/Cristina-y-Sergio-e1659033302846.webp","jetpack_likes_enabled":true,"_links":{"self":[{"href":"https:\/\/revistaepocadigital.com.ar\/index.php?rest_route=\/wp\/v2\/posts\/17013","targetHints":{"allow":["GET"]}}],"collection":[{"href":"https:\/\/revistaepocadigital.com.ar\/index.php?rest_route=\/wp\/v2\/posts"}],"about":[{"href":"https:\/\/revistaepocadigital.com.ar\/index.php?rest_route=\/wp\/v2\/types\/post"}],"author":[{"embeddable":true,"href":"https:\/\/revistaepocadigital.com.ar\/index.php?rest_route=\/wp\/v2\/users\/3"}],"replies":[{"embeddable":true,"href":"https:\/\/revistaepocadigital.com.ar\/index.php?rest_route=%2Fwp%2Fv2%2Fcomments&post=17013"}],"version-history":[{"count":0,"href":"https:\/\/revistaepocadigital.com.ar\/index.php?rest_route=\/wp\/v2\/posts\/17013\/revisions"}],"wp:featuredmedia":[{"embeddable":true,"href":"https:\/\/revistaepocadigital.com.ar\/index.php?rest_route=\/wp\/v2\/media\/17016"}],"wp:attachment":[{"href":"https:\/\/revistaepocadigital.com.ar\/index.php?rest_route=%2Fwp%2Fv2%2Fmedia&parent=17013"}],"wp:term":[{"taxonomy":"category","embeddable":true,"href":"https:\/\/revistaepocadigital.com.ar\/index.php?rest_route=%2Fwp%2Fv2%2Fcategories&post=17013"},{"taxonomy":"post_tag","embeddable":true,"href":"https:\/\/revistaepocadigital.com.ar\/index.php?rest_route=%2Fwp%2Fv2%2Ftags&post=17013"}],"curies":[{"name":"wp","href":"https:\/\/api.w.org\/{rel}","templated":true}]}}