{"id":17028,"date":"2022-08-01T09:02:07","date_gmt":"2022-08-01T12:02:07","guid":{"rendered":"https:\/\/revistaepocadigital.com.ar\/?p=17028"},"modified":"2022-08-01T09:02:47","modified_gmt":"2022-08-01T12:02:47","slug":"el-muy-complejo-rumbo-de-la-argentina","status":"publish","type":"post","link":"https:\/\/revistaepocadigital.com.ar\/?p=17028","title":{"rendered":"EL MUY COMPLEJO RUMBO DE LA ARGENTINA"},"content":{"rendered":"<header class=\"article-header-wrapper\">\n<div class=\"article-header\">\n<h5 class=\"article-headline\"><strong>El nuevo gabinete: nace de presiones por la crisis, relega al Presidente y corre el foco de la interna a CFK y Massa. Nota en Infobae.com. <\/strong><!--more--><\/h5>\n<h5 class=\"article-subheadline\">El rearmado del equipo de ministros fue precipitado por la escalada del d\u00f3lar y los precios. Y result\u00f3 un reclamo de los distintos actores del peronismo ante la perspectiva del 2023. Sum\u00f3 destrato a funcionarios y tambi\u00e9n ins\u00f3litos mensajes al exterior, no \u00fanicamente al FMI<\/h5>\n<div class=\"byline\"><\/div>\n<\/div>\n<div class=\"nd-buttons-container\">\n<div class=\"Facebook social-share\"><\/div>\n<div class=\"Sms social-share\">El cambio de Gabinete <b>dej\u00f3 postales desprolijas, maltratos dom\u00e9sticos y hasta ins\u00f3litas se\u00f1ales hacia el exterior, no s\u00f3lo al FMI<\/b>. Tambi\u00e9n, explicaciones\u00a0<b>disparatadas<\/b>\u00a0sobre el supuesto inicio de una etapa con presidencialismo atenuado y virtual instalaci\u00f3n de un primer ministro. En todo caso, se trata de una anomal\u00eda riesgosa: confirma el lugar relegado de Alberto Fern\u00e1ndez<b>, en buena medida una posici\u00f3n autoinfligida<\/b>. Sergio Massa concentra casi todo el manejo del tablero econ\u00f3mico y Cristina Fern\u00e1ndez de Kirchner aprob\u00f3 la movida. Pero el desenlace\u00a0<b>es consecuencia de muy \u00e1speras y variadas presiones frente al abismo de la crisis, que no expresan una reformulaci\u00f3n de alianzas en la interna<\/b>. Corren el foco.<\/div>\n<\/div>\n<\/header>\n<article class=\"article\">\n<div class=\"nd-body-article\">\n<p class=\"paragraph\">Las tres semanas y unos pocos d\u00edas de Silvina Batakis resultaron\u00a0<b>un calvario con la mirada puesta en el d\u00f3lar y la escalada de precios<\/b>, que proyectan un alarmante IPC de julio alrededor de los 8 puntos porcentuales. Y transcurrieron tambi\u00e9n, y por eso mismo, con versiones sobre un \u00fanico punto:\u00a0<b>la reactivaci\u00f3n de la idea abortada en las horas de tensi\u00f3n y de operaciones que siguieron a la renuncia de Mart\u00edn Guzm\u00e1n<\/b>. La carta jugada con Massa\u00a0<b>tal vez sea la \u00faltima<\/b>, seg\u00fan la interpretaci\u00f3n difundida con doble sentido -mezcla de mirada realista y de temor jugado como advertencia para disciplinar frente al posible colapso-,\u00a0<b>pero seguro no es carta blanca<\/b>.<\/p>\n<div class=\"inline ad-wrapper\">\n<div class=\"dfpAd display_inline_block ad_margin_wrapper\">\n<div id=\"infobae\/politica\/nota\/inline\" class=\"infobae\/politica\/nota\/inline arcad\" data-google-query-id=\"CPiV7tTKpfkCFSUhuQYdrecAvw\">\n<div id=\"google_ads_iframe_\/1058609\/infobae\/politica\/nota\/inline_0__container__\"><iframe id=\"google_ads_iframe_\/1058609\/infobae\/politica\/nota\/inline_0\" tabindex=\"0\" title=\"3rd party ad content\" role=\"region\" name=\"google_ads_iframe_\/1058609\/infobae\/politica\/nota\/inline_0\" width=\"1\" height=\"1\" frameborder=\"0\" marginwidth=\"0\" marginheight=\"0\" scrolling=\"no\" aria-label=\"Advertisement\" data-google-container-id=\"4\" data-load-complete=\"true\" data-mce-fragment=\"1\"><\/iframe><\/div>\n<\/div>\n<\/div>\n<\/div>\n<p class=\"paragraph\">Primera expresi\u00f3n de eso \u00faltimo\u00a0<b>es la reacci\u00f3n frente a la etiqueta de \u201csuperministro\u201d colocada a Massa<\/b>, por la concentraci\u00f3n de funciones de Econom\u00eda, Producci\u00f3n y Agricultura.\u00a0<b>No agrada para nada a la ex presidente y su c\u00edrculo<\/b>. Desde ese espacio retacean las definiciones p\u00fablicas, fuera de hacer trascender\u00a0<b>el aval de CFK a la movida -es decir, su capacidad de aprobaci\u00f3n o veto-y de reiterar que no hay lugar para decisiones unipersonales<\/b>. Dicho de otra forma: que debe contar con ese visto bueno.<\/p>\n<p class=\"paragraph\">La reestructuraci\u00f3n del Gabinete trasciende el plano interno. Genera hechos incre\u00edbles y otros por ahora no evaluados. El\u00a0<b>mal trance<\/b>\u00a0provocado a Batakis, cuando embarcaba en Washington luego de haber sido enviada para prometer el compromiso de ajuste,\u00a0<b>quiso ser enmendado con un mensaje de Alberto Fern\u00e1ndez al FMI<\/b>. Fue difundido como una comunicaci\u00f3n directa con Kristalina Georgieva. El Fondo lo desminti\u00f3.\u00a0<b>Tarea complicada la que debe encarar otra vez Jorge Arg\u00fcello, m\u00e1s all\u00e1 de los contactos que cultiva Massa<\/b>.<\/p>\n<p class=\"paragraph\">Otro dato,\u00a0<b>para nada menor<\/b>, expone en conjunto un tr\u00edo de renuncias. Son, por orden cronol\u00f3gico, las de Mart\u00edn Guzm\u00e1n, Gustavo Beliz y Juli\u00e1n Dom\u00ednguez. Los tres eran quiz\u00e1s\u00a0<b>los mejores puentes de Alberto Fern\u00e1ndez con el papa Francisco<\/b>. El Presidente y sus voceros siempre destacaron la relaci\u00f3n con el Papa\u00a0<b>por su valor espec\u00edfico y por la l\u00ednea que tend\u00eda ese v\u00ednculo con Joe Biden y, tambi\u00e9n, con Kristalina Gerogieva<\/b>. El tema no pasa inadvertido para pol\u00edticos experimentados.\u00a0<b>Se ver\u00e1 qu\u00e9 estribaciones tiene<\/b>.<\/p>\n<p class=\"paragraph\">Por lo pronto, el Presidente registra otras preocupaciones. Al menos, seguramente, son evaluadas por\u00a0<b>el c\u00edrculo cada vez m\u00e1s reducido de Olivos<\/b>. La\u00a0<b>dolida<\/b>\u00a0renuncia de Beliz escribi\u00f3 el \u00faltimo cap\u00edtulo. Fue una de las consecuencias.\u00a0<b>Las otras se\u00f1ales potentes hay que buscarlas en el modo en que se precipit\u00f3 la nueva crisis dom\u00e9stica<\/b>. Y all\u00ed se anotan el largo proceso de esmerilamiento motorizado por CFK, el juego propio de Massa, los reclamos de la CGT -de los jefes considerados amigos-, las demandas de movimientos sociales aliados y, como factor interno destacado\u00a0<b>y ya sin intermediarios<\/b>, el planteo de los gobernadores del PJ. A eso\u00a0<b>se sumaron mensajes desde el mundo empresarial<\/b>, con gui\u00f1os a la designaci\u00f3n de Massa.<\/p>\n<p class=\"paragraph\">Por supuesto, el nuevo \u201csuperministro\u201d define en estas horas medidas y designaciones para su llegada al Gabinete. Las mayores expectativas se concentran en el d\u00f3lar y la inflaci\u00f3n,\u00a0<b>pero existen otros interrogantes y tienen que ve con la pol\u00edtica<\/b>. \u00bfSe sumar\u00e1 al repetido intento de construir un enemigo destituyente o \u201cgolpista\u201d, que vuelve a colocar al sector agropecuario en la mira? \u00bfBuscar\u00e1 tender puentes con la oposici\u00f3n? \u00bfAvalar\u00e1 la carga contra la Corte Suprema?<\/p>\n<p class=\"paragraph\">El lunes que viene, apenas antes de que inicie formalmente su gesti\u00f3n en el Ejecutivo,\u00a0<b>comienza una etapa decisiva en la causa Vialidad<\/b>, hoy la mayor preocupaci\u00f3n de CFK en el frente judicial. La ex presidente, procesada por el direccionamiento de la obra p\u00fablica, ha sido especialmente dura en la descalificaci\u00f3n de este caso. Y lo suma a su ofensiva m\u00e1s amplia. Hace apenas diez d\u00edas,\u00a0<b>difundi\u00f3 un texto y un video como \u00faltima entrega contra la Corte<\/b>. Alberto Fern\u00e1ndez\u00a0<b>se sum\u00f3 en la misma l\u00ednea<\/b>. No ser\u00e1 tema estricto de Massa,\u00a0<b>pero es un desaf\u00edo para el discurso que despliegue sobre el marco pol\u00edtico de la crisis<\/b>.<\/p>\n<p class=\"paragraph\">Massa\u00a0<b>tiene planes pol\u00edticos propios y por supuesto no era ajeno a la suerte general del Gobierno:\u00a0<\/b>todas las encuestas, con diferencias de unos pocos puntos, lo anotan con imagen negativa alta. El manejo del \u00e1rea econ\u00f3mica\u00a0<b>le abre el pa\u00f1o para una apuesta fuerte hacia el 2023, si logra contener la econom\u00eda<\/b>. No es el \u00fanico tema: vuelta a la pol\u00edtica.<\/p>\n<p class=\"paragraph\"><b>Esa tambi\u00e9n es una cuesti\u00f3n evidente para CFK<\/b>. El recelo ante la definici\u00f3n de \u201csuperministro\u201d es una muestra. M\u00e1s clara es la definici\u00f3n sobre la necesaria aprobaci\u00f3n del \u201crumbo\u201d econ\u00f3mico, sin muchas precisiones, pero con carga condicionante despu\u00e9s del deterioro causado en continuado al Presidente. De manera efectiva, suena adem\u00e1s la confirmaci\u00f3n del \u00e1rea de Energ\u00eda como territorio kirchnerista. Y una pregunta, final:\u00a0<b>\u00bfpor qu\u00e9 Cristina Kirchner ceder\u00eda ahora a Massa todo el terreno negado a Alberto Fern\u00e1ndez?<\/b>\u00a0El temor al abismo de la crisis es un reflejo potente.\u00a0<b>Se ver\u00e1 c\u00f3mo opera en la relaci\u00f3n con el nuevo ministro<\/b>.<\/p>\n<\/div>\n<div class=\"nd-article-tags\">Nota publicada en Infeobae.com<\/div>\n<\/article>\n","protected":false},"excerpt":{"rendered":"<p>El nuevo gabinete: nace de presiones por la crisis, relega al Presidente y corre el foco de la interna a CFK y Massa. Nota en Infobae.com.<\/p>\n","protected":false},"author":3,"featured_media":17029,"comment_status":"open","ping_status":"open","sticky":false,"template":"","format":"standard","meta":{"footnotes":"","jetpack_publicize_message":"","jetpack_publicize_feature_enabled":true,"jetpack_social_post_already_shared":false,"jetpack_social_options":{"image_generator_settings":{"template":"highway","default_image_id":0,"font":"","enabled":false},"version":2}},"categories":[17],"tags":[714,524,1954],"class_list":["post-17028","post","type-post","status-publish","format-standard","has-post-thumbnail","hentry","category-politica","tag-cambios","tag-gabinete","tag-massa"],"jetpack_publicize_connections":[],"jetpack_featured_media_url":"https:\/\/revistaepocadigital.com.ar\/wp-content\/uploads\/2022\/08\/7CB5ZMELWMANU6FQZUSFVV6CQU.webp","jetpack_likes_enabled":true,"_links":{"self":[{"href":"https:\/\/revistaepocadigital.com.ar\/index.php?rest_route=\/wp\/v2\/posts\/17028","targetHints":{"allow":["GET"]}}],"collection":[{"href":"https:\/\/revistaepocadigital.com.ar\/index.php?rest_route=\/wp\/v2\/posts"}],"about":[{"href":"https:\/\/revistaepocadigital.com.ar\/index.php?rest_route=\/wp\/v2\/types\/post"}],"author":[{"embeddable":true,"href":"https:\/\/revistaepocadigital.com.ar\/index.php?rest_route=\/wp\/v2\/users\/3"}],"replies":[{"embeddable":true,"href":"https:\/\/revistaepocadigital.com.ar\/index.php?rest_route=%2Fwp%2Fv2%2Fcomments&post=17028"}],"version-history":[{"count":0,"href":"https:\/\/revistaepocadigital.com.ar\/index.php?rest_route=\/wp\/v2\/posts\/17028\/revisions"}],"wp:featuredmedia":[{"embeddable":true,"href":"https:\/\/revistaepocadigital.com.ar\/index.php?rest_route=\/wp\/v2\/media\/17029"}],"wp:attachment":[{"href":"https:\/\/revistaepocadigital.com.ar\/index.php?rest_route=%2Fwp%2Fv2%2Fmedia&parent=17028"}],"wp:term":[{"taxonomy":"category","embeddable":true,"href":"https:\/\/revistaepocadigital.com.ar\/index.php?rest_route=%2Fwp%2Fv2%2Fcategories&post=17028"},{"taxonomy":"post_tag","embeddable":true,"href":"https:\/\/revistaepocadigital.com.ar\/index.php?rest_route=%2Fwp%2Fv2%2Ftags&post=17028"}],"curies":[{"name":"wp","href":"https:\/\/api.w.org\/{rel}","templated":true}]}}