{"id":17092,"date":"2022-11-15T09:58:34","date_gmt":"2022-11-15T12:58:34","guid":{"rendered":"https:\/\/revistaepocadigital.com.ar\/?p=17092"},"modified":"2022-11-11T17:19:06","modified_gmt":"2022-11-11T20:19:06","slug":"nota-servicio-fallecimientos","status":"publish","type":"post","link":"https:\/\/revistaepocadigital.com.ar\/?p=17092","title":{"rendered":"Nota servicio. Fallecimientos"},"content":{"rendered":"<p><strong>NOTA SERVICIO.<\/strong><!--more--><\/p>\n<p><strong>FALLECIMIENTOS.<\/strong><\/p>\n<p><!--more--><\/p>\n<p>Cocher\u00eda Guti\u00e9rrez:<\/p>\n<p>QEPD. ORTEGA ESMERALDA, &#8220;POCHA&#8221;<br \/>\n10-11-22<br \/>\nVecina conocida de Capilla del Se\u00f1or<br \/>\nVelatorio de 15 a 17.30 horas<br \/>\nCementerio local<\/p>\n<p>&#8212;&#8212;&#8212;&#8212;&#8212;&#8212;&#8212;&#8212;&#8212;&#8212;&#8212;&#8212;&#8212;&#8212;-<\/p>\n<p>&nbsp;<\/p>\n<p>QEPD. PINO FELIX DANIEL<br \/>\n9-11-22<br \/>\nVelatorio de 20 a 23 horas<br \/>\nSala Los Cardales<br \/>\nCrematorio Campanas de Paz<\/p>\n<p>&#8212;&#8212;&#8212;&#8212;&#8212;&#8212;&#8212;&#8212;&#8212;&#8212;&#8212;&#8212;-<\/p>\n<p>&nbsp;<\/p>\n<p>QEPD- SAUBABER MARIO MIGUEL<br \/>\n7-11-22<br \/>\nVecino de Los Cardales<br \/>\nVelatorio de 19 a 22 horas<br \/>\nSala Los Cardales<br \/>\n8-11-22.\u00a0 10 horas<br \/>\nCementerio local<\/p>\n<p>&#8212;&#8212;&#8212;&#8212;&#8212;&#8212;&#8212;&#8212;&#8212;&#8212;&#8212;<\/p>\n<p>QEPD. CHARRATO ENRIQUE<br \/>\n7-11-22<br \/>\nVecino de Parada Robles<br \/>\nVelatorio de 10 a 13 horas<br \/>\nCementerio local<\/p>\n<p>&#8212;&#8212;&#8212;&#8212;&#8212;&#8212;&#8212;&#8212;&#8212;&#8212;&#8212;<\/p>\n<p>QEPD. RODRIGUEZ BAUZA JORGE<\/p>\n<p>29-10-22<\/p>\n<p>Sin velatorio<\/p>\n<p>Crematorio Campanas de Paz<\/p>\n<p>&#8230;&#8230;&#8230;&#8230;&#8230;&#8230;&#8230;&#8230;&#8230;&#8230;&#8230;&#8230;&#8230;&#8230;&#8230;<\/p>\n<p>QEPD.\u00a0 SARRI MARGARITA BEATRIZ<br \/>\n28-10-22<br \/>\nVelatorio de 22.30 a 00.00 horas<br \/>\ny 29-10 de 8 a 13 horas.<br \/>\nSala Capilla del Se\u00f1or<br \/>\nCementerio local<\/p>\n<p>&#8212;&#8212;&#8212;&#8212;&#8212;&#8212;&#8212;&#8212;&#8212;&#8212;&#8212;&#8212;&#8211;<\/p>\n<p>QEPD.\u00a0 MONZON ALBERTO RAMON<\/p>\n<p>24-10-22<br \/>\nVelatorio de 14 a 16.30 horas.<br \/>\nSala Los Cardales<br \/>\nCrematorio Campanas de Paz.<\/p>\n<p>&#8212;&#8212;&#8212;&#8212;&#8212;&#8212;&#8212;&#8212;&#8212;&#8212;&#8211;<\/p>\n<p>QEPD. DR. GUSTAVO ALEJANDRO SCOTTI<br \/>\n15-10-22<br \/>\nSin velatorio.<br \/>\nCrematorio Campanas de Paz<\/p>\n<p>&#8212;&#8212;&#8212;&#8212;&#8212;&#8212;&#8212;&#8212;&#8212;&#8212;&#8212;<\/p>\n<p>QEPD. SUAREZ ROSA ISABEL<\/p>\n<p>Velatorio 11-10-22 de 9 a 12 horas<br \/>\nSala Los Cardales<br \/>\nCrematorio Campanas de Paz<\/p>\n<p>&#8212;&#8212;&#8212;&#8212;&#8212;&#8212;&#8212;&#8212;&#8212;&#8212;&#8212;&#8211;<\/p>\n<p>QEPD. BRAVO CANEDO BENJAM\u00cdN ENRIQUE<br \/>\nVelatorio 7-10-22 de 13 a 19 horas.<br \/>\nSala Capilla del Se\u00f1or.<br \/>\nCrematorio Campanas de Paz.<\/p>\n<p>&#8212;&#8212;&#8212;&#8212;&#8212;&#8212;&#8212;&#8212;&#8212;&#8212;&#8212;&#8212;<\/p>\n<p>QEPD. NU\u00d1EZ CARLOS ALBERTO.<br \/>\nSin velatorio.<br \/>\nResponso en cementerio local.<br \/>\nel 25-9-2022.<br \/>\n10 horas.<\/p>\n<p>&#8212;&#8212;&#8212;&#8212;&#8212;&#8212;&#8212;&#8212;&#8212;&#8212;&#8212;&#8212;<\/p>\n<p>QEPD. CABA\u00d1AS DE CIUFFO SUSANA BEATRIZ<br \/>\nVelatorio de 10 a 13 horas<br \/>\nSala Capilla del Se\u00f1or<br \/>\nCementerio local<\/p>\n<p>&#8212;&#8212;&#8212;&#8212;&#8212;&#8212;&#8212;&#8212;&#8212;&#8212;&#8212;&#8212;&#8211;<\/p>\n<p>QEPD. PAREDES HORACIO ARMANDO<br \/>\n17-9-2022<br \/>\nSin velatorio<br \/>\nCrematorio Campanas de Paz<\/p>\n<p>&#8212;&#8212;&#8212;&#8212;&#8212;&#8212;&#8212;&#8212;&#8212;&#8212;&#8212;&#8212;&#8212;<\/p>\n<p>QEPD. GRECCO CLARA BEATRIZ<\/p>\n<p>17-9-2022<br \/>\nSin velatorio<br \/>\nCrematorio Campanas de Paz<\/p>\n<p>&#8212;&#8212;&#8212;&#8212;&#8212;&#8212;&#8212;&#8212;&#8212;&#8212;&#8212;&#8212;&#8212;-<\/p>\n<p>QEPD. CH\u00c1VEZ CORINA PETRONA<\/p>\n<p>17-9-2022<\/p>\n<p>Velatorio 17-9-2022<br \/>\n9 a 13 horas<br \/>\nSala Capilla del Se\u00f1or<\/p>\n<p>&#8212;&#8212;&#8212;&#8212;&#8212;&#8212;&#8212;&#8212;&#8212;&#8212;&#8212;&#8212;&#8212;&#8212;<\/p>\n<p>QEPD Gonz\u00e1lez Roberto ( Mingo)<br \/>\n13\/09\/2022<br \/>\nVelatorio de 22 hs a 24 horas en sala de Cardales.<br \/>\nCrematorio Campanas de Paz.<\/p>\n<p>&#8212;&#8212;&#8212;&#8212;&#8212;&#8212;&#8212;&#8212;&#8212;&#8212;&#8212;&#8212;&#8212;&#8212;-<\/p>\n<p>QEPD. RODR\u00cdGUEZ ALOMAR MARGARITA<br \/>\nViuda de Di Yorio<br \/>\nVelatorio 11-9-2022<br \/>\n8 a 12 horas<br \/>\nSala Capilla del Se\u00f1or<br \/>\nCementerio local.<\/p>\n<p>&#8212;&#8212;&#8212;&#8212;&#8212;&#8212;&#8212;&#8212;&#8212;&#8212;&#8212;&#8212;&#8212;&#8212;&#8212;<\/p>\n<p>QEPD. VILLARINO JORGE MANUEL<\/p>\n<p>8-9-2022<br \/>\nVelatorio 9-9-2022 de 9 a 12 horas<br \/>\nCrematorio Campanas de Paz<\/p>\n<p>&#8212;&#8212;&#8212;&#8212;&#8212;&#8212;&#8212;&#8212;&#8212;&#8212;&#8212;&#8212;&#8212;&#8212;&#8212;-<\/p>\n<p>QEPD. PANIAGUA CARMEN PETRONA<br \/>\n05\/09\/2022<br \/>\nSin velatorio<br \/>\nCrematorio Campanas de Paz<\/p>\n<p>&#8212;&#8212;&#8212;&#8212;&#8212;&#8212;&#8212;&#8212;&#8212;&#8212;&#8212;&#8212;&#8212;&#8212;&#8212;&#8211;<\/p>\n<p>QEPD SOSA ZULEMA BEATRIZ<br \/>\n02\/09\/2022<br \/>\nVelatorio de 19 a 21 horas<img loading=\"lazy\" decoding=\"async\" class=\"alignleft size-full wp-image-17578\" src=\"https:\/\/revistaepocadigital.com.ar\/wp-content\/uploads\/2022\/08\/indice-4.jpg\" alt=\"\" width=\"180\" height=\"173\" \/><\/p>\n<p>Sala Capilla del Se\u00f1or<br \/>\nCementerio local. 03\/02\/2022 a las 10 horas.<\/p>\n<p>&nbsp;<\/p>\n<p>&#8212;&#8212;&#8212;&#8212;&#8212;&#8212;&#8212;&#8212;&#8212;&#8212;&#8212;&#8212;&#8212;&#8212;&#8212;&#8212;-<\/p>\n<div dir=\"ltr\">QEPD. DE LEON GABRIEL ALEJANDRO<\/div>\n<div dir=\"ltr\"><\/div>\n<div dir=\"ltr\">El velatorio se realiza en el d\u00eda de la fecha (29\/8)<\/div>\n<div dir=\"ltr\">a partir de las 18 horas hasta el d\u00eda martes 30\/08<\/div>\n<div dir=\"ltr\">a las\u00a0<img loading=\"lazy\" decoding=\"async\" class=\"alignleft size-thumbnail wp-image-17487\" src=\"https:\/\/revistaepocadigital.com.ar\/wp-content\/uploads\/2022\/08\/PHOTO-2022-08-29-14-12-42-1-150x150.jpg\" alt=\"\" width=\"150\" height=\"150\" \/>10:30 horas.<\/div>\n<div dir=\"ltr\">Sala Capilla del Se\u00f1or<\/div>\n<div dir=\"ltr\">Cementerio local<\/div>\n<p>&nbsp;<\/p>\n<p>&nbsp;<\/p>\n<p>&#8212;&#8212;&#8212;&#8212;&#8212;&#8212;&#8212;&#8212;&#8212;&#8212;-<\/p>\n<p>QEPD. ACOSTA NORBERTA<\/p>\n<p>28-8-22<br \/>\nVecina de Los Cardales<br \/>\nSin velatorio<br \/>\n11 horas<br \/>\nResponso Cementerio local.<\/p>\n<p>&#8212;&#8212;&#8212;&#8212;&#8212;&#8212;&#8212;&#8212;-<\/p>\n<p>QEPD. LUNA MIGUEL ANGEL<img loading=\"lazy\" decoding=\"async\" class=\"alignleft size-full wp-image-17443\" src=\"https:\/\/revistaepocadigital.com.ar\/wp-content\/uploads\/2022\/08\/indice-3.jpg\" alt=\"\" width=\"167\" height=\"157\" \/><br \/>\nVelatorio 14:00 a 17:00 horas<br \/>\nSala Capilla del Se\u00f1or<br \/>\nCementerio Local<\/p>\n<p>&nbsp;<\/p>\n<p>&#8212;&#8212;&#8212;&#8212;&#8212;&#8212;&#8212;&#8212;&#8212;&#8212;&#8211;<\/p>\n<p>QEPD SCHARTON H\u00c9CTOR RA\u00daL &#8220;CACO&#8221;<\/p>\n<p>Velatorio 10 a 13 horas<\/p>\n<p>Sala Los Cardales.<\/p>\n<p>Cementerio local.<\/p>\n<p>&#8212;&#8212;&#8212;&#8212;&#8212;&#8212;&#8212;&#8212;&#8212;&#8212;&#8211;<\/p>\n<p>QEPD Coronel Elsa Raquel<br \/>\n23\/08\/2022<img loading=\"lazy\" decoding=\"async\" class=\"alignleft size-full wp-image-17378\" src=\"https:\/\/revistaepocadigital.com.ar\/wp-content\/uploads\/2022\/08\/dra.jpg\" alt=\"\" width=\"213\" height=\"229\" \/><\/p>\n<p>Velatorio de 12 a 14 horas.<br \/>\nSala Capilla del Se\u00f1or.<\/p>\n<p>Luego se realizar\u00e1 un responso en Cementerio privado Campanas Paz<\/p>\n<p>Conocida y muy apreciada vecina, mostr\u00f3 una constante participaci\u00f3n en la comunidad, como por ejemplo, desde la Asociaci\u00f3n Cooperadora del Hospital San Jos\u00e9. Tambi\u00e9n particip\u00f3 en pol\u00edtica desde el partido Defensa Comunal. QEPD<\/p>\n<p>&#8212;&#8212;&#8212;&#8212;&#8212;&#8212;&#8212;&#8212;&#8212;&#8212;&#8211;<\/p>\n<p>QEPD CERVO JUAN ANIBAL<br \/>\n21\/08\/2022<br \/>\nVelatorio de 20 a 23 hs.<br \/>\nSala Los Cardales<br \/>\nCementerio local<\/p>\n<p>&#8212;&#8212;&#8212;&#8212;&#8212;&#8212;&#8212;&#8212;&#8212;&#8212;&#8212;-<\/p>\n<p>QEPD. GAIT\u00c1N PEDRO<br \/>\n19-8-22<br \/>\nVecino de Pav\u00f3n<br \/>\nVelatorio de 19 a 21 horas<\/p>\n<p>&#8212;&#8212;&#8212;&#8212;&#8212;&#8212;&#8212;&#8212;&#8212;&#8211;<\/p>\n<hr \/>\n<p>QEPD. ARTEAGA AMALIA<br \/>\n19-8-22<br \/>\nVelatorio 20-8-22<br \/>\nSala Los Cardales.<br \/>\n9 a 11 horas<br \/>\nCrematorio Campanas de Paz<\/p>\n<p>&#8212;&#8212;&#8212;&#8212;&#8212;&#8212;&#8212;&#8212;&#8212;&#8212;<\/p>\n<p>QEPD. TOLEDO DIEGO<\/p>\n<p>Sala Los Cardales<\/p>\n<p>18-8-22<\/p>\n<p>Velatorio 12 a 14.30 horas<\/p>\n<p>&#8212;&#8212;&#8212;&#8212;&#8212;&#8212;&#8212;&#8212;&#8212;&#8212;&#8212;&#8212;&#8212;&#8211;<\/p>\n<p>QEPD CAJE SILVIA GRACIELA<br \/>\nVecina de Los Cardales<br \/>\nSin velatorio<\/p>\n<p>16-8-22<br \/>\n10.00 hs. Cementerio local<\/p>\n<p>&#8212;&#8212;&#8212;&#8212;&#8212;&#8212;&#8212;&#8212;&#8212;&#8212;&#8212;&#8212;&#8212;&#8212;-<\/p>\n<p>QEPD ALTAMIRANO FRANCISCO OMAR<br \/>\nVecino de Los Cardales<br \/>\nVELATORIO 09\/08\/2022<br \/>\n9:00 a 12:00 hs<br \/>\nSala Capilla del Se\u00f1or<br \/>\nCementerio local<\/p>\n<p>&#8212;&#8212;&#8212;&#8212;&#8212;&#8212;&#8212;&#8212;&#8212;&#8212;&#8212;&#8212;&#8212;&#8212;<\/p>\n<p>Cocher\u00eda Guti\u00e9rrez:<\/p>\n<p>QEPD ARRUA CESAR EUSEBIO<br \/>\nVecino de Los Cardales<br \/>\nSin Velatorio<br \/>\nCrematorio Campanas de Paz<\/p>\n<p>&#8212;&#8212;&#8212;&#8212;&#8212;&#8212;&#8212;&#8212;&#8212;&#8212;&#8212;&#8212;&#8212;&#8212;-<\/p>\n<p>QEPD \/ Castillo Luis Alberto<\/p>\n<p>3-8-22<br \/>\nVelatorio\u00a0 4-8-22<br \/>\n10 a 12 horas<br \/>\nSala Capilla del Se\u00f1or<br \/>\nCementerio local<\/p>\n","protected":false},"excerpt":{"rendered":"<p>NOTA SERVICIO.<\/p>\n","protected":false},"author":3,"featured_media":17259,"comment_status":"open","ping_status":"open","sticky":false,"template":"","format":"standard","meta":{"footnotes":"","jetpack_publicize_message":"","jetpack_publicize_feature_enabled":true,"jetpack_social_post_already_shared":false,"jetpack_social_options":{"image_generator_settings":{"template":"highway","default_image_id":0,"font":"","enabled":false},"version":2}},"categories":[14],"tags":[2091],"class_list":["post-17092","post","type-post","status-publish","format-standard","has-post-thumbnail","hentry","category-la-gente","tag-fallecimientos"],"jetpack_publicize_connections":[],"jetpack_featured_media_url":"https:\/\/revistaepocadigital.com.ar\/wp-content\/uploads\/2022\/08\/gutierrez-logo.jpg1_.jpg","jetpack_likes_enabled":true,"_links":{"self":[{"href":"https:\/\/revistaepocadigital.com.ar\/index.php?rest_route=\/wp\/v2\/posts\/17092","targetHints":{"allow":["GET"]}}],"collection":[{"href":"https:\/\/revistaepocadigital.com.ar\/index.php?rest_route=\/wp\/v2\/posts"}],"about":[{"href":"https:\/\/revistaepocadigital.com.ar\/index.php?rest_route=\/wp\/v2\/types\/post"}],"author":[{"embeddable":true,"href":"https:\/\/revistaepocadigital.com.ar\/index.php?rest_route=\/wp\/v2\/users\/3"}],"replies":[{"embeddable":true,"href":"https:\/\/revistaepocadigital.com.ar\/index.php?rest_route=%2Fwp%2Fv2%2Fcomments&post=17092"}],"version-history":[{"count":0,"href":"https:\/\/revistaepocadigital.com.ar\/index.php?rest_route=\/wp\/v2\/posts\/17092\/revisions"}],"wp:featuredmedia":[{"embeddable":true,"href":"https:\/\/revistaepocadigital.com.ar\/index.php?rest_route=\/wp\/v2\/media\/17259"}],"wp:attachment":[{"href":"https:\/\/revistaepocadigital.com.ar\/index.php?rest_route=%2Fwp%2Fv2%2Fmedia&parent=17092"}],"wp:term":[{"taxonomy":"category","embeddable":true,"href":"https:\/\/revistaepocadigital.com.ar\/index.php?rest_route=%2Fwp%2Fv2%2Fcategories&post=17092"},{"taxonomy":"post_tag","embeddable":true,"href":"https:\/\/revistaepocadigital.com.ar\/index.php?rest_route=%2Fwp%2Fv2%2Ftags&post=17092"}],"curies":[{"name":"wp","href":"https:\/\/api.w.org\/{rel}","templated":true}]}}