{"id":17095,"date":"2022-08-04T08:43:32","date_gmt":"2022-08-04T11:43:32","guid":{"rendered":"https:\/\/revistaepocadigital.com.ar\/?p=17095"},"modified":"2022-08-04T08:44:50","modified_gmt":"2022-08-04T11:44:50","slug":"que-doblete-de-premios-de-la-cotidiana-en-la-rural-en-palermo","status":"publish","type":"post","link":"https:\/\/revistaepocadigital.com.ar\/?p=17095","title":{"rendered":"\u00a1QUE DOBLETE DE PREMIOS! DE LA COTIDIANA EN LA RURAL EN PALERMO"},"content":{"rendered":"<div class=\"\" dir=\"auto\">\n<div id=\"jsc_c_13p\" class=\"ecm0bbzt hv4rvrfc ihqw7lf3 dati1w0a\" data-ad-comet-preview=\"message\" data-ad-preview=\"message\">\n<div class=\"j83agx80 cbu4d94t ew0dbk1b irj2b8pg\">\n<div class=\"qzhwtbm6 knvmm38d\">\n<div class=\"kvgmc6g5 cxmmr5t8 oygrvhab hcukyx3x c1et5uql ii04i59q\">\n<div dir=\"auto\"><strong>\u00a1DE CHENAUT, EXALTACI\u00d3N DE LA CRUZ, SALIERON LOS CAMPEONES!<!--more--><\/strong><\/div>\n<div dir=\"auto\"><\/div>\n<div dir=\"auto\">Codiciado y alcanzado fue el de la Caba\u00f1a La Cotidiana Limousin al alzarse con los premios Gran Campe\u00f3n Macho y Gran Campe\u00f3n Hembra, de la raza Limousin, en la tradicional Exposici\u00f3n Rural en Palermo 2022.<\/div>\n<div dir=\"auto\"><\/div>\n<div dir=\"auto\"><strong>Juan Pablo Lattanti,<\/strong> segunda generaci\u00f3n al frente de<strong> La Cotidiana<\/strong>, establecimiento agropecuario que se ubica en <strong>Chenaut,<\/strong> se mostr\u00f3 muy entusiasmado por el logro y agradeci\u00f3 a la Asociaci\u00f3n Argentina de Criadores de Limousin por \u201c<em>haber logrado el aumento de los registros de los toros puros controlados, la marcaci\u00f3n, que denota la demanda de la raza\u201d.<\/em><\/div>\n<div dir=\"auto\"><\/div>\n<div dir=\"auto\">El Gran Campe\u00f3n Macho ya se hab\u00eda hecho de este galard\u00f3n en la Rural de 2019, adem\u00e1s de haber sido elegido Mejor Toro del Mundo en el certamen global de la raza, los \u00faltimos dos a\u00f1os.Vale citar que se trata de Nicanor, que tambi\u00e9n fue noticia por haber sido el primero en arribar a esta edici\u00f3n.<\/div>\n<\/div>\n<\/div>\n<\/div>\n<\/div>\n<div dir=\"auto\"><\/div>\n<div id=\"jsc_c_13p\" class=\"ecm0bbzt hv4rvrfc ihqw7lf3 dati1w0a\" data-ad-comet-preview=\"message\" data-ad-preview=\"message\">\n<div class=\"j83agx80 cbu4d94t ew0dbk1b irj2b8pg\">\n<div class=\"qzhwtbm6 knvmm38d\">\n<div class=\"kvgmc6g5 cxmmr5t8 oygrvhab hcukyx3x c1et5uql ii04i59q\">\n<div dir=\"auto\"><\/div>\n<div dir=\"auto\"><img loading=\"lazy\" decoding=\"async\" class=\"alignleft size-full wp-image-17099\" src=\"https:\/\/revistaepocadigital.com.ar\/wp-content\/uploads\/2022\/08\/ex1.jpg\" alt=\"\" width=\"720\" height=\"486\" srcset=\"https:\/\/revistaepocadigital.com.ar\/wp-content\/uploads\/2022\/08\/ex1.jpg 720w, https:\/\/revistaepocadigital.com.ar\/wp-content\/uploads\/2022\/08\/ex1-300x203.jpg 300w, https:\/\/revistaepocadigital.com.ar\/wp-content\/uploads\/2022\/08\/ex1-696x470.jpg 696w, https:\/\/revistaepocadigital.com.ar\/wp-content\/uploads\/2022\/08\/ex1-622x420.jpg 622w\" sizes=\"auto, (max-width: 720px) 100vw, 720px\" \/><\/div>\n<div dir=\"auto\">La Hembra es una vaca joven, por primera vez participa en la muestra, est\u00e1 pre\u00f1ada y va a parir en agosto. El jurado la destac\u00f3 por su desplazamiento y \u201c<em>una muy buena aptitud materna, especialmente por la ubre y la ubicaci\u00f3n de los pezones. Es muy femenina\u201d<\/em>, agreg\u00f3 Lattanti.<\/div>\n<div dir=\"auto\"><\/div>\n<div dir=\"auto\">Tras obtener estos t\u00edtulos en Palermo, ambos animales obtuvieron el pasaporte para competir por el campeonato sudamericano de Limousin, en diciembre.\u00a0Adem\u00e1s, con otras hembras expuestas obtuvieron Campe\u00f3n Vaca, Reservado Campe\u00f3n Ternera, y Campe\u00f3n Vaca Joven (que result\u00f3 Gran Campeona).<\/div>\n<div dir=\"auto\"><\/div>\n<div dir=\"auto\">\u201c<em>Estamos orgullosos porque venimos haciendo las cosas bien\u201d<\/em>, destac\u00f3 Lattanti, refiri\u00e9ndose al trabajo en la Caba\u00f1a. Su padre decidi\u00f3 trabajar con Limousin<em> \u201cporque buscaba un animal noble, buen productor de carne, con rendimiento al gancho y que sea magra. Vio el futuro en el Limousin, y ac\u00e1 estamos\u2026\u201d.<\/em><\/div>\n<div dir=\"auto\"><\/div>\n<div dir=\"auto\">Trabajan con gen\u00e9tica propia. Juan Pablo est\u00e1 siempre en el campo al igual que el encargado, adem\u00e1s se suma un veterinario y otros asesores. La reproducci\u00f3n es tanto por monta natural como por inseminaci\u00f3n. <em>\u201cEl objetivo de la empresa es comercializar y expandir la raza\u201d<\/em>, remarc\u00f3, agregando que \u201c<em>hay buena demanda mundial del semen de Nicanor para seguir la l\u00ednea de calidad de la raza\u201d.<\/em><\/div>\n<\/div>\n<\/div>\n<\/div>\n<\/div>\n<\/div>\n<p>&nbsp;<\/p>\n<div class=\"cwj9ozl2 qbxu24ho bxzzcbxg lxuwth05 h2mp5456 ue3kfks5 pw54ja7n uo3d90p7 l82x9zwi goun2846 ccm00jje s44p3ltw mk2mc5f4 frvqaej8 ed0hlay0 afxsp9o4 jcgfde61 tvfksri0 ozuftl9m\">\n<div class=\"\">\n<div class=\"hqeojc4l\">\n<div class=\"l9j0dhe7 jxk88fls rops0bsn n851cfcs\">\n<div class=\"l9j0dhe7\">\n<div>\n<div class=\"l9j0dhe7\">\n<div class=\"l9j0dhe7\">\n<div class=\"ni8dbmo4 stjgntxs pmk7jnqg\"><\/div>\n<\/div>\n<\/div>\n<\/div>\n<\/div>\n<\/div>\n<\/div>\n<\/div>\n<\/div>\n","protected":false},"excerpt":{"rendered":"<p>\u00a1DE CHENAUT, EXALTACI\u00d3N DE LA CRUZ, SALIERON LOS CAMPEONES!<\/p>\n","protected":false},"author":3,"featured_media":17098,"comment_status":"open","ping_status":"open","sticky":false,"template":"","format":"standard","meta":{"footnotes":"","jetpack_publicize_message":"","jetpack_publicize_feature_enabled":true,"jetpack_social_post_already_shared":false,"jetpack_social_options":{"image_generator_settings":{"template":"highway","default_image_id":0,"font":"","enabled":false},"version":2}},"categories":[13],"tags":[1965,1966],"class_list":["post-17095","post","type-post","status-publish","format-standard","has-post-thumbnail","hentry","category-interes-general","tag-expo-rural-2022","tag-la-cotidiana"],"jetpack_publicize_connections":[],"jetpack_featured_media_url":"https:\/\/revistaepocadigital.com.ar\/wp-content\/uploads\/2022\/08\/ex.jpg","jetpack_likes_enabled":true,"_links":{"self":[{"href":"https:\/\/revistaepocadigital.com.ar\/index.php?rest_route=\/wp\/v2\/posts\/17095","targetHints":{"allow":["GET"]}}],"collection":[{"href":"https:\/\/revistaepocadigital.com.ar\/index.php?rest_route=\/wp\/v2\/posts"}],"about":[{"href":"https:\/\/revistaepocadigital.com.ar\/index.php?rest_route=\/wp\/v2\/types\/post"}],"author":[{"embeddable":true,"href":"https:\/\/revistaepocadigital.com.ar\/index.php?rest_route=\/wp\/v2\/users\/3"}],"replies":[{"embeddable":true,"href":"https:\/\/revistaepocadigital.com.ar\/index.php?rest_route=%2Fwp%2Fv2%2Fcomments&post=17095"}],"version-history":[{"count":0,"href":"https:\/\/revistaepocadigital.com.ar\/index.php?rest_route=\/wp\/v2\/posts\/17095\/revisions"}],"wp:featuredmedia":[{"embeddable":true,"href":"https:\/\/revistaepocadigital.com.ar\/index.php?rest_route=\/wp\/v2\/media\/17098"}],"wp:attachment":[{"href":"https:\/\/revistaepocadigital.com.ar\/index.php?rest_route=%2Fwp%2Fv2%2Fmedia&parent=17095"}],"wp:term":[{"taxonomy":"category","embeddable":true,"href":"https:\/\/revistaepocadigital.com.ar\/index.php?rest_route=%2Fwp%2Fv2%2Fcategories&post=17095"},{"taxonomy":"post_tag","embeddable":true,"href":"https:\/\/revistaepocadigital.com.ar\/index.php?rest_route=%2Fwp%2Fv2%2Ftags&post=17095"}],"curies":[{"name":"wp","href":"https:\/\/api.w.org\/{rel}","templated":true}]}}