{"id":171,"date":"2018-10-24T21:55:43","date_gmt":"2018-10-24T21:55:43","guid":{"rendered":"https:\/\/revistaepocadigital.com.ar\/?p=171"},"modified":"2018-10-24T21:55:43","modified_gmt":"2018-10-24T21:55:43","slug":"avanzan-los-temas-productivos-en-el-marco-del-copret","status":"publish","type":"post","link":"https:\/\/revistaepocadigital.com.ar\/?p=171","title":{"rendered":"Avanzan los temas productivos en el marco del COPRET"},"content":{"rendered":"<p>El martes 16 del corriente se realiz\u00f3 el segundo encuentro de trabajo para coordinar l\u00edneas de acciones que fortalezcan al sector educativo y de trabajo local.<br \/>\nLa convocatoria realizada nuevamente por el Consejo Provincial de Educaci\u00f3n y Trabajo a trav\u00e9s de su secretario coordinador Benjam\u00edn Vittori, cont\u00f3 con la presencia de representantes de las \u00e1reas de educaci\u00f3n, trabajo y agroindustria del distrito.<br \/>\nEn esta oportunidad, los directivos del Centro de Formaci\u00f3n Profesional N\u00b0 402 presentaron la nueva curr\u00edcula para el ciclo lectivo 2019. D\u00f3nde se le dara lugar a talleres y oficios con una mayor inclinaci\u00f3n productiva, buscando gradualmente el equilibrio entre la prestaci\u00f3n de servicios y la conformaci\u00f3n de cuadros t\u00e9cnicos que se sumen al desarrollo productivo local.<br \/>\nAdem\u00e1s, se dej\u00f3 abierta la posibilidad de dictar cursos extracurriculares con el acompa\u00f1amiento del sector industrial.<br \/>\nPor su parte, la Sociedad Rural se comprometi\u00f3 a hacer lo mismo, pero orientado a la actividad agropecuaria d\u00f3nde tiene un importante d\u00e9ficit de recurso humano calificado.<br \/>\nLas autoridades del CFP N\u00b0 402 tomaron nota y propusieron trabajar en conjunto con la Sociedad Rural y el CEPT N\u00b0 32 para lograr romper ese d\u00e9ficit.<br \/>\nEn otro tramo del encuentro, se plante\u00f3 la necesidad, cada vez m\u00e1s manifiesta, de incorporar personas con capacidades diferentes a trabajar para las terminales productivas del distrito. Situaci\u00f3n que ya g\u00e9nero el compromiso de varios industriales.<br \/>\nEn este sentido, Jefatura Distrital de Educaci\u00f3n y el CFP N\u00b0 402 contemplaron la posibilidad de abrir algunos cursos de oficios para personas con capacidades diferentes durante el 2019.<br \/>\nPor otro lado, se prev\u00e9 fortalecer el programa de pr\u00e1cticas profesionalizantes y pasant\u00edas dando lugar al ejercicio pr\u00e1ctico a aquellos j\u00f3venes que comienzan a vivenciar sus primeras experiencias laborales. Aqu\u00ed se los comprometi\u00f3 a la Sociedad Rural y al CEPT N\u00b0 32 a trabajar en conjunto para materializar est\u00e1 experiencia. Algo que ya viene ocurriendo en el sector industrial y proyecta continuar.<br \/>\nAsisti\u00f3 al encuentro la intendente interina Mar\u00eda Luz Bozzani.<br \/>\nPor el lado de educaci\u00f3n estuvieron presentes la jefe Distrital de Educaci\u00f3n de Exaltaci\u00f3n de la Cruz Karina Robles, el secretario Regional del COPRET Adri\u00e1n Luna, la inspectora de DIEGEP Nancy Niczyporuk, el director de EEST N\u00b0 1 Marcelo Oubel, el delegado de SUETRA Gabriel Musochi, el director del CFP N\u00b0 402 Fabi\u00e1n Roche, la regente del CFP N\u00b0 402 Marcela Parise, la secretaria del CFP N\u00b0 402 Martiarena B., el director del CEPT N\u00b0 32 Sergio Megido, la coordinadora del CEPT N\u00b0 32 Patricia Velloso, la inspectora de IE Educaci\u00f3n Especial Patricia Terranova.<br \/>\nFinalmente como referentes productivos estuvieron Fernando Salerni del Gruppo Campari S.A., Ignacio Bolzoni de AluBel S.R.L, Pablo Gutman de Monitor Art\u00edstica S.R.L, Enrique Soto de Coop. La Agroapicola y \u00d3scar Diez de la Sociedad Rural.<\/p>\n","protected":false},"excerpt":{"rendered":"<p>El martes 16 del corriente se realiz\u00f3 el segundo encuentro de trabajo para coordinar l\u00edneas de acciones que fortalezcan al sector educativo y de trabajo local. La convocatoria realizada nuevamente por el Consejo Provincial de Educaci\u00f3n y Trabajo a trav\u00e9s de su secretario coordinador Benjam\u00edn Vittori, cont\u00f3 con la presencia de representantes de las \u00e1reas [&hellip;]<\/p>\n","protected":false},"author":3,"featured_media":172,"comment_status":"open","ping_status":"open","sticky":false,"template":"","format":"standard","meta":{"footnotes":"","jetpack_publicize_message":"","jetpack_publicize_feature_enabled":true,"jetpack_social_post_already_shared":false,"jetpack_social_options":{"image_generator_settings":{"template":"highway","default_image_id":0,"font":"","enabled":false},"version":2}},"categories":[16],"tags":[30],"class_list":["post-171","post","type-post","status-publish","format-standard","has-post-thumbnail","hentry","category-municipales","tag-copret"],"jetpack_publicize_connections":[],"jetpack_featured_media_url":"https:\/\/revistaepocadigital.com.ar\/wp-content\/uploads\/2018\/10\/copret2-1.jpg","jetpack_likes_enabled":true,"_links":{"self":[{"href":"https:\/\/revistaepocadigital.com.ar\/index.php?rest_route=\/wp\/v2\/posts\/171","targetHints":{"allow":["GET"]}}],"collection":[{"href":"https:\/\/revistaepocadigital.com.ar\/index.php?rest_route=\/wp\/v2\/posts"}],"about":[{"href":"https:\/\/revistaepocadigital.com.ar\/index.php?rest_route=\/wp\/v2\/types\/post"}],"author":[{"embeddable":true,"href":"https:\/\/revistaepocadigital.com.ar\/index.php?rest_route=\/wp\/v2\/users\/3"}],"replies":[{"embeddable":true,"href":"https:\/\/revistaepocadigital.com.ar\/index.php?rest_route=%2Fwp%2Fv2%2Fcomments&post=171"}],"version-history":[{"count":0,"href":"https:\/\/revistaepocadigital.com.ar\/index.php?rest_route=\/wp\/v2\/posts\/171\/revisions"}],"wp:featuredmedia":[{"embeddable":true,"href":"https:\/\/revistaepocadigital.com.ar\/index.php?rest_route=\/wp\/v2\/media\/172"}],"wp:attachment":[{"href":"https:\/\/revistaepocadigital.com.ar\/index.php?rest_route=%2Fwp%2Fv2%2Fmedia&parent=171"}],"wp:term":[{"taxonomy":"category","embeddable":true,"href":"https:\/\/revistaepocadigital.com.ar\/index.php?rest_route=%2Fwp%2Fv2%2Fcategories&post=171"},{"taxonomy":"post_tag","embeddable":true,"href":"https:\/\/revistaepocadigital.com.ar\/index.php?rest_route=%2Fwp%2Fv2%2Ftags&post=171"}],"curies":[{"name":"wp","href":"https:\/\/api.w.org\/{rel}","templated":true}]}}