{"id":17105,"date":"2022-08-05T11:35:27","date_gmt":"2022-08-05T14:35:27","guid":{"rendered":"https:\/\/revistaepocadigital.com.ar\/?p=17105"},"modified":"2022-08-09T00:43:24","modified_gmt":"2022-08-09T03:43:24","slug":"corte-de-luz-en-capilla-del-senor-el-domingo-7-de-agosto","status":"publish","type":"post","link":"https:\/\/revistaepocadigital.com.ar\/?p=17105","title":{"rendered":"Corte de luz en Chacras de la Cruz,  martes 9 de agosto"},"content":{"rendered":"<div dir=\"ltr\"><strong>POR\u00a0 TRABAJOS.<\/strong><\/div>\n<p><!--more--><\/p>\n<div dir=\"ltr\"><img loading=\"lazy\" decoding=\"async\" class=\"alignleft size-full wp-image-17198\" src=\"https:\/\/revistaepocadigital.com.ar\/wp-content\/uploads\/2022\/08\/chacra-d-la-cruz.jpg\" alt=\"\" width=\"260\" height=\"194\" srcset=\"https:\/\/revistaepocadigital.com.ar\/wp-content\/uploads\/2022\/08\/chacra-d-la-cruz.jpg 260w, https:\/\/revistaepocadigital.com.ar\/wp-content\/uploads\/2022\/08\/chacra-d-la-cruz-80x60.jpg 80w, https:\/\/revistaepocadigital.com.ar\/wp-content\/uploads\/2022\/08\/chacra-d-la-cruz-160x120.jpg 160w\" sizes=\"auto, (max-width: 260px) 100vw, 260px\" \/><\/div>\n<div dir=\"ltr\"><\/div>\n<div dir=\"ltr\">\n<p dir=\"ltr\">EDEN realiza obras, por eso inform\u00f3 que\u00a0realizar\u00e1 la colocaci\u00f3n de una columna, con el objetivo de atender a nuevas demandas.<\/p>\n<p>&nbsp;<\/p>\n<p dir=\"ltr\">Para poder realizar estas mejoras y como medida de seguridad, es necesario interrumpir el servicio de 280 usuarios mientras se trabaja en la red el\u00e9ctrica.<\/p>\n<p>&nbsp;<\/p>\n<p dir=\"ltr\">Los trabajos se realizar\u00e1n:<\/p>\n<p>&nbsp;<\/p>\n<ul>\n<li dir=\"ltr\">\n<p dir=\"ltr\"><strong>el d\u00eda martes 9 de agosto;<\/strong><\/p>\n<\/li>\n<li dir=\"ltr\">\n<p dir=\"ltr\"><strong>de 9 a 14 hs.;<\/strong><\/p>\n<\/li>\n<li dir=\"ltr\">\n<p dir=\"ltr\"><strong>en Ruta Provincial 193, Chacras de la Cruz, camino a Campana.<\/strong><\/p>\n<\/li>\n<\/ul>\n<p>&nbsp;<\/p>\n<p dir=\"ltr\">En caso de presentarse condiciones clim\u00e1ticas adversas, las actividades ser\u00e1n reprogramadas.<\/p>\n<\/div>\n<div dir=\"ltr\" style=\"text-align: center;\"><strong>&#8212;&#8212;&#8212;&#8212;&#8212;&#8212;&#8212;&#8212;&#8212;&#8212;&#8212;<\/strong><\/div>\n<div dir=\"ltr\"><\/div>\n<div dir=\"ltr\"><\/div>\n<div dir=\"ltr\"><strong>Anuncio de corte de energ\u00eda para mejora de servicio. Potencia pasar\u00e1 de 10 MW a 20 MW.<\/strong><\/div>\n<p><!--more--><\/p>\n<div dir=\"ltr\"><\/div>\n<div dir=\"ltr\">Eden inform\u00f3 que este domingo 7 de agosto, habr\u00e1 un corte programado de energ\u00eda que afectar\u00e1 a Capilla del Se\u00f1or.<\/div>\n<div dir=\"ltr\"><\/div>\n<div dir=\"ltr\">Se realizar\u00e1 de 07:30 a 12:00 hhoras, y se debe al inicio de la obra de repotenciaci\u00f3n de la Estaci\u00f3n Transformadora Capilla, en donde se duplicar\u00e1 la potencia disponible, que pasar\u00e1 de los actuales 10 MW de potencia a 20 MW.<\/div>\n<div dir=\"ltr\"><\/div>\n<div dir=\"ltr\">\n<p dir=\"ltr\">Esta duplicaci\u00f3n de la potencia disponible, que beneficiar\u00e1 a los usuarios residenciales e industriales de la ciudad, comportar\u00e1 la necesidad de trabajar sin tensi\u00f3n. Por este motivo, entre las 7.30 y las 12 horas, habr\u00e1 un corte total de suministro.<\/p>\n<p dir=\"ltr\">V\u00edctor Ciaponi, Gerente Regional, coment\u00f3: <em>\u201cEstamos muy orgullosos de poder concretar esta obra que dar\u00e1 a Capilla del Se\u00f1or la posibilidad de seguir creciendo con nueva fuerza adem\u00e1s de mejorar la calidad del servicio&#8221;<\/em><\/p>\n<\/div>\n<div dir=\"ltr\"><\/div>\n","protected":false},"excerpt":{"rendered":"<p>POR\u00a0 TRABAJOS.<\/p>\n","protected":false},"author":3,"featured_media":17106,"comment_status":"open","ping_status":"open","sticky":false,"template":"","format":"standard","meta":{"footnotes":"","jetpack_publicize_message":"","jetpack_publicize_feature_enabled":true,"jetpack_social_post_already_shared":false,"jetpack_social_options":{"image_generator_settings":{"template":"highway","default_image_id":0,"font":"","enabled":false},"version":2}},"categories":[14],"tags":[1795,39],"class_list":["post-17105","post","type-post","status-publish","format-standard","has-post-thumbnail","hentry","category-la-gente","tag-corte-luz","tag-eden"],"jetpack_publicize_connections":[],"jetpack_featured_media_url":"https:\/\/revistaepocadigital.com.ar\/wp-content\/uploads\/2022\/08\/EDEN_Banners-para-la-web_Cortes-programados-scaled-1.jpg","jetpack_likes_enabled":true,"_links":{"self":[{"href":"https:\/\/revistaepocadigital.com.ar\/index.php?rest_route=\/wp\/v2\/posts\/17105","targetHints":{"allow":["GET"]}}],"collection":[{"href":"https:\/\/revistaepocadigital.com.ar\/index.php?rest_route=\/wp\/v2\/posts"}],"about":[{"href":"https:\/\/revistaepocadigital.com.ar\/index.php?rest_route=\/wp\/v2\/types\/post"}],"author":[{"embeddable":true,"href":"https:\/\/revistaepocadigital.com.ar\/index.php?rest_route=\/wp\/v2\/users\/3"}],"replies":[{"embeddable":true,"href":"https:\/\/revistaepocadigital.com.ar\/index.php?rest_route=%2Fwp%2Fv2%2Fcomments&post=17105"}],"version-history":[{"count":0,"href":"https:\/\/revistaepocadigital.com.ar\/index.php?rest_route=\/wp\/v2\/posts\/17105\/revisions"}],"wp:featuredmedia":[{"embeddable":true,"href":"https:\/\/revistaepocadigital.com.ar\/index.php?rest_route=\/wp\/v2\/media\/17106"}],"wp:attachment":[{"href":"https:\/\/revistaepocadigital.com.ar\/index.php?rest_route=%2Fwp%2Fv2%2Fmedia&parent=17105"}],"wp:term":[{"taxonomy":"category","embeddable":true,"href":"https:\/\/revistaepocadigital.com.ar\/index.php?rest_route=%2Fwp%2Fv2%2Fcategories&post=17105"},{"taxonomy":"post_tag","embeddable":true,"href":"https:\/\/revistaepocadigital.com.ar\/index.php?rest_route=%2Fwp%2Fv2%2Ftags&post=17105"}],"curies":[{"name":"wp","href":"https:\/\/api.w.org\/{rel}","templated":true}]}}