{"id":17108,"date":"2022-08-08T09:22:06","date_gmt":"2022-08-08T12:22:06","guid":{"rendered":"https:\/\/revistaepocadigital.com.ar\/?p=17108"},"modified":"2022-08-08T23:22:32","modified_gmt":"2022-08-09T02:22:32","slug":"el-robo-por-tv","status":"publish","type":"post","link":"https:\/\/revistaepocadigital.com.ar\/?p=17108","title":{"rendered":"El robo por TV"},"content":{"rendered":"<p><strong>EPISODIO MUY GRAVE.<\/strong><!--more--><\/p>\n<p>Merced a la c\u00e1mara de seguridad, luego las im\u00e1genes difundidas en redes sociales, se conoci\u00f3 el robo violento perpetrado un comercio ubicados en Capilla del Se\u00f1or.<\/p>\n<p>Las im\u00e1genes que suelen ser, lamentablemente, muy habituales en canales y programas de noticias, esta vez se vieron en Capilla del Se\u00f1or con la gravedad y preocupaci\u00f3n seria que ha implicado.<\/p>\n<p>Al plena luz del d\u00eda un hombre ingreso a la verduler\u00eda y amenaz\u00f3 y forceje\u00f3 con la indefensa propietaria, llev\u00e1ndose dinero de la caja. EPOCA escuch\u00f3 decir de boca de un funcionario municipal, que se trat\u00f3 de un &#8220;robo al voleo&#8221; y que el asaltante (actu\u00f3 a cara descubierta), estaba siendo buscado.<\/p>\n<p>Lo que los exaltacrucense quieren encontrar, por si fuera poco, es la tranquilidad y seguridad merecida largamente.<\/p>\n<p>&nbsp;<\/p>\n<p>&nbsp;<\/p>\n<blockquote class=\"twitter-tweet\" data-width=\"550\" data-dnt=\"true\">\n<p lang=\"es\" dir=\"ltr\">\ud83d\udea8 Capilla del Se\u00f1or: as\u00ed lastim\u00f3 a la due\u00f1a de una verduler\u00eda para robarle<\/p>\n<p>\ud83d\udde3\ufe0f <a href=\"https:\/\/twitter.com\/lajeantonio?ref_src=twsrc%5Etfw\">@lajeantonio<\/a> &amp; <a href=\"https:\/\/twitter.com\/SalernoCarlos?ref_src=twsrc%5Etfw\">@SalernoCarlos<\/a> <br \/>\ud83d\udc49 Segu\u00ed en <a href=\"https:\/\/twitter.com\/BDAprograma?ref_src=twsrc%5Etfw\">@BDAprograma<\/a> <br \/>\u27a1\ufe0f<a href=\"https:\/\/t.co\/3gt6dzr3tG\">https:\/\/t.co\/3gt6dzr3tG<\/a> <a href=\"https:\/\/t.co\/0fPLV4s0fV\">pic.twitter.com\/0fPLV4s0fV<\/a><\/p>\n<p>&mdash; A24.com (@A24COM) <a href=\"https:\/\/twitter.com\/A24COM\/status\/1555171833917448193?ref_src=twsrc%5Etfw\">August 4, 2022<\/a><\/p><\/blockquote>\n<p><script async src=\"https:\/\/platform.twitter.com\/widgets.js\" charset=\"utf-8\"><\/script><\/p>\n<p>&nbsp;<\/p>\n<p>&nbsp;<\/p>\n<p>&nbsp;<\/p>\n<p>&nbsp;<\/p>\n<p>&nbsp;<\/p>\n<p>&nbsp;<\/p>\n<p>&nbsp;<\/p>\n","protected":false},"excerpt":{"rendered":"<p>EPISODIO MUY GRAVE.<\/p>\n","protected":false},"author":3,"featured_media":17177,"comment_status":"open","ping_status":"open","sticky":false,"template":"","format":"standard","meta":{"footnotes":"","jetpack_publicize_message":"","jetpack_publicize_feature_enabled":true,"jetpack_social_post_already_shared":false,"jetpack_social_options":{"image_generator_settings":{"template":"highway","default_image_id":0,"font":"","enabled":false},"version":2}},"categories":[13],"tags":[881],"class_list":["post-17108","post","type-post","status-publish","format-standard","has-post-thumbnail","hentry","category-interes-general","tag-robo"],"jetpack_publicize_connections":[],"jetpack_featured_media_url":"https:\/\/revistaepocadigital.com.ar\/wp-content\/uploads\/2022\/08\/camera-on-the-wall.jpg","jetpack_likes_enabled":true,"_links":{"self":[{"href":"https:\/\/revistaepocadigital.com.ar\/index.php?rest_route=\/wp\/v2\/posts\/17108","targetHints":{"allow":["GET"]}}],"collection":[{"href":"https:\/\/revistaepocadigital.com.ar\/index.php?rest_route=\/wp\/v2\/posts"}],"about":[{"href":"https:\/\/revistaepocadigital.com.ar\/index.php?rest_route=\/wp\/v2\/types\/post"}],"author":[{"embeddable":true,"href":"https:\/\/revistaepocadigital.com.ar\/index.php?rest_route=\/wp\/v2\/users\/3"}],"replies":[{"embeddable":true,"href":"https:\/\/revistaepocadigital.com.ar\/index.php?rest_route=%2Fwp%2Fv2%2Fcomments&post=17108"}],"version-history":[{"count":0,"href":"https:\/\/revistaepocadigital.com.ar\/index.php?rest_route=\/wp\/v2\/posts\/17108\/revisions"}],"wp:featuredmedia":[{"embeddable":true,"href":"https:\/\/revistaepocadigital.com.ar\/index.php?rest_route=\/wp\/v2\/media\/17177"}],"wp:attachment":[{"href":"https:\/\/revistaepocadigital.com.ar\/index.php?rest_route=%2Fwp%2Fv2%2Fmedia&parent=17108"}],"wp:term":[{"taxonomy":"category","embeddable":true,"href":"https:\/\/revistaepocadigital.com.ar\/index.php?rest_route=%2Fwp%2Fv2%2Fcategories&post=17108"},{"taxonomy":"post_tag","embeddable":true,"href":"https:\/\/revistaepocadigital.com.ar\/index.php?rest_route=%2Fwp%2Fv2%2Ftags&post=17108"}],"curies":[{"name":"wp","href":"https:\/\/api.w.org\/{rel}","templated":true}]}}