{"id":17112,"date":"2022-08-06T00:31:00","date_gmt":"2022-08-06T03:31:00","guid":{"rendered":"https:\/\/revistaepocadigital.com.ar\/?p=17112"},"modified":"2022-08-06T00:31:22","modified_gmt":"2022-08-06T03:31:22","slug":"despues-de-negociaciones-arduas-se-firmo-el-convenio-colectivo-de-trabajo-entre-gremios-y-el-municipio","status":"publish","type":"post","link":"https:\/\/revistaepocadigital.com.ar\/?p=17112","title":{"rendered":"DESPU\u00c9S DE NEGOCIACIONES ARDUAS, SE FIRM\u00d3 EL CONVENIO COLECTIVO DE TRABAJO ENTRE GREMIOS Y EL MUNICIPIO"},"content":{"rendered":"<div class=\"cxmmr5t8 oygrvhab hcukyx3x c1et5uql o9v6fnle ii04i59q\">\n<div dir=\"auto\"><\/div>\n<div dir=\"auto\"><strong>CLIMA DE ENTUSIASMO, MEDIDA ALEGR\u00cdA Y PALABRAS PARA TENER EN CUENTA EN EL CONCEJO DELIBERANTE.<!--more--><\/strong><\/div>\n<div dir=\"auto\"><\/div>\n<div dir=\"auto\">El intendente<strong> Diego Nanni acompa\u00f1ado por funcionarios de la municipalidad, firm\u00f3 el Convenio Colectivo de Trabajo con dirigentes de ATE (Asociaci\u00f3n Trabajadores del Estado, seccional Pilar) encabezados por la secretaria general, Carmen Luj\u00e1n Pierce y el secretario administrativo; Luis Alberto Landbrecht;\u00a0 Jorge Rivero, secretario de asuntos municipales, seccional provincia de Buenos Aires de UPCN (Uni\u00f3n Del Personal Civil De La Naci\u00f3n) y dirigentes del SEM (Sindicato de Empleados Municipales) de Exaltaci\u00f3n de la Cruz, encabezados por Pedro Gustavo Esp\u00edndola y Vanina Alegre.<\/strong><\/div>\n<div dir=\"auto\"><\/div>\n<\/div>\n<p>Afiliados de las agrupaciones gremiales cubrieron el sal\u00f3n del Concejo Deliberante a modo de respaldo a la firma del convenio colectivo, primero luego de siete a\u00f1os, en el que arribaron a un acuerdo las tres entidades sindicales y la municipalidad. <em>\u201cHemos recorrido un largo camino, cost\u00f3 mucho, debimos superar obst\u00e1culos y siempre tuvimos la decisi\u00f3n de pelear por defender los derechos de los trabajadores&#8221;,<\/em> afirm\u00f3 Nanni. <strong>Rivero<\/strong> por su lado al hablar resalt\u00f3 la postura de Nanni como intendente, as\u00ed como critic\u00f3 ironizando a otros intendentes\u00a0 a quienes tild\u00f3 de <em><strong>&#8220;amarillitos\u00a0 y gorilas&#8221;<\/strong> en clara alusi\u00f3n a los intendentes que forman parte de Juntos por el Cambio. El dirigente admiti\u00f3 despu\u00e9s que &#8220;<strong>la situaci\u00f3n actual es muy dif\u00edcil, casi ca\u00f3tica&#8221;,<\/strong><\/em> y que ser\u00eda m\u00e1s a\u00fan si intendentes y gobernador no fueran peronistas.<\/p>\n<div dir=\"auto\"><img loading=\"lazy\" decoding=\"async\" class=\"alignleft size-full wp-image-17122\" src=\"https:\/\/revistaepocadigital.com.ar\/wp-content\/uploads\/2022\/08\/CONVE-COLEC-TRABA.jpg\" alt=\"\" width=\"466\" height=\"299\" srcset=\"https:\/\/revistaepocadigital.com.ar\/wp-content\/uploads\/2022\/08\/CONVE-COLEC-TRABA.jpg 466w, https:\/\/revistaepocadigital.com.ar\/wp-content\/uploads\/2022\/08\/CONVE-COLEC-TRABA-300x192.jpg 300w\" sizes=\"auto, (max-width: 466px) 100vw, 466px\" \/><\/div>\n<div dir=\"auto\"><\/div>\n<div class=\"cxmmr5t8 oygrvhab hcukyx3x c1et5uql o9v6fnle ii04i59q\">\n<div dir=\"auto\">El acuerdo (enviado para su homologaci\u00f3n al Ministerio de Trabajo), inclu\u00fd\u00f3 un incremento salarial acordado, fijado en <strong>73% para los empleados a abonarse en forma escalonada,<\/strong> si bien en este sentido, no se brindaron detalles. <em>&#8220;Es la primera vez que se consigue firmar un acuerdo con el municipio en el que han participado los tres gremios&#8221;, <\/em>coment\u00f3 a EPOCA un dirigente del sindiCato de municipales locales.<\/div>\n<div dir=\"auto\"><\/div>\n<div dir=\"auto\"><em>&#8220;El convenio continuar\u00e1 modific\u00e1ndose en funci\u00f3n de las reuniones que se vayan haciendo para profundizar la negociaci\u00f3n colectiva como herramienta para mejorar las condiciones laborales a\u00f1o a a\u00f1o de los trabajadores municipales. El mismo trabajo permanente seguir\u00e1, para consensuar las modificaciones para el beneficio de los trabajadores\u201d<\/em>, expres\u00f3 por su parte la Secretaria de Coordinaci\u00f3n General, <strong>Mar\u00eda Luz Bozzani<\/strong> quien particip\u00f3 en las negociaciones..<\/div>\n<\/div>\n<div class=\"cxmmr5t8 oygrvhab hcukyx3x c1et5uql o9v6fnle ii04i59q\">\n<div dir=\"auto\"><\/div>\n<div dir=\"auto\">\u201c<em>Con el convenio firmado, concretamos un avance muy importante para todos, reconociendo el enorme esfuerzo de los trabajadores municipales, que d\u00eda a d\u00eda aportan para que Exaltaci\u00f3n de la Cruz siga creciendo\u201d,<\/em> sostuvo <strong>Nanni<\/strong> quien no dud\u00f3 en definirse como un &#8220;<strong><em>guerrero para pelear por los derechos de ustedes<\/em> <\/strong>(los trabajadores municipales)&#8221;. Despu\u00e9s enfatiz\u00f3 el jefe comunal, &#8220;<em>nosotros estamos de paso (<\/em>en la gesti\u00f3n municipal),<em> sin embargo siempre estaremos luchando por sus derechos (refiri\u00e9ndose a los trabajadores municipales)&#8221;.<\/em><\/div>\n<div dir=\"auto\"><\/div>\n<\/div>\n","protected":false},"excerpt":{"rendered":"<p>CLIMA DE ENTUSIASMO, MEDIDA ALEGR\u00cdA Y PALABRAS PARA TENER EN CUENTA EN EL CONCEJO DELIBERANTE.<\/p>\n","protected":false},"author":4,"featured_media":17123,"comment_status":"open","ping_status":"open","sticky":false,"template":"","format":"standard","meta":{"footnotes":"","jetpack_publicize_message":"","jetpack_publicize_feature_enabled":true,"jetpack_social_post_already_shared":false,"jetpack_social_options":{"image_generator_settings":{"template":"highway","default_image_id":0,"font":"","enabled":false},"version":2}},"categories":[17],"tags":[1967],"class_list":["post-17112","post","type-post","status-publish","format-standard","has-post-thumbnail","hentry","category-politica","tag-convenio-colectivo"],"jetpack_publicize_connections":[],"jetpack_featured_media_url":"https:\/\/revistaepocadigital.com.ar\/wp-content\/uploads\/2022\/08\/CONVENI.jpg","jetpack_likes_enabled":true,"_links":{"self":[{"href":"https:\/\/revistaepocadigital.com.ar\/index.php?rest_route=\/wp\/v2\/posts\/17112","targetHints":{"allow":["GET"]}}],"collection":[{"href":"https:\/\/revistaepocadigital.com.ar\/index.php?rest_route=\/wp\/v2\/posts"}],"about":[{"href":"https:\/\/revistaepocadigital.com.ar\/index.php?rest_route=\/wp\/v2\/types\/post"}],"author":[{"embeddable":true,"href":"https:\/\/revistaepocadigital.com.ar\/index.php?rest_route=\/wp\/v2\/users\/4"}],"replies":[{"embeddable":true,"href":"https:\/\/revistaepocadigital.com.ar\/index.php?rest_route=%2Fwp%2Fv2%2Fcomments&post=17112"}],"version-history":[{"count":0,"href":"https:\/\/revistaepocadigital.com.ar\/index.php?rest_route=\/wp\/v2\/posts\/17112\/revisions"}],"wp:featuredmedia":[{"embeddable":true,"href":"https:\/\/revistaepocadigital.com.ar\/index.php?rest_route=\/wp\/v2\/media\/17123"}],"wp:attachment":[{"href":"https:\/\/revistaepocadigital.com.ar\/index.php?rest_route=%2Fwp%2Fv2%2Fmedia&parent=17112"}],"wp:term":[{"taxonomy":"category","embeddable":true,"href":"https:\/\/revistaepocadigital.com.ar\/index.php?rest_route=%2Fwp%2Fv2%2Fcategories&post=17112"},{"taxonomy":"post_tag","embeddable":true,"href":"https:\/\/revistaepocadigital.com.ar\/index.php?rest_route=%2Fwp%2Fv2%2Ftags&post=17112"}],"curies":[{"name":"wp","href":"https:\/\/api.w.org\/{rel}","templated":true}]}}