{"id":17125,"date":"2022-08-06T10:50:41","date_gmt":"2022-08-06T13:50:41","guid":{"rendered":"https:\/\/revistaepocadigital.com.ar\/?p=17125"},"modified":"2022-08-06T10:50:41","modified_gmt":"2022-08-06T13:50:41","slug":"cepral-comenzo-la-conexion-de-fibra-optica-a-usuarios","status":"publish","type":"post","link":"https:\/\/revistaepocadigital.com.ar\/?p=17125","title":{"rendered":"Cepral comenz\u00f3 la conexi\u00f3n de fibra \u00f3ptica a usuarios"},"content":{"rendered":"<p><img decoding=\"async\" class=\"ydp21bbb3aayiv5325404406rnb-header-img\" src=\"https:\/\/41sau.img.a.d.sendibm1.com\/im\/2340286\/c4a6323b6dd5519ea5c4d5e541f4e4e54557f42069a88813a648702ef45391d4.jpg?e=FfZlVdzsNVgIG3MX3vGRh2I0lamboWUUMjZMRXqAAgYPJoxRWS5JuWA0UICPXYxyuEJq1JrRaXN3-Fm1VKlpFy_XX_DHqIYv6wIan2R6ZVJdWfNuLKpo3oTNWj9KYn9zEXpT5BPbbDrUdwlmt7u9yyv30j7OOSydMFBeZ-NxwaZNDfX4sI6cRWtCVmcA3t0vvBh13kEvFGfGL8kzAQw-R87bFJ1qiVyov-j-kw\" alt=\"\" border=\"0\" hspace=\"0\" data-inlineimagemanipulating=\"true\" \/><img decoding=\"async\" class=\"ydp21bbb3aayiv5325404406rnb-header-img\" src=\"https:\/\/41sau.img.a.d.sendibm1.com\/im\/2340286\/fc7a2dcbd53f9a7d45e07a605b97a165619334773b3ece88b5dacb34bb1ec8ae.gif?e=7UScumDDIPh4rzowZXVWH24kJTpg322b2h3fdgvxXe0nf0tIjCYsgDUJfirYi26vZ_teUxFOCXQZM4mX-LoF0g1cPijMomVyrXtahm5GJJWefqhEq3AVONVQHfxs0tYXq562o0kwdBv6aYhtz-WD4GtQ9EeKXb-yawW9PSmLSwccFoWpfRNAh3s1-Z-j45O1qOhfjPngwINz9gFuKm3P-ozX4Dt0Zk7HoSInbg\" alt=\"\" border=\"0\" hspace=\"0\" data-inlineimagemanipulating=\"true\" \/><br \/>\n\u00a1En Contacto!<\/p>\n<div><strong>Estimados vecinos y usuarios:<\/strong><\/div>\n<div><\/div>\n<div>Les\u00a0 compartimos los avances de nuestros proyectos\u00a0 y de nuestra presencia Institucional:<\/div>\n<div><\/div>\n<ul>\n<li>Dentro del contexto de incertidumbre econ\u00f3mico y social que estamos atravesando a nivel nacional, es un orgullo poder contarles que ya hemos finalizado el 50% de la obra <strong>Fibra \u00d3ptica en tu Hogar<\/strong> de <strong>El Remanso 2\u00b0 y 6\u00b0 Series y Jular\u00f3<\/strong>. <strong>Esto nos permite adelantar las instalaciones y\u00a0a partir de la pr\u00f3xima semana comenzaremos con las primeras conexiones domiciliarias.\u00a0<\/strong><\/li>\n<li>Estamos trabajando en nuevas propuestas<strong> para los vecinos de los otros barrios<\/strong>\u00a0para que ellos tambi\u00e9n puedan hacer posible la llegada de FTTH a sus hogares.<\/li>\n<li><\/li>\n<li>En el Sector El\u00e9ctrico, finalizamos la obra de repotenciaci\u00f3n para abastecer la <strong>Escuela Rural de Paraje Etchegoyen.<\/strong><\/li>\n<li>\n<div>Continuamos con los avances para la instalaci\u00f3n del nuevo conductor de red en media tensi\u00f3n en el <strong>Barrio Los Pinos<\/strong>, que favorecer\u00e1 a este barrio y a <strong>Sakura<\/strong>.<\/div>\n<p>Segmentaci\u00f3n Energ\u00e9tica: se\u00a0 prolong\u00f3 la fecha de inscripci\u00f3n hasta el 31 de Agosto para aquellos usuarios que quieran mantener el Subsidio de electricidad.<\/li>\n<li>Si bien continuamos con la Campa\u00f1a de poda de raleo, necesitamos del compromiso de los vecinos para mantener el tendido de las redes de media tensi\u00f3n libres de ramas. Prevengamos interferencias e interrupciones en los servicios y da\u00f1os en las vidas de las personas.<\/li>\n<li><\/li>\n<li>Desde el 1ro. de Agosto rigen nuevas tarifas para los Servicios de Telecomunicaciones.<\/li>\n<\/ul>\n<div><\/div>\n<div><strong>Cumplimos con nuestra palabra, comprometidos con nuestros usuarios y con el crecimiento de nuestra Cooperativa.<\/strong><\/div>\n<div><\/div>\n<div><strong>\u00a0 \u00a0 \u00a0 \u00a0 \u00a0 \u00a0 \u00a0 \u00a0 \u00a0 \u00a0 \u00a0 \u00a0 \u00a0 \u00a0 \u00a0 \u00a0 \u00a0 \u00a0 \u00a0 \u00a0 \u00a0 \u00a0 \u00a0 Consejo de Administraci\u00f3n Cepral<\/strong><\/div>\n<div>\n<hr \/>\n<\/div>\n<div>\n<div><strong>Es importante que mantengas tus datos de contacto (mail y tel\u00e9fono celular) actualizados para que nos podamos comunicar con vos.<\/strong><\/div>\n<div><strong>Pod\u00e9s actualizar tus datos:<\/strong><\/div>\n<div>\n<table class=\"ydp21bbb3aayiv5325404406rnb-btn-col-content\" border=\"0\" cellspacing=\"0\" cellpadding=\"0\" align=\"center\">\n<tbody>\n<tr>\n<td align=\"center\" valign=\"middle\" bgcolor=\"#00596a\" height=\"34\"><a href=\"https:\/\/41sau.r.a.d.sendibm1.com\/mk\/cl\/f\/gSOcKcWHl3sY1_TtlqHNIiUmF8pXJsg2iMhsjeyPJNvED6Akm9Ysmro50__Dwe2vNhu8Dwha2f9W2nyKIeP_bUBu73vnnuikFqgdzaAexIvbMnotkmGOhc62t7ziiLqTnZlBOPa4B67AT7LE26lm-Vx7RnZMcnSWDls5yhCZpy-tQxHm1sMohaCUqw4G6SOwdRRyIr5a\" target=\"_blank\" rel=\"noreferrer noopener\">Click aqu\u00ed<\/a><\/td>\n<\/tr>\n<\/tbody>\n<\/table>\n<\/div>\n<\/div>\n<hr \/>\n<p><img decoding=\"async\" class=\"ydp21bbb3aayiv5325404406rnb-header-img\" src=\"https:\/\/41sau.img.a.d.sendibm1.com\/im\/2340286\/f904fd3f7b7068f173f9167c132f89f25f12346a88e9bfb9f266bc7009aae7e4.jpg?e=u6kkdGGSlliYfOD6z1iMnOmD7bXtlDUeW9HqT0IM7TNSbEv7qfFZBrQe9w8JG1Q1u3FpFlI0DjdwhtMxsFRTbog6HXt6L8fOVYk8RFNlYsidq3SmNeLR-WxZL8aAoneA1VvvTE_5ugnNJCRIdJgUiD0-pRu-R5lQY6WHTVnVgIikQVMZr5oPTuLhH17fW8_Y6gKIVABxrB7Yl85Wff--kATJEyBqVhImNBZ88w\" alt=\"\" border=\"0\" hspace=\"0\" data-inlineimagemanipulating=\"true\" \/><\/p>\n<hr \/>\n<p><strong><img loading=\"lazy\" decoding=\"async\" class=\"ydp21bbb3aayiv5325404406rnb-col-2-img-side-xs alignright\" src=\"https:\/\/41sau.img.a.d.sendibm1.com\/im\/2340286\/e7c84fded67b06ca03abbca83c1fb3a6da9270676a81dd96c3418dcf6a24c87d.jpg?e=oMqrYGtOhKLGTsn6CHzi4of6hNrain0fagFL5UF4eM9_DxPaACFBs-Fwnk83rmqbS4NyhwXJfQ7EVPsAQP1bjMoJKPL8sqEazHFEi7ntN76BmzWp-sT8EQ_1QJEiRda1XuLwQ_mqQIqjUQktrlmjvwkQzu1A0yymZPsNgdKlkqcsENkLXGDoWaanBUSQYrqpRuberfA4pn_DTu6YyUFJDyxotb81-vTTV4_y2g\" alt=\"\" width=\"235\" height=\"503\" border=\"0\" hspace=\"0\" data-inlineimagemanipulating=\"true\" data-id=\"1659735760268\" \/>COMENZAMOS LA CONEXI\u00d3N DE LOS PRIMEROS USUARIOS DE FIBRA \u00d3PTICA EN TU HOGAR EN EL REMANSO 2\u00b0 Y 6\u00b0 SERIES Y JULAR\u00d3<\/strong><\/p>\n<p>Cumpliendo con nuestro compromiso, hemos reforzado las cuadrillas que se encuentran realizando las tareas en los barrios El Remanso 2\u00b0 y 6\u00b0 series y en Jular\u00f3.<\/p>\n<p>Ya con el 50% de la obra terminada,\u00a0 nos permiti\u00f3 adelantar la fecha estimada de las primeras conexiones de Fibra \u00d3ptica en tu Hogar, transformado este proyecto en una realidad.<\/p>\n<p>La semana del 8 de agosto comenzaremos con las primeras instalaciones domiciliarias. Y no pararemos hasta conectar al \u00faltimo de los vecinos inscriptos.<\/p>\n<p><strong>\u00a1Gracias a cada uno de los vecinos que confiaron en nuestro proyecto, contribuyeron a que hoy sea una realidad!<\/strong><\/p>\n<hr \/>\n<p style=\"text-align: center;\"><strong>Obras de reestructuraci\u00f3n de Red en<br \/>\nMedia Tensi\u00f3n.<\/strong><\/p>\n<hr \/>\n<table class=\"ydp21bbb3aayiv5325404406rnb-columns-container\" border=\"0\" width=\"100%\" cellspacing=\"0\" cellpadding=\"0\">\n<tbody>\n<tr>\n<th class=\"ydp21bbb3aayiv5325404406rnb-force-col\" valign=\"top\" width=\"265\">\n<table class=\"ydp21bbb3aayiv5325404406rnb-col-2\" border=\"0\" width=\"265\" cellspacing=\"0\" cellpadding=\"0\" align=\"left\">\n<tbody>\n<tr>\n<td class=\"ydp21bbb3aayiv5325404406img-block-center\" align=\"left\" valign=\"top\" width=\"100%\">\n<table border=\"0\" width=\"100%\" cellspacing=\"0\" cellpadding=\"0\">\n<tbody>\n<tr>\n<td class=\"ydp21bbb3aayiv5325404406img-block-center\" align=\"left\" valign=\"top\" width=\"100%\">\n<table border=\"0\" cellspacing=\"0\" cellpadding=\"0\">\n<tbody>\n<tr>\n<td>\n<div>\n<div><img decoding=\"async\" class=\"ydp21bbb3aayiv5325404406rnb-col-2-img\" src=\"https:\/\/41sau.img.a.d.sendibm1.com\/im\/2340286\/4d41b5593dd0632fcce54a2c76d630eeeb383b457af712380c1af18256a63517.jpg?e=88T0jFSW1FmKvg3iWnmP-x5ZyzzEZJrk9rHRibrniQlID1I-AsEmWW4TtrQiAnsdPjjoPDNp89J1irwRIBw8laOAN27t-Ed76tIMw-UiDNY5WXSduXdI8dk1dgrDoCJJJkfHdslJ26gtNHWr6waBeUCAtwqxfg26CmQh5sLkw_6WTlrPLcXXzmwtYUm3UZSSlFELIH7paryzcIDdWexvXndtBGsjDszfmvVL1g\" alt=\"\" border=\"0\" hspace=\"0\" data-inlineimagemanipulating=\"true\" data-id=\"1659735759175\" \/><\/div>\n<div><\/div>\n<\/div>\n<\/td>\n<\/tr>\n<\/tbody>\n<\/table>\n<\/td>\n<\/tr>\n<\/tbody>\n<\/table>\n<\/td>\n<\/tr>\n<tr>\n<td class=\"ydp21bbb3aayiv5325404406col_td_gap\" height=\"10\"><\/td>\n<\/tr>\n<tr>\n<td>\n<div>\n<div>Finalizamos la obra de repotenciaci\u00f3n para abastecer a la Escuela N\u00b0 16 Justo Jos\u00e9 de Urquiza\u00a0\u00a0del Paraje Etchegoyen.<\/div>\n<\/div>\n<\/td>\n<\/tr>\n<\/tbody>\n<\/table>\n<\/th>\n<th class=\"ydp21bbb3aayiv5325404406rnb-force-col\" valign=\"top\" width=\"265\">\n<table class=\"ydp21bbb3aayiv5325404406rnb-last-col-2\" border=\"0\" width=\"265\" cellspacing=\"0\" cellpadding=\"0\" align=\"left\">\n<tbody>\n<tr>\n<td class=\"ydp21bbb3aayiv5325404406img-block-center\" align=\"left\" valign=\"top\" width=\"100%\">\n<table border=\"0\" width=\"100%\" cellspacing=\"0\" cellpadding=\"0\">\n<tbody>\n<tr>\n<td class=\"ydp21bbb3aayiv5325404406img-block-center\" align=\"left\" valign=\"top\" width=\"100%\">\n<table border=\"0\" cellspacing=\"0\" cellpadding=\"0\">\n<tbody>\n<tr>\n<td>\n<div>\n<div><img decoding=\"async\" class=\"ydp21bbb3aayiv5325404406rnb-col-2-img\" src=\"https:\/\/41sau.img.a.d.sendibm1.com\/im\/2340286\/3d207d630dfa49608d8ad7337fe22c9756abd6e7c23c9322a6c8250fb345b2dc.jpg?e=8i8K152aoqnMAw-LZ-W9AYxZgDMhBaCxBH9XZlTZhc56Dbx3oTQ2178JjLD9iCarr7r1JwDRbL25-PGMnBEjRP7j6rgMM4nt_fWBKpL9CqeFeM8WFCQpHAUQJ89vqnVnNSdiBZiBx6tBbrJtSlQy9YeJknC8ONGeSkqe73dmBaUi7JSvcVoww0Y47j_M8etUU8yo6pq3vsD-NZ_c6HbXoExn6PUySUXa59iMgw\" alt=\"\" border=\"0\" hspace=\"0\" data-inlineimagemanipulating=\"true\" \/><\/div>\n<div><\/div>\n<\/div>\n<\/td>\n<\/tr>\n<\/tbody>\n<\/table>\n<\/td>\n<\/tr>\n<\/tbody>\n<\/table>\n<\/td>\n<\/tr>\n<tr>\n<td class=\"ydp21bbb3aayiv5325404406col_td_gap\" height=\"10\"><\/td>\n<\/tr>\n<tr>\n<td>\n<div>\n<div>Continuamos con el avance de las tareas para la instalaci\u00f3n del nuevo conductor de Red de Media Tensi\u00f3n en el barrio Los Pinos.<\/div>\n<\/div>\n<\/td>\n<\/tr>\n<\/tbody>\n<\/table>\n<\/th>\n<\/tr>\n<\/tbody>\n<\/table>\n<hr \/>\n<p><img decoding=\"async\" class=\"ydp21bbb3aayiv5325404406rnb-header-img\" src=\"https:\/\/41sau.img.a.d.sendibm1.com\/im\/2340286\/f0736702830b1083b0d5b6647487e91c5e690f42c4331854e5b056eb688e2fef.jpg?e=9eX74BeDyJjxeSGUXKWtM19GeApQjHvv8JHHiQOYKiKB0WpSX7eKNqGIWzv4BiwzHBokS4a1OttPJhQZnEfq0VYByU8tRzmQ960stOL9TTDUIOi6oG55zhe-nViNkxCUWDhlhkWpDkvFf3taliMr_AKk8GpayMP-1OZYetMh7W4pGV_FM_jdJGYCPMGl-N10kc_ref4Nv90nPiVxJXgsp1alGqsENbyniFKF3A\" alt=\"\" border=\"0\" hspace=\"0\" data-inlineimagemanipulating=\"true\" \/><\/p>\n<hr \/>\n<p><img decoding=\"async\" class=\"ydp21bbb3aayiv5325404406rnb-header-img\" src=\"https:\/\/41sau.img.a.d.sendibm1.com\/im\/2340286\/eb48b37a8f3a891494853592c5cfbad0032baae3da7f8ee3f869c251fcab059d.jpg?e=Wdjsk7XCVfQdXGG9yfMz-5WRcslPfqzDBcZOCiFc8nvGoVa8im7kza-6ZIlE_Sipi2_cUDJALFS59TLb7OPqWgDZhWZC8gqa1XczXuNiHdBOHqc2I-Awne2vK_xfuvRv3FxTxMBw8vAaXkDgwzzY6GQSxDu0swoxG23s8nvnikokIH7SmpIsZVNWNRXqBkDCYfMsCtU-3hUA3N1s5GiXxJhS9A1FMoK0RBW2Rw\" alt=\"\" border=\"0\" hspace=\"0\" data-inlineimagemanipulating=\"true\" \/><\/p>\n<div>\n<p><b>CEPRAL EN LA REUNI\u00d3N DE FACE<\/b><\/p>\n<p>El viernes 29 de julio Cepral, representada por su Gerente Jos\u00e9 Luis Hermida, fue parte de\u00a0 la reuni\u00f3n mensual del Consejo Nacional de FACE.<\/p>\n<\/div>\n<div><\/div>\n<div>En esta oportunidad se convers\u00f3 acerca del impacto de las segmentaci\u00f3n energ\u00e9tica en las tarifas de energ\u00eda, entre otros temas de actualidad.<\/div>\n<table class=\"ydp21bbb3aayiv5325404406rnb-btn-col-content\" border=\"0\" cellspacing=\"0\" cellpadding=\"0\" align=\"center\">\n<tbody>\n<tr>\n<td align=\"center\" valign=\"middle\" bgcolor=\"#ffffff\" height=\"34\"><a href=\"https:\/\/41sau.r.a.d.sendibm1.com\/mk\/cl\/f\/hHSGRUNCUG1z0IMotWctwcg-jgzYlBHQQBEhgIoUdstMpzl-FhrTmZAOAQ-dLuyaPrSTPHGPp3GOw8odqKnZlTE6A2vncuFmuwlK4S2pWWdxYkro71dAzS6us2OLCFILOnsT-DswJZkdvRPz0N3Uw7HPznfX3pLZ91G6JA5MpEt6T6Khtg5YbV5GctK0JW_oBNPbRMMi3nv7MoegQxpFjl1OK413a9lVFb9H5ebJFGZNgzfcD4xVbH8Nn96IQzbzyDPYVVvfU88zk23l8lkd3vRXnPgpwteZVUkAhLU7sXYO6lQ\" target=\"_blank\" rel=\"noreferrer noopener\">Click aqu\u00ed<\/a><\/td>\n<\/tr>\n<\/tbody>\n<\/table>\n<hr \/>\n<p><strong>SE PRORROG\u00d3 LA FECHA DE INSCRIPCI\u00d3N PARA CONTINUAR CON LOS SUBSIDIOS PARA EL SERVICIO EL\u00c9CTRICO<\/strong><\/p>\n<div><\/div>\n<div>Hasta el <strong>31 de agosto<\/strong>\u00a0se podr\u00e1n inscribir los usuarios que deseen mantener los subsidios que hoy reciben en sus hogares.<\/div>\n<div>Lo pueden hacer accediendo a:\u00a0\u00a0<strong><a href=\"https:\/\/41sau.r.a.d.sendibm1.com\/mk\/cl\/f\/NMFoss91r9TnThsWIgJlD9gYJbi9Y5RF8sqssXzqhlIv4tOSNx-Zr_HPpuP25Z0KkPpeaCBVIkcaI59-sRdqyI3J-xlJWmVE_QT8Uo0lbF3MoP9QqKoLyXkQW1HGz0Uk1hPL5p-6yGqhKMfyph14oyDs_wJgGMnPAP0OrnnJCsa-n6fJ7lul0Jwuh0nSpjxPwTKUdDNdlxq3TJmVxH__Kcs\" target=\"_blank\" rel=\"noreferrer noopener\">https:\/\/www.argentina.gob.ar\/subsidios<\/a>\u00a0<\/strong>\u00a0donde podr\u00e1n completar sus datos para que el Poder Ejecutivo luego identifique cuales necesitan la asistencia del Estado. El eje de la segmentaci\u00f3n ser\u00e1n \u201clos aspectos socio-econ\u00f3micos de cada hogar\u201d.<\/div>\n<div><\/div>\n<div>La informaci\u00f3n aportada funcionar\u00e1 como una declaraci\u00f3n jurada.<\/div>\n<div><\/div>\n<div><strong>Los datos de Nro. de medidor y el n\u00famero de usuario los encuentran en las facturas de Cepral, la que pueden bajar desde nuestra web, mi oficina virtual:<\/strong>\u00a0<strong><a href=\"https:\/\/41sau.r.a.d.sendibm1.com\/mk\/cl\/f\/vaUblZelfSmCgH7VjoZr05qJhWAR5a29eEd7xtlmXn8milAPFWfzXJn4pYDQ-AM8PJZgNWEIQlVMMYTjUoM3rNxMui35QABd7VegLATZ2hqwX2Tlc-2bJD6Y0Y6yP42lnn8bYjkqVSgvSxixyJrjTQYgZhJAOot2MpO0gjA08nC7ApcAqQs7DOEanrPhdUVr3kQv2IfFuHRBOvX-D_jH3RcJaH6lemk8Q8vfVuIk8IHc-ekJ7fpsjiIswgldByPX-XQ\" target=\"_blank\" rel=\"noreferrer noopener\">https:\/\/ovcepral.sc3-app3.com.ar\/oficinavirtual\/modulos\/clientes\/<\/a>\u00a0<\/strong>y desde Cepralbot (Agendando el contacto WhatsApp +911 2306 9604)<\/div>\n<div><\/div>\n<div>Te contamos c\u00f3mo hacerlo, ingresando a nuestra WEB:\u00a0<a href=\"https:\/\/41sau.r.a.d.sendibm1.com\/mk\/cl\/f\/HgDuxlzcEp-43AMASGseq-aKWBja2nKURZP0eo88dSVhV8WHD_D2JgEbWwwYyZvg-zQGdBiGYuIy-LS5VMLvHOo6hxTNVNt2hq3cpTc3Qk0XVpgMwTrNN7Oqqy7L0DFsz8YB7EqILELNc5Xxo4DjDEoIHzSrnZT_JyxyQiTnb539GqANrHnGpWim6pFVQvzs2xMUuW6_\" target=\"_blank\" rel=\"noreferrer noopener\">https:\/\/cepral.coop\/main\/<\/a><\/div>\n<div>\n<table class=\"ydp21bbb3aayiv5325404406rnb-btn-col-content\" border=\"0\" cellspacing=\"0\" cellpadding=\"0\" align=\"center\">\n<tbody>\n<tr>\n<td align=\"center\" valign=\"middle\" bgcolor=\"#ffffff\" height=\"34\"><a href=\"https:\/\/41sau.r.a.d.sendibm1.com\/mk\/cl\/f\/S75RoXmVGgYnWRgjBOTeRpEIJnmsmiELRf_ajlDACVNESrj4IZH5cRwYuw5whSmpNuGxocbO5lxWxA6QnbLzhw5tQtkXa9U3lqRsPRfXm1H_KXADh-CCMQCj5bRloIdB25wSSMOv_xiLwxKcPwBtXzk5T9VM3iNzRvZdH9MxakGXjzYFO3GOOompzAXCKDCMpahdXiK3eicp8yLAnXzlpI4\" target=\"_blank\" rel=\"noreferrer noopener\">Click aqu\u00ed para acceder al formulario<\/a><\/td>\n<\/tr>\n<\/tbody>\n<\/table>\n<\/div>\n<hr \/>\n<p><img decoding=\"async\" class=\"ydp21bbb3aayiv5325404406rnb-header-img\" src=\"https:\/\/41sau.img.a.d.sendibm1.com\/im\/2340286\/f904fd3f7b7068f173f9167c132f89f25f12346a88e9bfb9f266bc7009aae7e4.jpg?e=AcQ4Tf-pYybEIYoiokq7Qz8EYbXFqd5XxWAniJdLCOojg6cGqjlbEK2waLPrjfENb726xaR28km5VB3D82cNjNf1ifJITv1q_PemaOgBkFGCdaVlozTrRvKQOwe7mJ58m5MhdG4uXBKg2rG-eWCYd6kzMMFeUG1Mz2qU87EhjReKXPBEzx34LUUVAaaAbPo_V23ceu59D9S1KUmMFvTjO3GL9eT2uLXFrHux4A\" alt=\"\" border=\"0\" hspace=\"0\" data-inlineimagemanipulating=\"true\" \/><\/p>\n<hr \/>\n<p><img loading=\"lazy\" decoding=\"async\" class=\"ydp21bbb3aayiv5325404406rnb-col-2-img-side-xs alignleft\" src=\"https:\/\/41sau.img.a.d.sendibm1.com\/im\/2340286\/bbca1709358206453d359350050860de386d6bf7d991a167d3e33266b07ceae8.jpg?e=X6_XcM_lFRxEtN1TBSWJO1ywzSfvl88zvnxWPhVvWiBcnkAYMenQcRXKpN6oN9O0yZaLrirYLcqHQEqfIP6rHMvTqUC8m45sGymPYPpNrKewnyskgkc-K8U0rDBRCu7ZlM2r5cM-k9PoObmD7LA7gxRCKvWv5Yf-jnEGarU2hvQnN7qsfbBlPUK1y5hDgrXQSwC9nJeu_Hv0P425BTqY9VrIDUIcos_EGLCQTw\" alt=\"\" width=\"206\" height=\"378\" border=\"0\" hspace=\"0\" data-inlineimagemanipulating=\"true\" data-id=\"1659735759175\" \/>Continuamos con nuestra Campa\u00f1a de Poda, la que consiste en el raleo de \u00e1rboles y ramas \u00a0con el objetivo de dejar la red el\u00e9ctrica de media tensi\u00f3n libre de las interferencias que puedan ocasionar.<\/p>\n<p>Avanzamos con el barrio El Remanso y las zonas rurales.<\/p>\n<p>Para realizar estas tareas se requiere efectuar cortes de energ\u00eda que se ir\u00e1n coordinando y dando aviso a los usuarios afectados a la maniobra.<\/p>\n<p><strong>Recordamos a los vecinos que es fundamental mantener m\u00ednimamente a 3 metros de distancia toda vegetaci\u00f3n cercana a la red el\u00e9ctrica sobre veredas y lindantes a la l\u00ednea medianera.<\/strong><\/p>\n<hr \/>\n<p><img decoding=\"async\" class=\"ydp21bbb3aayiv5325404406rnb-header-img\" src=\"https:\/\/41sau.img.a.d.sendibm1.com\/im\/2340286\/a7acf7f596ece8aa7bd4937bb9160d3dad709fad2e9297fce73d205f23b5e1f6.jpg?e=twiT1v5x4Y0SElPQGHqSTNvrqWWPsPyh9gPEUFehtmPM9Qbogq7CQAEGFik1uvj7jrCDlwzAyTUaMz-mrblLwJCiUm0VsZ2SoJgzzGjxT4aPfkPICrLHLvvR5Hikwmubgrh4E7IkhSmXk0b9oTpBdU2EZXJAy76gje-BnNti4SqvJiPC0oZMnYJJlA6KRvuY0yjWzQqsqaT3f-uyDTDJzDMu60h-TASZebOkIw\" alt=\"\" border=\"0\" hspace=\"0\" data-inlineimagemanipulating=\"true\" \/><\/p>\n<hr \/>\n<p><img decoding=\"async\" class=\"ydp21bbb3aayiv5325404406rnb-header-img\" src=\"https:\/\/41sau.img.a.d.sendibm1.com\/im\/2340286\/ff68697b0bacf433fedc7a67283b6a7e25e55c73925223e9b5544590836f94ed.jpg?e=PR7GTI_1ytd6ArQ2pLYn0wbhTD5L1DSwxelV839K60d3KDw_l3yQzVSHj-Q15dPvh7Ex330rXTUGtRd0lvre0w99WqEquKhO9BnX_w65H9v4ckyPpQ964e-RFybLo7FU4UvlHVGL8FlYLDYjpzGg9eslC-Jm_YvqvWlS9CEjLv7CRdqQaQm0C_uF8MAOAb-Ccxy13K8ZOITEAAIwGjkSnHMny4G0gqSE4uPbjQ\" alt=\"\" border=\"0\" hspace=\"0\" data-inlineimagemanipulating=\"true\" \/><\/p>\n<hr \/>\n<p><strong>ESCASEZ MUNDIAL DE CABLES DE FIBRA \u00d3PTICA<\/strong><\/p>\n<p><img loading=\"lazy\" decoding=\"async\" class=\"ydp21bbb3aayiv5325404406rnb-col-2-img-side-xl alignleft\" src=\"https:\/\/41sau.img.a.d.sendibm1.com\/im\/2340286\/03e050df54decfa1125805761f11d4bd3d7ca9ea05a16ee80da57ba2a08a7b2d.jpg?e=CFQkYpcBfDCbV0fsCxVrvLmQxvm_CcTmkh0SlCmf2DBlCUXILCEBvnBWoM6tBSC1JXkMbzZnrIeny7FDFkajKZIyq0DE-ufUmuDGNfHswZCDo_bgBB3-2cu2WQrIlA1C0jWZnDMavdT1RFwjFi1pvkWfL5pGHpAPVH-BoJGuPBh8YeJWFkVjYNW-C4kCUVXxJtILPTHWIrpbpgEZNF_JqL130bEl9IoV807q0g\" alt=\"\" width=\"296\" height=\"293\" border=\"0\" hspace=\"0\" data-inlineimagemanipulating=\"true\" data-id=\"1659735759175\" \/>Seg\u00fan el Financial Times, el mundo se enfrenta a una escasez de cables de fibra \u00f3ptica, lo que hace que los costes en Am\u00e9rica Latina y especialmente en pa\u00edses de Europa se disparen.<br \/>\nLa crisis fue causada por el aumento de los precios de los componentes clave de la fibra \u00f3ptica, como el tetracloruro de silicio. Seg\u00fan la empresa de informaci\u00f3n comercial Cru, este elemento es fundamental para la producci\u00f3n, y su precio se ha incrementado hasta en un 50%.<\/p>\n<table class=\"ydp21bbb3aayiv5325404406rnb-btn-col-content\" border=\"0\" cellspacing=\"0\" cellpadding=\"0\" align=\"left\">\n<tbody>\n<tr>\n<td align=\"center\" valign=\"middle\" bgcolor=\"#0092ff\" height=\"32\"><a href=\"https:\/\/41sau.r.a.d.sendibm1.com\/mk\/cl\/f\/Prsqc7llvjty_aWsRMlXmjmOriE4o8cXf2bcdsCsMF-Df_-Xt9lRVzeicdwvUVdQxyIGTatD1c7cFiK1jI9YsIb3WqTycibxIf_kCcrDk8-1_IPKPqjPlzG7YpQCrH4fxG4MahcFnA62UfinHfckS6xF4gQx5zYvboywQffc0cAuHHQXZEL61LlIHUrvjL_HMfUxMnl1PCxWlmz5lX-hLL_wUKV-6DT9mB_wN1jdTzGdSDdd5kWyzjEHmpugjsVgtLqq6d6nLcbe8EOCTnfU7Owsaf8N9Zdz4IMA4MNbiTKre3Vv2dMjRuyfIQUdPXUtJfK50XS8lJAbsBkYIBq_A5iVQhEAWA2-0Uteag\" target=\"_blank\" rel=\"noreferrer noopener\">VER M\u00c1S<\/a><\/td>\n<\/tr>\n<\/tbody>\n<\/table>\n<p>&nbsp;<\/p>\n<p>&nbsp;<\/p>\n<hr \/>\n<table class=\"ydp21bbb3aayiv5325404406rnb-col-1\" border=\"0\" width=\"100%\" cellspacing=\"0\" cellpadding=\"0\" align=\"left\">\n<tbody>\n<tr>\n<td>\n<div>\n<div><strong>\u00c9poca de Poda:<\/strong><\/div>\n<div>\u00a1Mantener libre de ramas las l\u00edneas de cableado previene accidentes que pueden da\u00f1ar a personas o electrodom\u00e9sticos y contribuye a una mejor calidad de servicio!<\/div>\n<div><\/div>\n<\/div>\n<\/td>\n<\/tr>\n<\/tbody>\n<\/table>\n<p>&nbsp;<\/p>\n<p>&nbsp;<\/p>\n<p>&nbsp;<\/p>\n<hr \/>\n<p style=\"text-align: center;\"><strong>Desde el 1\u00b0 de Agosto rigen nuevas tarifas para los Servicios de Telefon\u00eda e Internet.\u00a0<\/strong><\/p>\n<table class=\"ydp21bbb3aayiv5325404406rnb-btn-col-content\" border=\"0\" cellspacing=\"0\" cellpadding=\"0\" align=\"center\">\n<tbody>\n<tr>\n<td align=\"center\" valign=\"middle\" bgcolor=\"#ffffff\" height=\"34\"><a href=\"https:\/\/41sau.r.a.d.sendibm1.com\/mk\/cl\/f\/Q-fzx2CXsMiznfHn1l4ke2JYy0AVyRM3e0A-8X_4-JGBlFeC2pXn4AM7xM5zO0cqoyNJOe46fAXyxNQD5cJfL_rLmI_Y4Kjd2gUM2GpVDxApdKHjDGyYaDqGOcAtJBMNstsH8CUfE8RbK4FYhCttI_3CxMI7mSahX-3DFdeicPgUYGTBulB11gRg1danJFflc_MKIcs5aIuKdaK0W_Fg\" target=\"_blank\" rel=\"noreferrer noopener\"><strong>Consultar aqu\u00ed<\/strong><\/a><\/td>\n<\/tr>\n<\/tbody>\n<\/table>\n<hr \/>\n<p style=\"text-align: center;\"><strong>Nuestros Medios de Pago<\/strong><\/p>\n<table class=\"ydp21bbb3aayiv5325404406rnb-col-1\" border=\"0\" width=\"550\" cellspacing=\"0\" cellpadding=\"0\" align=\"center\">\n<tbody>\n<tr>\n<td valign=\"top\">\n<table class=\"ydp21bbb3aayiv5325404406rnb-btn-col-content\" border=\"0\" cellspacing=\"0\" cellpadding=\"0\" align=\"center\">\n<tbody>\n<tr>\n<td align=\"center\" valign=\"middle\" bgcolor=\"#0092ff\" height=\"34\"><a href=\"https:\/\/41sau.r.a.d.sendibm1.com\/mk\/cl\/f\/aaIcplT-sqDLbO3-9rDAZkUsTH8MfB47tVkujrkcsWjlJ0oxuSc_cykLvNzrotGa6zjnAjBOJEFB9WnxIzw0zDuj6L6HUa5puqMZAvlU6PkCk95LJPoNEZTKUsbWwapd57t29YgxwlPotkTrNPpQRoQTeFi06sI6A9aY4RQ8uiRd7W2SrT05tpiptQrO9-oK4WHI_ML3h92ntzLNEaJCsnlmtQIbC1Q\" target=\"_blank\" rel=\"noreferrer noopener\">Leer m\u00e1s<\/a><\/td>\n<\/tr>\n<\/tbody>\n<\/table>\n<\/td>\n<\/tr>\n<\/tbody>\n<\/table>\n<p>&nbsp;<\/p>\n<hr \/>\n<div><strong>\u00bfC\u00f3mo pago las facturas de manera electr\u00f3nica?<\/strong><\/div>\n<div>Desde el bot\u00f3n click te explicamos el paso a paso para poder efectuar los pagos de tus facturas desde la Oficina Virtual de Cepral:<\/div>\n<table class=\"ydp21bbb3aayiv5325404406rnb-btn-col-content\" border=\"0\" cellspacing=\"0\" cellpadding=\"0\" align=\"center\">\n<tbody>\n<tr>\n<td align=\"center\" valign=\"middle\" bgcolor=\"#00596a\" height=\"34\"><a href=\"https:\/\/41sau.r.a.d.sendibm1.com\/mk\/cl\/f\/SEs62VhBMuOBTsKtPOhc9Af4IatJpJfc4mwHEtlJvWksd-GK47YdcdHVAm_aGEErmFTR_0T-eFMjqHO2-d1A4dik2DB4u3th4xGVleSfQC1fRes-ZWci9P9_vg8ezBju3pSfNMymeQ1OcsKGM-L11MCQrA-1uUKu2vByyz3tvpVw4r4zOc10otzXxgjFyp85z2-IhyQMF03EDgnXxG1XvKMKHu75KfuKUsxCBIwdE0JccTzGLUbHn1SGzLX07tzAvCVVuFuV\" target=\"_blank\" rel=\"noreferrer noopener\">Click aqu\u00ed<\/a><\/td>\n<\/tr>\n<\/tbody>\n<\/table>\n<hr \/>\n<div><strong>HORARIOS DE GUARDIA<\/strong><\/div>\n<div>Les recordamos todos los horarios de guardia para la Atenci\u00f3n de los Reclamos de nuestros Servicios.<\/div>\n<table class=\"ydp21bbb3aayiv5325404406rnb-btn-col-content\" border=\"0\" cellspacing=\"0\" cellpadding=\"0\" align=\"center\">\n<tbody>\n<tr>\n<td align=\"center\" valign=\"middle\" bgcolor=\"#1066e8\" height=\"34\"><a href=\"https:\/\/41sau.r.a.d.sendibm1.com\/mk\/cl\/f\/EShGsbBZ3G3gZRoeM5oOEjLzS5XwquWkIxj0QQPFsb0heL8BeOzxCdARQFuh531rWj_uCDDUc0J1ht-zK-dnOccOdfr5Qx9oAooflexnfZuiajOawdpn9_-xtQH9pSIagk4wDQWIp1ho6Enohnnq-jTEgNn0dPGVJTYK-Zv7JiEbpe5jQXcR-VDlibLpic2iuwcsOOvlem2_0kp3YUPf9_jr\" target=\"_blank\" rel=\"noreferrer noopener\">Click aqu\u00ed<\/a><\/td>\n<\/tr>\n<\/tbody>\n<\/table>\n<hr \/>\n<p>Estamos enviando nuestros Newsletters y otras noticias de la Cooperativa al mail que ten\u00e9s registrado en nuestro sistema y mediante la App Cepral para Celulares IOS y Android.<\/p>\n<hr \/>\n<p><img decoding=\"async\" class=\"ydp21bbb3aayiv5325404406rnb-header-img\" src=\"https:\/\/41sau.img.a.d.sendibm1.com\/im\/2340286\/ed63366bed89d77a392fedb10f1cb29766958558e658d04db42a8b18bc9eded2.jpg?e=GdXvhHyy8uzVeIK1mpDRPkQB_9om116LeW5qyPkmqahKQmu6kSaMZ18qulQ8UDZpQRmrF-k8RZSpCygkYMpkRgI0mGvA35BdOzoQhgQROd7_Nf3Dq_R_tuY_Ex7iY9fxCbUgHac-9xsn7F8F-PCojqLG7BtZ_qjOJIzbFQq-0wgvDtEksCCkzvQyW69JnQ-aH0DyT5mZ_3x7QqoSxFpQqGgsv7gErncgkdxq3Q\" alt=\"\" border=\"0\" hspace=\"0\" data-inlineimagemanipulating=\"true\" \/><\/p>\n<p><strong>Cuando tengas consultas o quieras bajar tu factura,<br \/>\nconfirmar los horarios de atenci\u00f3n, requisitos para el alta de servicios, medios de pago, hacer reclamos o ingresar a tu Oficina Virtual<\/strong><\/p>\n<table class=\"ydp21bbb3aayiv5325404406rnb-btn-col-content\" border=\"0\" cellspacing=\"0\" cellpadding=\"0\" align=\"center\">\n<tbody>\n<tr>\n<td align=\"center\" valign=\"middle\" bgcolor=\"#000aff\" height=\"38\"><a href=\"https:\/\/41sau.r.a.d.sendibm1.com\/mk\/cl\/f\/JMFyP4AbUl032nIIUUzzxCxxlklC_ychLu8eQTUHqNE7htOez6EKl3_Bwn34qqyPGhGnY37IZovaGXJ_7UpoZeyfDcv4am9dRFHbeTsherGX_iBm4Ekx_cLJtRnWuk0ZGSi2Ph5an94RvDH1WlrKvQOtlSav5xCVZAzo_9r61RgU2kpzsnsMJQr7R3Mbyo7FFlk7uc-yBg\" target=\"_blank\" rel=\"noreferrer noopener\">Ingresar aqu\u00ed \u203a<\/a><\/td>\n<\/tr>\n<\/tbody>\n<\/table>\n<p>&nbsp;<\/p>\n","protected":false},"excerpt":{"rendered":"<p>\u00a1En Contacto! Estimados vecinos y usuarios: Les\u00a0 compartimos los avances de nuestros proyectos\u00a0 y de nuestra presencia Institucional: Dentro del contexto de incertidumbre econ\u00f3mico y social que estamos atravesando a nivel nacional, es un orgullo poder contarles que ya hemos finalizado el 50% de la obra Fibra \u00d3ptica en tu Hogar de El Remanso 2\u00b0 [&hellip;]<\/p>\n","protected":false},"author":3,"featured_media":17131,"comment_status":"open","ping_status":"open","sticky":false,"template":"","format":"standard","meta":{"footnotes":"","jetpack_publicize_message":"","jetpack_publicize_feature_enabled":true,"jetpack_social_post_already_shared":false,"jetpack_social_options":{"image_generator_settings":{"template":"highway","default_image_id":0,"font":"","enabled":false},"version":2}},"categories":[5],"tags":[],"class_list":["post-17125","post","type-post","status-publish","format-standard","has-post-thumbnail","hentry","category-aqui-parada-robles"],"jetpack_publicize_connections":[],"jetpack_featured_media_url":"https:\/\/revistaepocadigital.com.ar\/wp-content\/uploads\/2022\/08\/999.jpg","jetpack_likes_enabled":true,"_links":{"self":[{"href":"https:\/\/revistaepocadigital.com.ar\/index.php?rest_route=\/wp\/v2\/posts\/17125","targetHints":{"allow":["GET"]}}],"collection":[{"href":"https:\/\/revistaepocadigital.com.ar\/index.php?rest_route=\/wp\/v2\/posts"}],"about":[{"href":"https:\/\/revistaepocadigital.com.ar\/index.php?rest_route=\/wp\/v2\/types\/post"}],"author":[{"embeddable":true,"href":"https:\/\/revistaepocadigital.com.ar\/index.php?rest_route=\/wp\/v2\/users\/3"}],"replies":[{"embeddable":true,"href":"https:\/\/revistaepocadigital.com.ar\/index.php?rest_route=%2Fwp%2Fv2%2Fcomments&post=17125"}],"version-history":[{"count":0,"href":"https:\/\/revistaepocadigital.com.ar\/index.php?rest_route=\/wp\/v2\/posts\/17125\/revisions"}],"wp:featuredmedia":[{"embeddable":true,"href":"https:\/\/revistaepocadigital.com.ar\/index.php?rest_route=\/wp\/v2\/media\/17131"}],"wp:attachment":[{"href":"https:\/\/revistaepocadigital.com.ar\/index.php?rest_route=%2Fwp%2Fv2%2Fmedia&parent=17125"}],"wp:term":[{"taxonomy":"category","embeddable":true,"href":"https:\/\/revistaepocadigital.com.ar\/index.php?rest_route=%2Fwp%2Fv2%2Fcategories&post=17125"},{"taxonomy":"post_tag","embeddable":true,"href":"https:\/\/revistaepocadigital.com.ar\/index.php?rest_route=%2Fwp%2Fv2%2Ftags&post=17125"}],"curies":[{"name":"wp","href":"https:\/\/api.w.org\/{rel}","templated":true}]}}