{"id":17150,"date":"2022-08-08T09:20:12","date_gmt":"2022-08-08T12:20:12","guid":{"rendered":"https:\/\/revistaepocadigital.com.ar\/?p=17150"},"modified":"2022-08-08T09:20:12","modified_gmt":"2022-08-08T12:20:12","slug":"pelota-de-trapo-en-la-liga-de-futbol-de-pilar","status":"publish","type":"post","link":"https:\/\/revistaepocadigital.com.ar\/?p=17150","title":{"rendered":"PELOTA DE TRAPO EN LA LIGA DE F\u00daTBOL DE  PILAR"},"content":{"rendered":"<div>\n<div class=\"cwj9ozl2 qbxu24ho bxzzcbxg lxuwth05 h2mp5456 ue3kfks5 pw54ja7n uo3d90p7 l82x9zwi goun2846 ccm00jje s44p3ltw mk2mc5f4 frvqaej8 ed0hlay0 afxsp9o4 jcgfde61 tvfksri0 ozuftl9m\">\n<div class=\"\">\n<div class=\"hqeojc4l\">\n<div class=\"\" dir=\"auto\">\n<div class=\"\" dir=\"auto\">\n<div class=\"ecm0bbzt hv4rvrfc ihqw7lf3 dati1w0a\" data-ad-comet-preview=\"message\" data-ad-preview=\"message\">\n<div class=\"j83agx80 cbu4d94t ew0dbk1b irj2b8pg\">\n<div class=\"qzhwtbm6 knvmm38d\">\n<div class=\"kvgmc6g5 cxmmr5t8 oygrvhab hcukyx3x c1et5uql ii04i59q\">\n<div dir=\"auto\"><strong>LA ESCUELA MUNICIPAL DE F\u00daTBOL, VISIT\u00d3 A SACACHISPAS EN OTRA FECHA DEL TORNEO DE FUTBOL DE LA LIGA DE PILAR.<\/strong><\/div>\n<div dir=\"auto\"><\/div>\n<\/div>\n<\/div>\n<\/div>\n<\/div>\n<\/div>\n<\/div>\n<\/div>\n<\/div>\n<\/div>\n<\/div>\n<p><!--more--><\/p>\n<div dir=\"auto\"><img loading=\"lazy\" decoding=\"async\" class=\"alignleft size-full wp-image-17153\" src=\"https:\/\/revistaepocadigital.com.ar\/wp-content\/uploads\/2022\/08\/00.jpg\" alt=\"\" width=\"676\" height=\"676\" srcset=\"https:\/\/revistaepocadigital.com.ar\/wp-content\/uploads\/2022\/08\/00.jpg 676w, https:\/\/revistaepocadigital.com.ar\/wp-content\/uploads\/2022\/08\/00-300x300.jpg 300w, https:\/\/revistaepocadigital.com.ar\/wp-content\/uploads\/2022\/08\/00-150x150.jpg 150w, https:\/\/revistaepocadigital.com.ar\/wp-content\/uploads\/2022\/08\/00-420x420.jpg 420w\" sizes=\"auto, (max-width: 676px) 100vw, 676px\" \/><\/div>\n<div>\n<div class=\"cwj9ozl2 qbxu24ho bxzzcbxg lxuwth05 h2mp5456 ue3kfks5 pw54ja7n uo3d90p7 l82x9zwi goun2846 ccm00jje s44p3ltw mk2mc5f4 frvqaej8 ed0hlay0 afxsp9o4 jcgfde61 tvfksri0 ozuftl9m\">\n<div class=\"\">\n<div class=\"hqeojc4l\">\n<div class=\"\" dir=\"auto\">\n<div class=\"\" dir=\"auto\">\n<div class=\"ecm0bbzt hv4rvrfc ihqw7lf3 dati1w0a\" data-ad-comet-preview=\"message\" data-ad-preview=\"message\">\n<div class=\"j83agx80 cbu4d94t ew0dbk1b irj2b8pg\">\n<div class=\"qzhwtbm6 knvmm38d\">\n<div class=\"cxmmr5t8 oygrvhab hcukyx3x c1et5uql o9v6fnle ii04i59q\">\n<div dir=\"auto\"><\/div>\n<div dir=\"auto\"><\/div>\n<div dir=\"auto\"><\/div>\n<div dir=\"auto\"><\/div>\n<div dir=\"auto\"><\/div>\n<div dir=\"auto\"><\/div>\n<div dir=\"auto\"><\/div>\n<div dir=\"auto\">Estos fueron los resultados en las distintas categor\u00edas, seg\u00fan el informe de la Direcci\u00f3n de Deportes del municipio:<\/div>\n<div dir=\"auto\"><\/div>\n<div dir=\"auto\">2014 2015 Sacachispas 1 pdt 1<\/div>\n<div dir=\"auto\">2012 2013 Sacachispas 0 pdt 0<\/div>\n<div dir=\"auto\">2010 2011 Sacachispas 0 pdt 3<\/div>\n<div dir=\"auto\">2008 2009 Sacachispas 1 pdt 1<\/div>\n<div dir=\"auto\">2006 2007 Sacachispas 1 pdt 1<\/div>\n<div dir=\"auto\">Sub 11 fem Sacachispas 1 pdt 0<\/div>\n<div dir=\"auto\">Sub 15 fem Sacachispas 2 pdt 0<\/div>\n<div dir=\"auto\">2004 2005 Sacachispas 0 pdt 1<\/div>\n<\/div>\n<div class=\"cxmmr5t8 oygrvhab hcukyx3x c1et5uql o9v6fnle ii04i59q\">\n<div dir=\"auto\"><\/div>\n<div dir=\"auto\">Escuela de F\u00fatbol Municipal Pelota de Trapo.<\/div>\n<\/div>\n<div class=\"cxmmr5t8 oygrvhab hcukyx3x c1et5uql o9v6fnle ii04i59q\">\n<div dir=\"auto\">Coordinadores: Coco y Luciano Mirandeborde.<\/div>\n<\/div>\n<div class=\"cxmmr5t8 oygrvhab hcukyx3x c1et5uql o9v6fnle ii04i59q\">\n<div dir=\"auto\">2004\/5 Luciano Mirandeborde y Francisco Spalletti<\/div>\n<div dir=\"auto\">2006\/7 Miguel Heinse<\/div>\n<div dir=\"auto\">2008\/9 Coco Mirandeborde y Jorge Bralliar<\/div>\n<div dir=\"auto\">2010\/1 Ariel Heinse y Luciano Mirandeborde<\/div>\n<div dir=\"auto\">Sub 11 femenino Coco Mirandeborde y Jorge Bralliar<\/div>\n<div dir=\"auto\">Sub 15 Luciano mirandeborde y Marcelo Rinaudo<\/div>\n<div dir=\"auto\">2014\/15 Miguel Heinse y Jorge Bralliar<\/div>\n<div dir=\"auto\">2012\/13 Miguel Heinse<\/div>\n<\/div>\n<div class=\"cxmmr5t8 oygrvhab hcukyx3x c1et5uql o9v6fnle ii04i59q\">\n<div dir=\"auto\"><\/div>\n<div dir=\"auto\"><\/div>\n<\/div>\n<\/div>\n<\/div>\n<\/div>\n<\/div>\n<\/div>\n<\/div>\n<\/div>\n<\/div>\n<\/div>\n<div>\n<div class=\"stjgntxs ni8dbmo4 l82x9zwi uo3d90p7 h905i5nu monazrh9\" data-visualcompletion=\"ignore-dynamic\">\n<div>\n<div>\n<div>\n<div class=\"l9j0dhe7\">\n<div class=\"bp9cbjyn m9osqain j83agx80 jq4qci2q bkfpd7mw a3bd9o3v kvgmc6g5 wkznzc2l oygrvhab dhix69tm jktsbyx5 rz4wbd8a osnr6wyh a8nywdso s1tcr66n\">\n<div class=\"bp9cbjyn j83agx80 buofh1pr ni8dbmo4 stjgntxs\"><\/div>\n<\/div>\n<\/div>\n<\/div>\n<\/div>\n<\/div>\n<\/div>\n<\/div>\n<div class=\"\"><\/div>\n","protected":false},"excerpt":{"rendered":"<p>LA ESCUELA MUNICIPAL DE F\u00daTBOL, VISIT\u00d3 A SACACHISPAS EN OTRA FECHA DEL TORNEO DE FUTBOL DE LA LIGA DE PILAR.<\/p>\n","protected":false},"author":3,"featured_media":17152,"comment_status":"open","ping_status":"open","sticky":false,"template":"","format":"standard","meta":{"footnotes":"","jetpack_publicize_message":"","jetpack_publicize_feature_enabled":true,"jetpack_social_post_already_shared":false,"jetpack_social_options":{"image_generator_settings":{"template":"highway","default_image_id":0,"font":"","enabled":false},"version":2}},"categories":[6],"tags":[127],"class_list":["post-17150","post","type-post","status-publish","format-standard","has-post-thumbnail","hentry","category-barrios","tag-pelota-de-trapo"],"jetpack_publicize_connections":[],"jetpack_featured_media_url":"https:\/\/revistaepocadigital.com.ar\/wp-content\/uploads\/2022\/08\/unnamed-file.jpg","jetpack_likes_enabled":true,"_links":{"self":[{"href":"https:\/\/revistaepocadigital.com.ar\/index.php?rest_route=\/wp\/v2\/posts\/17150","targetHints":{"allow":["GET"]}}],"collection":[{"href":"https:\/\/revistaepocadigital.com.ar\/index.php?rest_route=\/wp\/v2\/posts"}],"about":[{"href":"https:\/\/revistaepocadigital.com.ar\/index.php?rest_route=\/wp\/v2\/types\/post"}],"author":[{"embeddable":true,"href":"https:\/\/revistaepocadigital.com.ar\/index.php?rest_route=\/wp\/v2\/users\/3"}],"replies":[{"embeddable":true,"href":"https:\/\/revistaepocadigital.com.ar\/index.php?rest_route=%2Fwp%2Fv2%2Fcomments&post=17150"}],"version-history":[{"count":0,"href":"https:\/\/revistaepocadigital.com.ar\/index.php?rest_route=\/wp\/v2\/posts\/17150\/revisions"}],"wp:featuredmedia":[{"embeddable":true,"href":"https:\/\/revistaepocadigital.com.ar\/index.php?rest_route=\/wp\/v2\/media\/17152"}],"wp:attachment":[{"href":"https:\/\/revistaepocadigital.com.ar\/index.php?rest_route=%2Fwp%2Fv2%2Fmedia&parent=17150"}],"wp:term":[{"taxonomy":"category","embeddable":true,"href":"https:\/\/revistaepocadigital.com.ar\/index.php?rest_route=%2Fwp%2Fv2%2Fcategories&post=17150"},{"taxonomy":"post_tag","embeddable":true,"href":"https:\/\/revistaepocadigital.com.ar\/index.php?rest_route=%2Fwp%2Fv2%2Ftags&post=17150"}],"curies":[{"name":"wp","href":"https:\/\/api.w.org\/{rel}","templated":true}]}}