{"id":17156,"date":"2022-08-08T09:31:05","date_gmt":"2022-08-08T12:31:05","guid":{"rendered":"https:\/\/revistaepocadigital.com.ar\/?p=17156"},"modified":"2022-08-08T09:31:05","modified_gmt":"2022-08-08T12:31:05","slug":"volvio-el-colectivo-para-los-alumnos-de-la-escuela-de-la-lata","status":"publish","type":"post","link":"https:\/\/revistaepocadigital.com.ar\/?p=17156","title":{"rendered":"Volvi\u00f3 el colectivo para los alumnos de la escuela de La Lata"},"content":{"rendered":"<div class=\"cxmmr5t8 oygrvhab hcukyx3x c1et5uql o9v6fnle ii04i59q\">\n<div dir=\"auto\"><strong>LO CONSIGN\u00d3 EL CONCEJAL RA\u00daL SANCHO (JUNTOS) EN SU CUENTA EN LA RED SOCIAL FACEBOOK, Y TAMBI\u00c9N HIZO CR\u00cdTICAS.<!--more--><\/strong><\/div>\n<div dir=\"auto\"><\/div>\n<div dir=\"auto\"><\/div>\n<div dir=\"auto\"><em>&#8220;Despu\u00e9s de 6 meses que hace que los pap\u00e1s est\u00e1n pidiendo su restablecimiento y a tan solo un d\u00eda de que se vote la ordenanza presentada desde nuestro bloque en el concejo deliberante, los alumnos de La Escuela de La Lata recuperaron el transporte.<\/em><\/div>\n<\/div>\n<p>&nbsp;<\/p>\n<p><em>Ha sido en eso fundamental la tarea de las familias que no dejaron de pelear por aquellos que es mejor para sus ni\u00f1os, para su educaci\u00f3n y su futuro.<\/em><\/p>\n<div class=\"cxmmr5t8 oygrvhab hcukyx3x c1et5uql o9v6fnle ii04i59q\">\n<div dir=\"auto\"><em>Queremos tambi\u00e9n que el transporte conste en una ordenanza que evite que cada a\u00f1o tengan que pasar por esto, que tengan la certeza de que cuentan con ello c\u00f3mo ocurri\u00f3 tantos a\u00f1os antes de la pandemia.<\/em><\/div>\n<div dir=\"auto\"><\/div>\n<\/div>\n<div class=\"cxmmr5t8 oygrvhab hcukyx3x c1et5uql o9v6fnle ii04i59q\">\n<div dir=\"auto\"><em>Ma\u00f1ana martes (9\/8) a las 19:30 horas se vota en el concejo deliberante la ordenanza, que hace que este transporte para que los ni\u00f1os lleguen a la escuela sea un derecho, que no dependa de la voluntad de quien gobierna y que no tengan que estar las familias reclamando 6 meses para volverlo a tener. La uni\u00f3n hace la fuerza&#8221;<\/em><\/div>\n<\/div>\n<div class=\"cxmmr5t8 oygrvhab hcukyx3x c1et5uql o9v6fnle ii04i59q\">\n<div dir=\"auto\"><\/div>\n<\/div>\n","protected":false},"excerpt":{"rendered":"<p>LO CONSIGN\u00d3 EL CONCEJAL RA\u00daL SANCHO (JUNTOS) EN SU CUENTA EN LA RED SOCIAL FACEBOOK, Y TAMBI\u00c9N HIZO CR\u00cdTICAS.<\/p>\n","protected":false},"author":3,"featured_media":17158,"comment_status":"open","ping_status":"open","sticky":false,"template":"","format":"standard","meta":{"footnotes":"","jetpack_publicize_message":"","jetpack_publicize_feature_enabled":true,"jetpack_social_post_already_shared":false,"jetpack_social_options":{"image_generator_settings":{"template":"highway","default_image_id":0,"font":"","enabled":false},"version":2}},"categories":[13],"tags":[1881,1972],"class_list":["post-17156","post","type-post","status-publish","format-standard","has-post-thumbnail","hentry","category-interes-general","tag-colectivos","tag-la-latra"],"jetpack_publicize_connections":[],"jetpack_featured_media_url":"https:\/\/revistaepocadigital.com.ar\/wp-content\/uploads\/2022\/08\/COLECTIVO-LA-LATA.jpg","jetpack_likes_enabled":true,"_links":{"self":[{"href":"https:\/\/revistaepocadigital.com.ar\/index.php?rest_route=\/wp\/v2\/posts\/17156","targetHints":{"allow":["GET"]}}],"collection":[{"href":"https:\/\/revistaepocadigital.com.ar\/index.php?rest_route=\/wp\/v2\/posts"}],"about":[{"href":"https:\/\/revistaepocadigital.com.ar\/index.php?rest_route=\/wp\/v2\/types\/post"}],"author":[{"embeddable":true,"href":"https:\/\/revistaepocadigital.com.ar\/index.php?rest_route=\/wp\/v2\/users\/3"}],"replies":[{"embeddable":true,"href":"https:\/\/revistaepocadigital.com.ar\/index.php?rest_route=%2Fwp%2Fv2%2Fcomments&post=17156"}],"version-history":[{"count":0,"href":"https:\/\/revistaepocadigital.com.ar\/index.php?rest_route=\/wp\/v2\/posts\/17156\/revisions"}],"wp:featuredmedia":[{"embeddable":true,"href":"https:\/\/revistaepocadigital.com.ar\/index.php?rest_route=\/wp\/v2\/media\/17158"}],"wp:attachment":[{"href":"https:\/\/revistaepocadigital.com.ar\/index.php?rest_route=%2Fwp%2Fv2%2Fmedia&parent=17156"}],"wp:term":[{"taxonomy":"category","embeddable":true,"href":"https:\/\/revistaepocadigital.com.ar\/index.php?rest_route=%2Fwp%2Fv2%2Fcategories&post=17156"},{"taxonomy":"post_tag","embeddable":true,"href":"https:\/\/revistaepocadigital.com.ar\/index.php?rest_route=%2Fwp%2Fv2%2Ftags&post=17156"}],"curies":[{"name":"wp","href":"https:\/\/api.w.org\/{rel}","templated":true}]}}