{"id":17169,"date":"2022-08-11T09:04:52","date_gmt":"2022-08-11T12:04:52","guid":{"rendered":"https:\/\/revistaepocadigital.com.ar\/?p=17169"},"modified":"2022-08-11T09:51:30","modified_gmt":"2022-08-11T12:51:30","slug":"anses-te-informa-los-calendarios-de-pagos-que-comienzan-el-lunes-8-de-agosto","status":"publish","type":"post","link":"https:\/\/revistaepocadigital.com.ar\/?p=17169","title":{"rendered":"ANSES TE INFORMA. CALENDARIOS DE PAGOS POR ASIGNACI\u00d3N POR EMBARAZO Y BECAS PROGRESAR"},"content":{"rendered":"<p><strong>INFORMACI\u00d3N IMPORTANTE. ACTUALIZACI\u00d3N. <\/strong><!--more--><\/p>\n<p>Comenzaron los pagos de la Asignaci\u00f3n por Embarazo y de las becas Progresar para j\u00f3venes de 16 a 24 a\u00f1os.<\/p>\n<div class=\"msg-body P_wpofO mq_AS\" data-test-id=\"message-view-body-content\">\n<div class=\"jb_0 X_6MGW N_6Fd5\">\n<div id=\"yiv1551514154\">\n<div class=\"yiv1551514154WordSection1\">\n<p class=\"yiv1551514154MsoNormal\"><strong>En este sentido, los calendarios quedaron conformados de la siguiente manera:<\/strong><\/p>\n<p class=\"yiv1551514154MsoNormal\"><strong>Asignaci\u00f3n por Embarazo<\/strong><\/p>\n<p class=\"yiv1551514154MsoListParagraphCxSpFirst\"><strong>\u00b7\u00a0\u00a0\u00a0\u00a0\u00a0\u00a0\u00a0\u00a0<\/strong><strong>DNI terminados en 0: 10 de agosto<\/strong><\/p>\n<p class=\"yiv1551514154MsoListParagraphCxSpMiddle\"><strong>\u00b7\u00a0\u00a0\u00a0\u00a0\u00a0\u00a0\u00a0\u00a0<\/strong><strong>DNI terminados en 1: 11 de agosto<\/strong><\/p>\n<p class=\"yiv1551514154MsoListParagraphCxSpMiddle\"><strong>\u00b7\u00a0\u00a0\u00a0\u00a0\u00a0\u00a0\u00a0\u00a0<\/strong><strong>DNI terminados en 2: 12 de agosto<\/strong><\/p>\n<p class=\"yiv1551514154MsoListParagraphCxSpMiddle\"><strong>\u00b7\u00a0\u00a0\u00a0\u00a0\u00a0\u00a0\u00a0\u00a0<\/strong><strong>DNI terminados en 3: 16 de agosto<\/strong><\/p>\n<p class=\"yiv1551514154MsoListParagraphCxSpMiddle\"><strong>\u00b7\u00a0\u00a0\u00a0\u00a0\u00a0\u00a0\u00a0\u00a0<\/strong><strong>DNI terminados en 4: 17 de agosto<\/strong><\/p>\n<p class=\"yiv1551514154MsoListParagraphCxSpMiddle\"><strong>\u00b7\u00a0\u00a0\u00a0\u00a0\u00a0\u00a0\u00a0\u00a0<\/strong><strong>DNI terminados en 5: 18 de agosto<\/strong><\/p>\n<p class=\"yiv1551514154MsoListParagraphCxSpMiddle\"><strong>\u00b7\u00a0\u00a0\u00a0\u00a0\u00a0\u00a0\u00a0\u00a0<\/strong><strong>DNI terminados en 6: 19 de agosto<\/strong><\/p>\n<p class=\"yiv1551514154MsoListParagraphCxSpMiddle\"><strong>\u00b7\u00a0\u00a0\u00a0\u00a0\u00a0\u00a0\u00a0\u00a0<\/strong><strong>DNI terminados en 7: 22 de agosto<\/strong><\/p>\n<p class=\"yiv1551514154MsoListParagraphCxSpMiddle\"><strong>\u00b7\u00a0\u00a0\u00a0\u00a0\u00a0\u00a0\u00a0\u00a0<\/strong><strong>DNI terminados en 8: 23 de agosto<\/strong><\/p>\n<p class=\"yiv1551514154MsoListParagraphCxSpLast\"><strong>\u00b7\u00a0\u00a0\u00a0\u00a0\u00a0\u00a0\u00a0\u00a0<\/strong><strong>DNI terminados en 9: 24 de agosto<\/strong><\/p>\n<p class=\"yiv1551514154MsoNormal\"><strong>Becas Progresar<\/strong><\/p>\n<p class=\"yiv1551514154MsoListParagraphCxSpFirst\"><strong>\u00b7\u00a0\u00a0\u00a0\u00a0\u00a0\u00a0\u00a0\u00a0<\/strong><strong>DNI terminados en 0 y 1: 10 de agosto<\/strong><\/p>\n<p class=\"yiv1551514154MsoListParagraphCxSpMiddle\"><strong>\u00b7\u00a0\u00a0\u00a0\u00a0\u00a0\u00a0\u00a0\u00a0<\/strong><strong>DNI terminados en 2 y 3: 11 de agosto<\/strong><\/p>\n<p class=\"yiv1551514154MsoListParagraphCxSpMiddle\"><strong>\u00b7\u00a0\u00a0\u00a0\u00a0\u00a0\u00a0\u00a0\u00a0<\/strong><strong>DNI terminados en 4 y 5: 12 de agosto<\/strong><\/p>\n<p class=\"yiv1551514154MsoListParagraphCxSpMiddle\"><strong>\u00b7\u00a0\u00a0\u00a0\u00a0\u00a0\u00a0\u00a0\u00a0<\/strong><strong>DNI terminados en 6 y 7: 16 de agosto<\/strong><\/p>\n<p class=\"yiv1551514154MsoListParagraphCxSpLast\"><strong>\u00b7\u00a0\u00a0\u00a0\u00a0\u00a0\u00a0\u00a0\u00a0\u00a0<\/strong><strong>DNI terminados en 8 y 9: 17 de agosto<\/strong><\/p>\n<p class=\"yiv1551514154MsoNormal\"><b>\u00a0<\/b><\/p>\n<p class=\"yiv1551514154MsoNormal\">&#8230;&#8230;&#8230;&#8230;&#8230;&#8230;&#8230;&#8230;&#8230;&#8230;&#8230;&#8230;&#8230;&#8230;&#8230;&#8230;&#8230;<\/p>\n<\/div>\n<\/div>\n<\/div>\n<\/div>\n<p><strong>PAGOS DE JUBILACIONES Y PENSIONES.<\/strong><\/p>\n<p>&nbsp;<\/p>\n<p class=\"yiv6483099842MsoNormal\">ANSES informa que comenzaron los pagos de jubilaciones y pensiones que NO SUPERAN la suma de 42.178 pesos, de la Asignaci\u00f3n Universal por Hijo (AUH) y de las Asignaciones Familiares por Hijo.<\/p>\n<p class=\"yiv6483099842MsoNormal\"><strong>En este sentido, los cronogramas quedan conformados de la siguiente manera:<img loading=\"lazy\" decoding=\"async\" class=\"alignleft size-full wp-image-17170\" src=\"https:\/\/revistaepocadigital.com.ar\/wp-content\/uploads\/2022\/08\/ASSS.jpeg\" alt=\"\" width=\"896\" height=\"896\" srcset=\"https:\/\/revistaepocadigital.com.ar\/wp-content\/uploads\/2022\/08\/ASSS.jpeg 896w, https:\/\/revistaepocadigital.com.ar\/wp-content\/uploads\/2022\/08\/ASSS-300x300.jpeg 300w, https:\/\/revistaepocadigital.com.ar\/wp-content\/uploads\/2022\/08\/ASSS-150x150.jpeg 150w, https:\/\/revistaepocadigital.com.ar\/wp-content\/uploads\/2022\/08\/ASSS-768x768.jpeg 768w, https:\/\/revistaepocadigital.com.ar\/wp-content\/uploads\/2022\/08\/ASSS-696x696.jpeg 696w, https:\/\/revistaepocadigital.com.ar\/wp-content\/uploads\/2022\/08\/ASSS-420x420.jpeg 420w, https:\/\/revistaepocadigital.com.ar\/wp-content\/uploads\/2022\/08\/ASSS-840x840.jpeg 840w\" sizes=\"auto, (max-width: 896px) 100vw, 896px\" \/><\/strong><\/p>\n<p>&nbsp;<\/p>\n<p>&nbsp;<\/p>\n<p>&nbsp;<\/p>\n<p><img loading=\"lazy\" decoding=\"async\" class=\"alignleft size-full wp-image-17171\" src=\"https:\/\/revistaepocadigital.com.ar\/wp-content\/uploads\/2022\/08\/ASS1.jpeg\" alt=\"\" width=\"896\" height=\"896\" srcset=\"https:\/\/revistaepocadigital.com.ar\/wp-content\/uploads\/2022\/08\/ASS1.jpeg 896w, https:\/\/revistaepocadigital.com.ar\/wp-content\/uploads\/2022\/08\/ASS1-300x300.jpeg 300w, https:\/\/revistaepocadigital.com.ar\/wp-content\/uploads\/2022\/08\/ASS1-150x150.jpeg 150w, https:\/\/revistaepocadigital.com.ar\/wp-content\/uploads\/2022\/08\/ASS1-768x768.jpeg 768w, https:\/\/revistaepocadigital.com.ar\/wp-content\/uploads\/2022\/08\/ASS1-696x696.jpeg 696w, https:\/\/revistaepocadigital.com.ar\/wp-content\/uploads\/2022\/08\/ASS1-420x420.jpeg 420w, https:\/\/revistaepocadigital.com.ar\/wp-content\/uploads\/2022\/08\/ASS1-840x840.jpeg 840w\" sizes=\"auto, (max-width: 896px) 100vw, 896px\" \/><\/p>\n","protected":false},"excerpt":{"rendered":"<p>INFORMACI\u00d3N IMPORTANTE. ACTUALIZACI\u00d3N.<\/p>\n","protected":false},"author":3,"featured_media":17170,"comment_status":"open","ping_status":"open","sticky":false,"template":"","format":"standard","meta":{"footnotes":"","jetpack_publicize_message":"","jetpack_publicize_feature_enabled":true,"jetpack_social_post_already_shared":false,"jetpack_social_options":{"image_generator_settings":{"template":"highway","default_image_id":0,"font":"","enabled":false},"version":2}},"categories":[81,13],"tags":[],"class_list":["post-17169","post","type-post","status-publish","format-standard","has-post-thumbnail","hentry","category-anses","category-interes-general"],"jetpack_publicize_connections":[],"jetpack_featured_media_url":"https:\/\/revistaepocadigital.com.ar\/wp-content\/uploads\/2022\/08\/ASSS.jpeg","jetpack_likes_enabled":true,"_links":{"self":[{"href":"https:\/\/revistaepocadigital.com.ar\/index.php?rest_route=\/wp\/v2\/posts\/17169","targetHints":{"allow":["GET"]}}],"collection":[{"href":"https:\/\/revistaepocadigital.com.ar\/index.php?rest_route=\/wp\/v2\/posts"}],"about":[{"href":"https:\/\/revistaepocadigital.com.ar\/index.php?rest_route=\/wp\/v2\/types\/post"}],"author":[{"embeddable":true,"href":"https:\/\/revistaepocadigital.com.ar\/index.php?rest_route=\/wp\/v2\/users\/3"}],"replies":[{"embeddable":true,"href":"https:\/\/revistaepocadigital.com.ar\/index.php?rest_route=%2Fwp%2Fv2%2Fcomments&post=17169"}],"version-history":[{"count":0,"href":"https:\/\/revistaepocadigital.com.ar\/index.php?rest_route=\/wp\/v2\/posts\/17169\/revisions"}],"wp:featuredmedia":[{"embeddable":true,"href":"https:\/\/revistaepocadigital.com.ar\/index.php?rest_route=\/wp\/v2\/media\/17170"}],"wp:attachment":[{"href":"https:\/\/revistaepocadigital.com.ar\/index.php?rest_route=%2Fwp%2Fv2%2Fmedia&parent=17169"}],"wp:term":[{"taxonomy":"category","embeddable":true,"href":"https:\/\/revistaepocadigital.com.ar\/index.php?rest_route=%2Fwp%2Fv2%2Fcategories&post=17169"},{"taxonomy":"post_tag","embeddable":true,"href":"https:\/\/revistaepocadigital.com.ar\/index.php?rest_route=%2Fwp%2Fv2%2Ftags&post=17169"}],"curies":[{"name":"wp","href":"https:\/\/api.w.org\/{rel}","templated":true}]}}