{"id":17178,"date":"2022-08-08T23:39:41","date_gmt":"2022-08-09T02:39:41","guid":{"rendered":"https:\/\/revistaepocadigital.com.ar\/?p=17178"},"modified":"2022-08-08T23:41:57","modified_gmt":"2022-08-09T02:41:57","slug":"el-colectivo-a-la-lata-lo-que-informo-el-municipio","status":"publish","type":"post","link":"https:\/\/revistaepocadigital.com.ar\/?p=17178","title":{"rendered":"El colectivo a La Lata, lo que inform\u00f3 el municipio"},"content":{"rendered":"<div>\n<div class=\"cwj9ozl2 qbxu24ho bxzzcbxg lxuwth05 h2mp5456 ue3kfks5 pw54ja7n uo3d90p7 l82x9zwi goun2846 ccm00jje s44p3ltw mk2mc5f4 frvqaej8 ed0hlay0 afxsp9o4 jcgfde61 tvfksri0 ozuftl9m\">\n<div class=\"\">\n<div class=\"hqeojc4l\">\n<div class=\"\" dir=\"auto\">\n<div class=\"\" dir=\"auto\">\n<div class=\"ecm0bbzt hv4rvrfc ihqw7lf3 dati1w0a\" data-ad-comet-preview=\"message\" data-ad-preview=\"message\">\n<div class=\"j83agx80 cbu4d94t ew0dbk1b irj2b8pg\">\n<div class=\"qzhwtbm6 knvmm38d\">\n<div class=\"kvgmc6g5 cxmmr5t8 oygrvhab hcukyx3x c1et5uql ii04i59q\">\n<div dir=\"auto\">\n<p><strong><strong>DESDE LA SECRETAR\u00cdA DE POL\u00cdTICAS EDUCATIVAS, TAMBI\u00c9N INFOMARON SOBRE LA VUELTA DEL TRANSPORTE A LA LATA.<\/strong><\/strong><!--more--><\/p>\n<div>\n<div class=\"stjgntxs ni8dbmo4 l82x9zwi uo3d90p7 h905i5nu monazrh9\" data-visualcompletion=\"ignore-dynamic\">\n<div>\n<div>\n<div>\n<div class=\"l9j0dhe7\">\n<div class=\"bp9cbjyn m9osqain j83agx80 jq4qci2q bkfpd7mw a3bd9o3v kvgmc6g5 wkznzc2l oygrvhab dhix69tm jktsbyx5 rz4wbd8a osnr6wyh a8nywdso s1tcr66n\">\n<div class=\"bp9cbjyn j83agx80 buofh1pr ni8dbmo4 stjgntxs\"><\/div>\n<\/div>\n<\/div>\n<\/div>\n<\/div>\n<\/div>\n<\/div>\n<\/div>\n<\/div>\n<\/div>\n<\/div>\n<div dir=\"auto\">El trasfondo pol\u00edtico entre el oficialismo y la oposici\u00f3n, qued\u00f3 nuevamente reflejado. Desde la Secretar\u00eda de Pol\u00edticas Educativas se inform\u00f3 (8\/8):<em> &#8220;El d\u00eda de hoy y c\u00f3mo hace 15 a\u00f1os retom\u00f3 el viaje a la Lata, para los alumnos que tienen su trayectoria escolar en la instituci\u00f3n educativa&#8221;.<\/em><\/div>\n<div dir=\"auto\"><\/div>\n<div class=\"qzhwtbm6 knvmm38d\">\n<div class=\"cxmmr5t8 oygrvhab hcukyx3x c1et5uql o9v6fnle ii04i59q\">\n<div dir=\"auto\"><em>Despu\u00e9s de varias reuniones entre los padres y la Secretar\u00eda de Pol\u00edticas Educativas, donde se solicit\u00f3 la documentaci\u00f3n correspondiente y otras con el transportista, para solicitar la misma de su parte; el viernes (6\/8) se termin\u00f3 de armar el legajo; y tal como lo conversamos con las familias, luego de las vacaciones arranc\u00f3 el transporte que estuvo suspendido durante la pandemia&#8221;.<\/em><\/div>\n<div dir=\"auto\"><\/div>\n<div dir=\"auto\">El informe se ampli\u00f3 de esta manera, &#8220;<em>el hecho de retomar signific\u00f3 contar con: Listado de alumnos, edades, DNI, padres responsables, firmas y la documentaci\u00f3n del transporte autorizado; documentaci\u00f3n de reuniones de UEGD para explicar la decisi\u00f3n y acordar pautas institucionales.\u00a0<\/em><em>Nada es f\u00e1cil cuando en materia de menores se trata.<\/em><\/div>\n<\/div>\n<\/div>\n<\/div>\n<\/div>\n<div dir=\"auto\"><\/div>\n<div class=\"ecm0bbzt hv4rvrfc ihqw7lf3 dati1w0a\" data-ad-comet-preview=\"message\" data-ad-preview=\"message\">\n<div class=\"j83agx80 cbu4d94t ew0dbk1b irj2b8pg\">\n<div class=\"qzhwtbm6 knvmm38d\">\n<div class=\"cxmmr5t8 oygrvhab hcukyx3x c1et5uql o9v6fnle ii04i59q\">\n<div dir=\"auto\">Luego fue informado que &#8220;<em>el intendente, a trav\u00e9s de la Secretar\u00eda de Pol\u00edticas Educativas, aprueba que se destinen $ 180.000,00 mensuales, para que los alumnos que iniciaron su trayecto en la escuela, puedan seguir estudiando en su lugar de pertenencia tambi\u00e9n pensando y proyectando, que la instituci\u00f3n por reubicaci\u00f3n de alumnos no pierda secciones y corramos el riesgo , como paso en Andonahegui Escuela N 18 aproximadamente hace cuatro a\u00f1os, llegue a cerrarse en un futuro.<\/em><\/div>\n<div dir=\"auto\"><\/div>\n<div dir=\"auto\">Y terminaron mencionado, &#8220;apoyamos la educaci\u00f3n p\u00fablica y rural como lo hicimos desde un principio. Nuestro agradecimiento a Rub\u00e9n por su eterno compromiso para con la escuela y las familias&#8221;<\/div>\n<\/div>\n<div dir=\"auto\"><\/div>\n<\/div>\n<\/div>\n<\/div>\n<\/div>\n<\/div>\n<\/div>\n<\/div>\n<\/div>\n<\/div>\n","protected":false},"excerpt":{"rendered":"<p>DESDE LA SECRETAR\u00cdA DE POL\u00cdTICAS EDUCATIVAS, TAMBI\u00c9N INFOMARON SOBRE LA VUELTA DEL TRANSPORTE A LA LATA.<\/p>\n","protected":false},"author":3,"featured_media":17180,"comment_status":"open","ping_status":"open","sticky":false,"template":"","format":"standard","meta":{"footnotes":"","jetpack_publicize_message":"","jetpack_publicize_feature_enabled":true,"jetpack_social_post_already_shared":false,"jetpack_social_options":{"image_generator_settings":{"template":"highway","default_image_id":0,"font":"","enabled":false},"version":2}},"categories":[17],"tags":[1973,1434],"class_list":["post-17178","post","type-post","status-publish","format-standard","has-post-thumbnail","hentry","category-politica","tag-colectivo","tag-la-lata"],"jetpack_publicize_connections":[],"jetpack_featured_media_url":"https:\/\/revistaepocadigital.com.ar\/wp-content\/uploads\/2022\/08\/colectivo.la-lata.jpg","jetpack_likes_enabled":true,"_links":{"self":[{"href":"https:\/\/revistaepocadigital.com.ar\/index.php?rest_route=\/wp\/v2\/posts\/17178","targetHints":{"allow":["GET"]}}],"collection":[{"href":"https:\/\/revistaepocadigital.com.ar\/index.php?rest_route=\/wp\/v2\/posts"}],"about":[{"href":"https:\/\/revistaepocadigital.com.ar\/index.php?rest_route=\/wp\/v2\/types\/post"}],"author":[{"embeddable":true,"href":"https:\/\/revistaepocadigital.com.ar\/index.php?rest_route=\/wp\/v2\/users\/3"}],"replies":[{"embeddable":true,"href":"https:\/\/revistaepocadigital.com.ar\/index.php?rest_route=%2Fwp%2Fv2%2Fcomments&post=17178"}],"version-history":[{"count":0,"href":"https:\/\/revistaepocadigital.com.ar\/index.php?rest_route=\/wp\/v2\/posts\/17178\/revisions"}],"wp:featuredmedia":[{"embeddable":true,"href":"https:\/\/revistaepocadigital.com.ar\/index.php?rest_route=\/wp\/v2\/media\/17180"}],"wp:attachment":[{"href":"https:\/\/revistaepocadigital.com.ar\/index.php?rest_route=%2Fwp%2Fv2%2Fmedia&parent=17178"}],"wp:term":[{"taxonomy":"category","embeddable":true,"href":"https:\/\/revistaepocadigital.com.ar\/index.php?rest_route=%2Fwp%2Fv2%2Fcategories&post=17178"},{"taxonomy":"post_tag","embeddable":true,"href":"https:\/\/revistaepocadigital.com.ar\/index.php?rest_route=%2Fwp%2Fv2%2Ftags&post=17178"}],"curies":[{"name":"wp","href":"https:\/\/api.w.org\/{rel}","templated":true}]}}