{"id":17212,"date":"2022-08-11T01:00:44","date_gmt":"2022-08-11T04:00:44","guid":{"rendered":"https:\/\/revistaepocadigital.com.ar\/?p=17212"},"modified":"2022-08-11T09:49:39","modified_gmt":"2022-08-11T12:49:39","slug":"ruta-bus-entrara-en-los-barrios-san-jose-del-tala-y-los-floristas","status":"publish","type":"post","link":"https:\/\/revistaepocadigital.com.ar\/?p=17212","title":{"rendered":"Ruta Bus por los barrios San Jos\u00e9 del Tala y Los Floristas"},"content":{"rendered":"<div class=\"\" dir=\"auto\">\n<div id=\"jsc_c_u6\" class=\"ecm0bbzt hv4rvrfc ihqw7lf3 dati1w0a\" data-ad-comet-preview=\"message\" data-ad-preview=\"message\">\n<div class=\"j83agx80 cbu4d94t ew0dbk1b irj2b8pg\">\n<div class=\"qzhwtbm6 knvmm38d\">\n<div class=\"kvgmc6g5 cxmmr5t8 oygrvhab hcukyx3x c1et5uql ii04i59q\">\n<div dir=\"auto\">\n<p><strong><strong>APROB\u00d3 EL CONCEJO DELIBERANTE POR UNANIMIDAD LA COMUNICACI\u00d3N, PARA SOLICITAR AL INTENDENTE QUE EFECT\u00daE LAS GESTIONES PARA CONCRETAR ESOS CAMBIOS EN LOS RECORRIDOS.<\/strong><\/strong><\/p>\n<div class=\"\" dir=\"auto\">\n<div id=\"jsc_c_u6\" class=\"ecm0bbzt hv4rvrfc ihqw7lf3 dati1w0a\" data-ad-comet-preview=\"message\" data-ad-preview=\"message\">\n<div class=\"j83agx80 cbu4d94t ew0dbk1b irj2b8pg\">\n<div class=\"qzhwtbm6 knvmm38d\">\n<div class=\"cxmmr5t8 oygrvhab hcukyx3x c1et5uql o9v6fnle ii04i59q\">\n<div dir=\"auto\"><\/div>\n<\/div>\n<\/div>\n<\/div>\n<\/div>\n<\/div>\n<p><!--more--><\/p>\n<p>En la \u00faltima sesi\u00f3n del HCD (9\/8) fue aprobado por unanimidad, el ingreso de la empres a de colectivos Ruta Bus a los barrios San Jos\u00e9 del Tala y Los Floristas aleda\u00f1os a Los Cardales. El proyecto fue presentado por el bloque de Juntos, y era comunicado al intendente Nanni, a modo que realizara las gestiones con la empresa Ruta Bus con el fin de concreetarlo.<\/p>\n<\/div>\n<\/div>\n<div class=\"cxmmr5t8 oygrvhab hcukyx3x c1et5uql o9v6fnle ii04i59q\">\n<div dir=\"auto\"><\/div>\n<div dir=\"auto\">&#8220;Es una necesidad urgente para much\u00edsimos vecinos de esos barrios, que tienen que caminar hasta afuera del barrio para tomar el colectivo, muchos de ellos con ni\u00f1os peque\u00f1os y tambi\u00e9n personas con dificultad en el desplazamiento&#8221;, se\u00f1al\u00f3 Ra\u00fal Sancho, presidente del bloque de Juntos.<\/div>\n<div dir=\"auto\"><\/div>\n<div dir=\"auto\">&#8220;Fue una pedido iniciado por nuestro bloque, pero que fue apoyado por todo el cuerpo y que esperamos el intendente tambi\u00e9n acompa\u00f1e, para lograr entre todos un beneficio muy importante para cientos de vecinos que usan el transporte p\u00fablico&#8221;, augur\u00f3 Sancho.<\/div>\n<div dir=\"auto\"><\/div>\n<\/div>\n<\/div>\n<\/div>\n<\/div>\n<\/div>\n<p>&nbsp;<\/p>\n<p>&nbsp;<\/p>\n","protected":false},"excerpt":{"rendered":"<p>APROB\u00d3 EL CONCEJO DELIBERANTE POR UNANIMIDAD LA COMUNICACI\u00d3N, PARA SOLICITAR AL INTENDENTE QUE EFECT\u00daE LAS GESTIONES PARA CONCRETAR ESOS CAMBIOS EN LOS RECORRIDOS.<\/p>\n","protected":false},"author":3,"featured_media":17214,"comment_status":"open","ping_status":"open","sticky":false,"template":"","format":"standard","meta":{"footnotes":"","jetpack_publicize_message":"","jetpack_publicize_feature_enabled":true,"jetpack_social_post_already_shared":false,"jetpack_social_options":{"image_generator_settings":{"template":"highway","default_image_id":0,"font":"","enabled":false},"version":2}},"categories":[4,13],"tags":[1975],"class_list":["post-17212","post","type-post","status-publish","format-standard","has-post-thumbnail","hentry","category-aqui-los-cardales","category-interes-general","tag-collectivos-recorridos"],"jetpack_publicize_connections":[],"jetpack_featured_media_url":"https:\/\/revistaepocadigital.com.ar\/wp-content\/uploads\/2022\/08\/ruta-buss.jpg","jetpack_likes_enabled":true,"_links":{"self":[{"href":"https:\/\/revistaepocadigital.com.ar\/index.php?rest_route=\/wp\/v2\/posts\/17212","targetHints":{"allow":["GET"]}}],"collection":[{"href":"https:\/\/revistaepocadigital.com.ar\/index.php?rest_route=\/wp\/v2\/posts"}],"about":[{"href":"https:\/\/revistaepocadigital.com.ar\/index.php?rest_route=\/wp\/v2\/types\/post"}],"author":[{"embeddable":true,"href":"https:\/\/revistaepocadigital.com.ar\/index.php?rest_route=\/wp\/v2\/users\/3"}],"replies":[{"embeddable":true,"href":"https:\/\/revistaepocadigital.com.ar\/index.php?rest_route=%2Fwp%2Fv2%2Fcomments&post=17212"}],"version-history":[{"count":0,"href":"https:\/\/revistaepocadigital.com.ar\/index.php?rest_route=\/wp\/v2\/posts\/17212\/revisions"}],"wp:featuredmedia":[{"embeddable":true,"href":"https:\/\/revistaepocadigital.com.ar\/index.php?rest_route=\/wp\/v2\/media\/17214"}],"wp:attachment":[{"href":"https:\/\/revistaepocadigital.com.ar\/index.php?rest_route=%2Fwp%2Fv2%2Fmedia&parent=17212"}],"wp:term":[{"taxonomy":"category","embeddable":true,"href":"https:\/\/revistaepocadigital.com.ar\/index.php?rest_route=%2Fwp%2Fv2%2Fcategories&post=17212"},{"taxonomy":"post_tag","embeddable":true,"href":"https:\/\/revistaepocadigital.com.ar\/index.php?rest_route=%2Fwp%2Fv2%2Ftags&post=17212"}],"curies":[{"name":"wp","href":"https:\/\/api.w.org\/{rel}","templated":true}]}}