{"id":17216,"date":"2022-08-11T01:07:33","date_gmt":"2022-08-11T04:07:33","guid":{"rendered":"https:\/\/revistaepocadigital.com.ar\/?p=17216"},"modified":"2022-08-11T01:07:33","modified_gmt":"2022-08-11T04:07:33","slug":"jubilados-aumento-del-1553-por-movilidad-y-un-refuerzo-de-ingresos","status":"publish","type":"post","link":"https:\/\/revistaepocadigital.com.ar\/?p=17216","title":{"rendered":"JUBILADOS: AUMENTO DEL 15,53% POR MOVILIDAD Y UN REFUERZO DE INGRESOS"},"content":{"rendered":"<div class=\"I_ZkbNhI D_FY W_6D6F\" data-test-id=\"message-view-body\">\n<div class=\"msg-body P_wpofO mq_AS\" data-test-id=\"message-view-body-content\">\n<div class=\"jb_0 X_6MGW N_6Fd5\">\n<div>\n<div id=\"yiv9530187356\">\n<div>\n<div class=\"yiv9530187356WordSection1\">\n<p class=\"yiv9530187356MsoNormal\" style=\"text-align: left;\" align=\"center\"><b>RAVERTA Y MASSA LO ANUNCIARON.<\/b><\/p>\n<ul>\n<li><!--more--><\/li>\n<\/ul>\n<p class=\"yiv9530187356MsoNormal\">La directora ejecutiva del organismo,\u00a0<b>Fernanda Raverta<\/b>, y el ministro de Econom\u00eda<b>, Sergio Massa<\/b>, anunciaron un aumento por movilidad del 15,53 por ciento para jubilaciones, pensiones y asignaciones alcanzando a m\u00e1s de 16 millones de argentinas y argentinos.<\/p>\n<p class=\"yiv9530187356MsoNormal\">A este aumento\u00a0<b>se le suma un refuerzo mensual de hasta 7000 pesos que se pagar\u00e1 en los meses de septiembre, octubre y noviembre<\/b>\u00a0hasta el pr\u00f3ximo aumento por movilidad de diciembre. Dicho refuerzo\u00a0<b>alcanza a 6,1 millones de personas<\/b>\u00a0(casi el 85 por ciento de todas las jubilaciones) e ir\u00e1 decreciendo progresivamente hasta los 4000 pesos para quienes tengan ingresos de hasta 2 haberes m\u00ednimos.<\/p>\n<p class=\"yiv9530187356MsoNormal\">Con estos aumentos, a partir de septiembre\u00a0<b>la jubilaci\u00f3n m\u00ednima pasar\u00e1 de 37.525 pesos a 50.353 pesos<\/b>\u00a0y\u00a0<b>las dos jubilaciones m\u00ednimas pasar\u00e1n de 75.050 pesos a 90.705 pesos<\/b>.<\/p>\n<p class=\"yiv9530187356MsoNormal\">De esta forma, la jubilaci\u00f3n m\u00ednima aumentar\u00e1 en lo que va del a\u00f1o un\u00a0<b>73,3 por ciento,\u00a0<\/b>creciendo un\u00a0<b>7,9 por ciento<\/b>\u00a0por arriba de la inflaci\u00f3n.<\/p>\n<p class=\"yiv9530187356MsoNormal\"><a rel=\"nofollow noopener noreferrer\" name=\"_30j0zll\"><\/a><i>\u201cA partir de septiembre, ninguna jubilaci\u00f3n quedar\u00e1 por debajo de los 50.000 pesos. Con este anuncio, adem\u00e1s, garantizamos previsibilidad para lo que resta del a\u00f1o y continuamos protegiendo los ingresos de las familias argentinas\u201d,<\/i>\u00a0se\u00f1al\u00f3\u00a0Raverta.<\/p>\n<p class=\"yiv9530187356MsoNormal\">\u00a0\u201c<i>Estamos dando un paso m\u00e1s para proteger a los jubilados y las jubiladas. Con esta medida, acompa\u00f1amos a quienes m\u00e1s lo necesitan y lo hacemos manteniendo el orden en las cuentas por el incremento de la recaudaci\u00f3n que representa el adelanto de Ganancias<\/i>&#8220;, agreg\u00f3Massa.<\/p>\n<p class=\"yiv9530187356MsoNormal\"><a rel=\"nofollow noopener noreferrer\" name=\"_1fob9te\"><\/a>Este es el s\u00e9ptimo aumento otorgado mediante la Ley de Movilidad 27.609 y el tercero del a\u00f1o 2022. De esta manera,\u00a0<b>la Asignaci\u00f3n Universal por Hija e Hijo pasar\u00e1 a ser de 8471 pesos.\u00a0<\/b>Y tambi\u00e9n se actualizan la Asignaci\u00f3n Familiar por Hija e Hijo, Asignaci\u00f3n por Embarazo, Asignaci\u00f3n Prenatal, Asignaci\u00f3n por Nacimiento y Adopci\u00f3n, Asignaci\u00f3n por Matrimonio y C\u00f3nyuge.<\/p>\n<\/div>\n<\/div>\n<\/div>\n<\/div>\n<\/div>\n<\/div>\n<div class=\"jb_0 X_6MGW N_6Fd5\">\n<div class=\"P_0 je_fq7\">\n<ul class=\"hd_n D_F eo_HB M_gQyVX P_0\">\n<li class=\"E_6Fd5 Y_6LEV\" data-test-id=\"attachment-tray-list-item\">\n<div class=\"W_3n93F p_R\" data-test-id=\"attachment-item\">\n<div class=\"A_6Eb4 i_6FIA J_x D_F r_P\">\n<div class=\"en_0\">\n<div class=\"u_dzD A_6DUj\"><!--more--><\/div>\n<\/div>\n<\/div>\n<\/div>\n<\/li>\n<\/ul>\n<\/div>\n<\/div>\n<\/div>\n<div class=\"H_7jIs D_F ab_C Q_69H5 E_36RhU\" data-test-id=\"toolbar-hover-area\">\n<div class=\"D_F W_6D6F r_BN gl_C\" data-test-id=\"card-toolbar\">\n<div class=\"D_F ab_C en_0 b_Z14vXdP e_3mS2U I_ZkbNhI P_Z1otBpf\"><\/div>\n<\/div>\n<\/div>\n","protected":false},"excerpt":{"rendered":"<p>RAVERTA Y MASSA LO ANUNCIARON.<\/p>\n","protected":false},"author":3,"featured_media":17217,"comment_status":"open","ping_status":"open","sticky":false,"template":"","format":"standard","meta":{"footnotes":"","jetpack_publicize_message":"","jetpack_publicize_feature_enabled":true,"jetpack_social_post_already_shared":false,"jetpack_social_options":{"image_generator_settings":{"template":"highway","default_image_id":0,"font":"","enabled":false},"version":2}},"categories":[17],"tags":[1060],"class_list":["post-17216","post","type-post","status-publish","format-standard","has-post-thumbnail","hentry","category-politica","tag-aumento-jubilados"],"jetpack_publicize_connections":[],"jetpack_featured_media_url":"https:\/\/revistaepocadigital.com.ar\/wp-content\/uploads\/2022\/08\/MASSA-RAVERET.jpg","jetpack_likes_enabled":true,"_links":{"self":[{"href":"https:\/\/revistaepocadigital.com.ar\/index.php?rest_route=\/wp\/v2\/posts\/17216","targetHints":{"allow":["GET"]}}],"collection":[{"href":"https:\/\/revistaepocadigital.com.ar\/index.php?rest_route=\/wp\/v2\/posts"}],"about":[{"href":"https:\/\/revistaepocadigital.com.ar\/index.php?rest_route=\/wp\/v2\/types\/post"}],"author":[{"embeddable":true,"href":"https:\/\/revistaepocadigital.com.ar\/index.php?rest_route=\/wp\/v2\/users\/3"}],"replies":[{"embeddable":true,"href":"https:\/\/revistaepocadigital.com.ar\/index.php?rest_route=%2Fwp%2Fv2%2Fcomments&post=17216"}],"version-history":[{"count":0,"href":"https:\/\/revistaepocadigital.com.ar\/index.php?rest_route=\/wp\/v2\/posts\/17216\/revisions"}],"wp:featuredmedia":[{"embeddable":true,"href":"https:\/\/revistaepocadigital.com.ar\/index.php?rest_route=\/wp\/v2\/media\/17217"}],"wp:attachment":[{"href":"https:\/\/revistaepocadigital.com.ar\/index.php?rest_route=%2Fwp%2Fv2%2Fmedia&parent=17216"}],"wp:term":[{"taxonomy":"category","embeddable":true,"href":"https:\/\/revistaepocadigital.com.ar\/index.php?rest_route=%2Fwp%2Fv2%2Fcategories&post=17216"},{"taxonomy":"post_tag","embeddable":true,"href":"https:\/\/revistaepocadigital.com.ar\/index.php?rest_route=%2Fwp%2Fv2%2Ftags&post=17216"}],"curies":[{"name":"wp","href":"https:\/\/api.w.org\/{rel}","templated":true}]}}