{"id":17234,"date":"2022-08-12T11:26:32","date_gmt":"2022-08-12T14:26:32","guid":{"rendered":"https:\/\/revistaepocadigital.com.ar\/?p=17234"},"modified":"2022-08-12T11:26:54","modified_gmt":"2022-08-12T14:26:54","slug":"la-municipalidad-no-participa-de-la-actividad-del-senor-san-la-muerte","status":"publish","type":"post","link":"https:\/\/revistaepocadigital.com.ar\/?p=17234","title":{"rendered":"LA MUNICIPALIDAD NO PARTICIPA DE LA ACTIVIDAD DEL \u201cSE\u00d1OR SAN LA MUERTE\u201d"},"content":{"rendered":"<div dir=\"ltr\"><strong>INFORMACI\u00d3N DIFUNDIDA POR EL MUNICIPIO DE EXALTACI\u00d3N DE LA CRUZ.<\/strong><\/div>\n<div dir=\"ltr\"><\/div>\n<p><!--more--><\/p>\n<div dir=\"ltr\">El uso de la marca municipal en la invitaci\u00f3n especial del evento \u201cSe\u00f1or San La Muerte\u201d, que se desarrollar\u00e1 en Parada Robles<strong>, no *est\u00e1 autorizado*.<\/strong><\/div>\n<div dir=\"ltr\"><\/div>\n<div dir=\"ltr\">Este encuentro no est\u00e1 asociado a la gesti\u00f3n municipal, ni tiene relaci\u00f3n con las propuestas que se dise\u00f1an desde las distintas direcciones locales<\/div>\n<div dir=\"ltr\"><\/div>\n<div dir=\"ltr\">\n<p><b>San la Muerte<\/b>\u00a0es un\u00a0<a title=\"Santo popular\" href=\"https:\/\/es.wikipedia.org\/wiki\/Santo_popular\">santo popular<\/a>\u00a0o entidad venerada en Am\u00e9rica del sur. La Iglesia Cat\u00f3lica rechaza y condena su veneraci\u00f3n.<\/p>\n<p>Su culto se extiende desde Am\u00e9rica central, en territorios del\u00a0<a title=\"Paraguay\" href=\"https:\/\/es.wikipedia.org\/wiki\/Paraguay\">Paraguay<\/a>, del\u00a0<a class=\"mw-redirect\" title=\"NEA\" href=\"https:\/\/es.wikipedia.org\/wiki\/NEA\">noreste<\/a>\u00a0de\u00a0<a title=\"Argentina\" href=\"https:\/\/es.wikipedia.org\/wiki\/Argentina\">Argentina<\/a>, principalmente en la\u00a0<a title=\"Provincia de Corrientes\" href=\"https:\/\/es.wikipedia.org\/wiki\/Provincia_de_Corrientes\">provincia de Corrientes<\/a>\u00a0y en menor medida en\u00a0<a title=\"Provincia de Misiones\" href=\"https:\/\/es.wikipedia.org\/wiki\/Provincia_de_Misiones\">Misiones<\/a>,\u00a0<a title=\"Provincia del Chaco\" href=\"https:\/\/es.wikipedia.org\/wiki\/Provincia_del_Chaco\">Chaco<\/a>,\u00a0<a title=\"Provincia de Formosa\" href=\"https:\/\/es.wikipedia.org\/wiki\/Provincia_de_Formosa\">Formosa<\/a>, al litoral norte de\u00a0<a title=\"Uruguay\" href=\"https:\/\/es.wikipedia.org\/wiki\/Uruguay\">Uruguay<\/a>\u00a0en el\u00a0<a title=\"Departamento de Salto\" href=\"https:\/\/es.wikipedia.org\/wiki\/Departamento_de_Salto\">departamento de Salto<\/a>\u00a0y en el\u00a0<a title=\"Departamento de Artigas\" href=\"https:\/\/es.wikipedia.org\/wiki\/Departamento_de_Artigas\">Departamento de Artigas<\/a>\u00a0y, al sur de Brasil (<a class=\"mw-redirect\" title=\"Paran\u00e1 (estado)\" href=\"https:\/\/es.wikipedia.org\/wiki\/Paran%C3%A1_(estado)\">Paran\u00e1<\/a>,\u00a0<a title=\"Santa Catarina\" href=\"https:\/\/es.wikipedia.org\/wiki\/Santa_Catarina\">Santa Catarina<\/a>,\u00a0<a title=\"R\u00edo Grande del Sur\" href=\"https:\/\/es.wikipedia.org\/wiki\/R%C3%ADo_Grande_del_Sur\">R\u00edo Grande del Sur<\/a>). Desde la d\u00e9cada de 1960 debido a las migraciones internas el culto se ha extendido a ciertas zonas de la provincia argentina de\u00a0<a title=\"Provincia de Santa Fe\" href=\"https:\/\/es.wikipedia.org\/wiki\/Provincia_de_Santa_Fe\">Santa Fe<\/a>, especialmente, al\u00a0<a title=\"Gran Buenos Aires\" href=\"https:\/\/es.wikipedia.org\/wiki\/Gran_Buenos_Aires\">Gran Buenos Aires<\/a>\u00a0y\u00a0<a class=\"mw-redirect\" title=\"Jujuy\" href=\"https:\/\/es.wikipedia.org\/wiki\/Jujuy\">Jujuy<\/a>.<sup id=\"cite_ref-1\" class=\"reference separada\"><\/sup><\/p>\n<\/div>\n","protected":false},"excerpt":{"rendered":"<p>INFORMACI\u00d3N DIFUNDIDA POR EL MUNICIPIO DE EXALTACI\u00d3N DE LA CRUZ.<\/p>\n","protected":false},"author":3,"featured_media":17239,"comment_status":"open","ping_status":"open","sticky":false,"template":"","format":"standard","meta":{"footnotes":"","jetpack_publicize_message":"","jetpack_publicize_feature_enabled":true,"jetpack_social_post_already_shared":false,"jetpack_social_options":{"image_generator_settings":{"template":"highway","default_image_id":0,"font":"","enabled":false},"version":2}},"categories":[6],"tags":[],"class_list":["post-17234","post","type-post","status-publish","format-standard","has-post-thumbnail","hentry","category-barrios"],"jetpack_publicize_connections":[],"jetpack_featured_media_url":"https:\/\/revistaepocadigital.com.ar\/wp-content\/uploads\/2022\/08\/San_La_Muerte_Statue.jpg","jetpack_likes_enabled":true,"_links":{"self":[{"href":"https:\/\/revistaepocadigital.com.ar\/index.php?rest_route=\/wp\/v2\/posts\/17234","targetHints":{"allow":["GET"]}}],"collection":[{"href":"https:\/\/revistaepocadigital.com.ar\/index.php?rest_route=\/wp\/v2\/posts"}],"about":[{"href":"https:\/\/revistaepocadigital.com.ar\/index.php?rest_route=\/wp\/v2\/types\/post"}],"author":[{"embeddable":true,"href":"https:\/\/revistaepocadigital.com.ar\/index.php?rest_route=\/wp\/v2\/users\/3"}],"replies":[{"embeddable":true,"href":"https:\/\/revistaepocadigital.com.ar\/index.php?rest_route=%2Fwp%2Fv2%2Fcomments&post=17234"}],"version-history":[{"count":0,"href":"https:\/\/revistaepocadigital.com.ar\/index.php?rest_route=\/wp\/v2\/posts\/17234\/revisions"}],"wp:featuredmedia":[{"embeddable":true,"href":"https:\/\/revistaepocadigital.com.ar\/index.php?rest_route=\/wp\/v2\/media\/17239"}],"wp:attachment":[{"href":"https:\/\/revistaepocadigital.com.ar\/index.php?rest_route=%2Fwp%2Fv2%2Fmedia&parent=17234"}],"wp:term":[{"taxonomy":"category","embeddable":true,"href":"https:\/\/revistaepocadigital.com.ar\/index.php?rest_route=%2Fwp%2Fv2%2Fcategories&post=17234"},{"taxonomy":"post_tag","embeddable":true,"href":"https:\/\/revistaepocadigital.com.ar\/index.php?rest_route=%2Fwp%2Fv2%2Ftags&post=17234"}],"curies":[{"name":"wp","href":"https:\/\/api.w.org\/{rel}","templated":true}]}}