{"id":17249,"date":"2022-08-13T00:00:36","date_gmt":"2022-08-13T03:00:36","guid":{"rendered":"https:\/\/revistaepocadigital.com.ar\/?p=17249"},"modified":"2022-08-13T00:08:02","modified_gmt":"2022-08-13T03:08:02","slug":"seguridad-funcionarios-de-la-superintendencia-de-delitos-rurales-en-la-rural","status":"publish","type":"post","link":"https:\/\/revistaepocadigital.com.ar\/?p=17249","title":{"rendered":"Seguridad: Funcionarios de la Superintendencia de Delitos Rurales en La Rural"},"content":{"rendered":"<p class=\"yiv0949675224MsoNormal\"><b><u>EL TEMA, ULTIMAS NOVEDADES EN SEGURIDAD Y PREVENCI\u00d3N DEL DELITO RURAL.<\/u><\/b><\/p>\n<p><!--more--><\/p>\n<p class=\"yiv0949675224MsoNormal\">En la sede capillense de la Sociedad Rural de Exaltaci\u00f3n de la Cruz, Z\u00e1rate y Campana, estuvieron el Comisario Mayor Raul Coronel y al Comisario Inspector Raul Alvarez en su car\u00e1cter de Jefe y Sub Jefe de Zona Norte respectivamente, de la Superintendencia de Delitos Rurales. Trataron las ultimas novedades en materia de seguridad y prevencion del delito rural en los Partidos de Zarate y Campana.<\/p>\n<p class=\"yiv0949675224MsoNormal\"><img loading=\"lazy\" decoding=\"async\" id=\"yiv0949675224Imagen_x0020_5\" src=\"https:\/\/ecp.yusercontent.com\/mail?url=https%3A%2F%2F101737.asset.dattanet.com%2Fweb_public_shared%2Fimage%2F101737%2F62f6d9601e0e4.jpeg&amp;t=1660359087&amp;ymreqid=a1e28384-e738-286e-1c72-23000e018a00&amp;sig=sN.48izLLh3fS1mOhxxsqw--~D\" alt=\"Descripci\u00f3n: C:\\Users\\Mi Pc\\AppData\\Local\\Microsoft\\Windows\\Temporary Internet Files\\Content.Outlook\\5BB4SV74\\20220812_122205.jpg\" width=\"638\" height=\"385\" \/><\/p>\n<p class=\"yiv0949675224MsoNormal\">Encabez\u00f3 la reunion el Comisario Mayor Raul Coronel y el Coordinador de Seguridad de la Sociedad Rural Pedro Querencio<\/p>\n<p class=\"yiv0949675224MsoNormal\"><img loading=\"lazy\" decoding=\"async\" id=\"yiv0949675224Imagen_x0020_6\" src=\"https:\/\/ecp.yusercontent.com\/mail?url=https%3A%2F%2F101737.asset.dattanet.com%2Fweb_public_shared%2Fimage%2F101737%2F62f6d9602da38.jpeg&amp;t=1660359087&amp;ymreqid=a1e28384-e738-286e-1c72-23000e018a00&amp;sig=3KnIcZc1cM4kq9mT_ryfWw--~D\" alt=\"Descripci\u00f3n: C:\\Users\\Mi Pc\\AppData\\Local\\Microsoft\\Windows\\Temporary Internet Files\\Content.Outlook\\5BB4SV74\\20220812_122104.jpg\" width=\"638\" height=\"385\" \/><\/p>\n<p class=\"yiv0949675224MsoNormal\">Asistieron por la Sociedad Rural, el presidente Oscar Diez y miembros de Comision Directiva: Mario Bravo, Justo Urquiza, Luis Mantaras y Fernando Boracchia.<\/p>\n<p class=\"yiv0949675224MsoNormal\">\n","protected":false},"excerpt":{"rendered":"<p>EL TEMA, ULTIMAS NOVEDADES EN SEGURIDAD Y PREVENCI\u00d3N DEL DELITO RURAL.<\/p>\n","protected":false},"author":3,"featured_media":17252,"comment_status":"open","ping_status":"open","sticky":false,"template":"","format":"standard","meta":{"footnotes":"","jetpack_publicize_message":"","jetpack_publicize_feature_enabled":true,"jetpack_social_post_already_shared":false,"jetpack_social_options":{"image_generator_settings":{"template":"highway","default_image_id":0,"font":"","enabled":false},"version":2}},"categories":[13],"tags":[418,149],"class_list":["post-17249","post","type-post","status-publish","format-standard","has-post-thumbnail","hentry","category-interes-general","tag-la-rural","tag-seguridad"],"jetpack_publicize_connections":[],"jetpack_featured_media_url":"https:\/\/revistaepocadigital.com.ar\/wp-content\/uploads\/2022\/08\/mail.jpg","jetpack_likes_enabled":true,"_links":{"self":[{"href":"https:\/\/revistaepocadigital.com.ar\/index.php?rest_route=\/wp\/v2\/posts\/17249","targetHints":{"allow":["GET"]}}],"collection":[{"href":"https:\/\/revistaepocadigital.com.ar\/index.php?rest_route=\/wp\/v2\/posts"}],"about":[{"href":"https:\/\/revistaepocadigital.com.ar\/index.php?rest_route=\/wp\/v2\/types\/post"}],"author":[{"embeddable":true,"href":"https:\/\/revistaepocadigital.com.ar\/index.php?rest_route=\/wp\/v2\/users\/3"}],"replies":[{"embeddable":true,"href":"https:\/\/revistaepocadigital.com.ar\/index.php?rest_route=%2Fwp%2Fv2%2Fcomments&post=17249"}],"version-history":[{"count":0,"href":"https:\/\/revistaepocadigital.com.ar\/index.php?rest_route=\/wp\/v2\/posts\/17249\/revisions"}],"wp:featuredmedia":[{"embeddable":true,"href":"https:\/\/revistaepocadigital.com.ar\/index.php?rest_route=\/wp\/v2\/media\/17252"}],"wp:attachment":[{"href":"https:\/\/revistaepocadigital.com.ar\/index.php?rest_route=%2Fwp%2Fv2%2Fmedia&parent=17249"}],"wp:term":[{"taxonomy":"category","embeddable":true,"href":"https:\/\/revistaepocadigital.com.ar\/index.php?rest_route=%2Fwp%2Fv2%2Fcategories&post=17249"},{"taxonomy":"post_tag","embeddable":true,"href":"https:\/\/revistaepocadigital.com.ar\/index.php?rest_route=%2Fwp%2Fv2%2Ftags&post=17249"}],"curies":[{"name":"wp","href":"https:\/\/api.w.org\/{rel}","templated":true}]}}