{"id":17281,"date":"2022-08-16T11:16:24","date_gmt":"2022-08-16T14:16:24","guid":{"rendered":"https:\/\/revistaepocadigital.com.ar\/?p=17281"},"modified":"2022-08-25T00:56:43","modified_gmt":"2022-08-25T03:56:43","slug":"dia-de-las-infancias-donde-se-festeja-en-exaltacion-de-la-cruz","status":"publish","type":"post","link":"https:\/\/revistaepocadigital.com.ar\/?p=17281","title":{"rendered":"DIA DE LAS INFANCIAS. UN FESTEJO A PLENO EN EXALTACI\u00d3N DE LA CRUZ"},"content":{"rendered":"<div dir=\"ltr\"><strong>ACTUALIZACI\u00d3N. En todas las localidades se realizaron en un espacio cuidado para los ni\u00f1os y ni\u00f1as con condici\u00f3n de tea.<\/strong><\/div>\n<div dir=\"ltr\"><strong>Tambi\u00e9n, en todos los lugares, se sirvi\u00f3 una merienda para los chicos presentes<\/strong>.<\/div>\n<p><!--more--><\/p>\n<div dir=\"ltr\">\n<div class=\"m8h3af8h l7ghb35v kjdc1dyq kmwttqpk gh25dzvf n3t5jt4f\">\n<div dir=\"auto\">CELEBRAMOS JUNTOS EL D\u00cdA DE LAS INFANCIAS<\/div>\n<\/div>\n<div class=\"l7ghb35v kjdc1dyq kmwttqpk gh25dzvf jikcssrz n3t5jt4f\">\n<div dir=\"auto\">El d\u00eda de las infancias fue una fiesta. Se convirti\u00f3 en un reencuentro y valioso y amena jornada en en familia. Organiz\u00f3 el municipio.<\/div>\n<\/div>\n<\/div>\n<div dir=\"ltr\"><\/div>\n<div dir=\"ltr\"><\/div>\n<div dir=\"ltr\"><\/div>\n<div dir=\"ltr\">&#8212;&#8212;&#8212;&#8212;&#8212;&#8212;&#8212;&#8212;&#8212;&#8212;&#8212;&#8212;&#8212;&#8212;-<\/div>\n<div dir=\"ltr\"><\/div>\n<div dir=\"ltr\">CAPILLA DEL SE\u00d1OR<\/div>\n<div dir=\"ltr\">LUGAR: Paseo Arco Iris<\/div>\n<div dir=\"ltr\">Hora: 14 a 17hs<\/div>\n<div dir=\"ltr\">Actividades:<\/div>\n<div dir=\"ltr\">Karaoke, taller de rcp, juegos, visita de bomberos voluntarios, maquillaje art\u00edstico<\/div>\n<div dir=\"ltr\"><\/div>\n<div dir=\"ltr\">PARADA ROBLES<\/div>\n<div dir=\"ltr\">LUGAR: Club Social y Deportivo Robles<\/div>\n<div dir=\"ltr\">Hora: 14 a 17hs<\/div>\n<div dir=\"ltr\">Actividades:<\/div>\n<div dir=\"ltr\">Juegos, actividades deportivas, kermesse, karaoke, stand se semillas y plantines, presentaciones en vivo, visita de bomberos, murgas,<\/div>\n<div dir=\"ltr\"><\/div>\n<div dir=\"ltr\">LA SIDRERA<\/div>\n<div dir=\"ltr\">LUGAR: Centro Comunitario de La Sidrera<\/div>\n<div dir=\"ltr\">Hora: 14 a 17hs<\/div>\n<div dir=\"ltr\">Actividades:<\/div>\n<div dir=\"ltr\">M\u00fasica, baile, maquillaje art\u00edstico, artistas en vivo<\/div>\n<div dir=\"ltr\"><\/div>\n<div dir=\"ltr\">ARROYO DE LA CRUZ<\/div>\n<div dir=\"ltr\">LUGAR: Plaza de Arroyo de la Cruz<\/div>\n<div dir=\"ltr\">Hora: 13 a 17hs<\/div>\n<div dir=\"ltr\">Actividades:<\/div>\n<div dir=\"ltr\">Taller de rcp, presentaciones art\u00edsticas, m\u00fasica y juegos, stands informativos, plantines<\/div>\n<div dir=\"ltr\"><\/div>\n<div dir=\"ltr\">LOS CARDALES<\/div>\n<div dir=\"ltr\">LUGAR: Plaza Mitre<\/div>\n<div dir=\"ltr\">Hora: 14 a 19hs<\/div>\n<div dir=\"ltr\">Actividades:<\/div>\n<div dir=\"ltr\">Talleres art\u00edsticos, presentaciones art\u00edsticas de m\u00fasica y danzas, t\u00edteres, actividades deportivas, juegos, espacio recreativo para ni\u00f1os y ni\u00f1as con condicion de de TEA, proyecci\u00f3n de pel\u00edcula.<\/div>\n<div dir=\"ltr\"><\/div>\n<div dir=\"ltr\"><\/div>\n","protected":false},"excerpt":{"rendered":"<p>ACTUALIZACI\u00d3N. En todas las localidades se realizaron en un espacio cuidado para los ni\u00f1os y ni\u00f1as con condici\u00f3n de tea. Tambi\u00e9n, en todos los lugares, se sirvi\u00f3 una merienda para los chicos presentes.<\/p>\n","protected":false},"author":3,"featured_media":17436,"comment_status":"open","ping_status":"open","sticky":false,"template":"","format":"standard","meta":{"footnotes":"","jetpack_publicize_message":"","jetpack_publicize_feature_enabled":true,"jetpack_social_post_already_shared":false,"jetpack_social_options":{"image_generator_settings":{"template":"highway","default_image_id":0,"font":"","enabled":false},"version":2}},"categories":[12],"tags":[793],"class_list":["post-17281","post","type-post","status-publish","format-standard","has-post-thumbnail","hentry","category-espectaculos","tag-dia-del-nino"],"jetpack_publicize_connections":[],"jetpack_featured_media_url":"https:\/\/revistaepocadigital.com.ar\/wp-content\/uploads\/2022\/08\/dia-nina-1.jpg","jetpack_likes_enabled":true,"_links":{"self":[{"href":"https:\/\/revistaepocadigital.com.ar\/index.php?rest_route=\/wp\/v2\/posts\/17281","targetHints":{"allow":["GET"]}}],"collection":[{"href":"https:\/\/revistaepocadigital.com.ar\/index.php?rest_route=\/wp\/v2\/posts"}],"about":[{"href":"https:\/\/revistaepocadigital.com.ar\/index.php?rest_route=\/wp\/v2\/types\/post"}],"author":[{"embeddable":true,"href":"https:\/\/revistaepocadigital.com.ar\/index.php?rest_route=\/wp\/v2\/users\/3"}],"replies":[{"embeddable":true,"href":"https:\/\/revistaepocadigital.com.ar\/index.php?rest_route=%2Fwp%2Fv2%2Fcomments&post=17281"}],"version-history":[{"count":0,"href":"https:\/\/revistaepocadigital.com.ar\/index.php?rest_route=\/wp\/v2\/posts\/17281\/revisions"}],"wp:featuredmedia":[{"embeddable":true,"href":"https:\/\/revistaepocadigital.com.ar\/index.php?rest_route=\/wp\/v2\/media\/17436"}],"wp:attachment":[{"href":"https:\/\/revistaepocadigital.com.ar\/index.php?rest_route=%2Fwp%2Fv2%2Fmedia&parent=17281"}],"wp:term":[{"taxonomy":"category","embeddable":true,"href":"https:\/\/revistaepocadigital.com.ar\/index.php?rest_route=%2Fwp%2Fv2%2Fcategories&post=17281"},{"taxonomy":"post_tag","embeddable":true,"href":"https:\/\/revistaepocadigital.com.ar\/index.php?rest_route=%2Fwp%2Fv2%2Ftags&post=17281"}],"curies":[{"name":"wp","href":"https:\/\/api.w.org\/{rel}","templated":true}]}}