{"id":17288,"date":"2022-08-18T11:05:02","date_gmt":"2022-08-18T14:05:02","guid":{"rendered":"https:\/\/revistaepocadigital.com.ar\/?p=17288"},"modified":"2022-08-18T11:05:02","modified_gmt":"2022-08-18T14:05:02","slug":"san-martin-ese-grande","status":"publish","type":"post","link":"https:\/\/revistaepocadigital.com.ar\/?p=17288","title":{"rendered":"San Mart\u00edn, ese Grande"},"content":{"rendered":"<div class=\"m8h3af8h l7ghb35v kjdc1dyq kmwttqpk gh25dzvf n3t5jt4f\"><\/div>\n<div class=\"l7ghb35v kjdc1dyq kmwttqpk gh25dzvf jikcssrz n3t5jt4f\">\n<div dir=\"auto\"><strong>EL ACTO EL 17 DE AGOSTO, ANTE EL 172\u00b0 ANIVERSARIO DE SU MUERTE<\/strong>.<\/div>\n<div dir=\"auto\"><\/div>\n<\/div>\n<p><!--more--><\/p>\n<div class=\"l7ghb35v kjdc1dyq kmwttqpk gh25dzvf jikcssrz n3t5jt4f\">\n<div dir=\"auto\">Frente al tradicional busto en la plaza que lleva su nombre en Capilla del Se\u00f1or, tuvo lugar el acto al que asistieron el intendente, Diego Nanni, otras autoridades municipales, educativas, del Concejo Deliberante, Consejo Escolar, Bomberos Voluntarios, Polic\u00eda, veteranos de Malvinas y la comunidad educativa. Fue depositada una ofrenda floral en el busto del Gral. San Mart\u00edn por parte del intendente, vecinos, la Agrupaci\u00f3n Scout aeronaval Ca\u00f1ada de la Cruz, el partido Defensa Comunal, Rotary Club Capilla del Se\u00f1or, personal del \u00e1rea de Turismo y Licencias de Conducir, Club Honor y Patria, Mujeres Argentinas a Caballo en la Historia y la Asociaci\u00f3n Promemoria.<\/div>\n<\/div>\n<div class=\"l7ghb35v kjdc1dyq kmwttqpk gh25dzvf jikcssrz n3t5jt4f\">\n<div dir=\"auto\"><\/div>\n<\/div>\n","protected":false},"excerpt":{"rendered":"<p>EL ACTO EL 17 DE AGOSTO, ANTE EL 172\u00b0 ANIVERSARIO DE SU MUERTE.<\/p>\n","protected":false},"author":3,"featured_media":17291,"comment_status":"open","ping_status":"open","sticky":false,"template":"","format":"standard","meta":{"footnotes":"","jetpack_publicize_message":"","jetpack_publicize_feature_enabled":true,"jetpack_social_post_already_shared":false,"jetpack_social_options":{"image_generator_settings":{"template":"highway","default_image_id":0,"font":"","enabled":false},"version":2}},"categories":[17],"tags":[],"class_list":["post-17288","post","type-post","status-publish","format-standard","has-post-thumbnail","hentry","category-politica"],"jetpack_publicize_connections":[],"jetpack_featured_media_url":"https:\/\/revistaepocadigital.com.ar\/wp-content\/uploads\/2022\/08\/san-martin.jpg","jetpack_likes_enabled":true,"_links":{"self":[{"href":"https:\/\/revistaepocadigital.com.ar\/index.php?rest_route=\/wp\/v2\/posts\/17288","targetHints":{"allow":["GET"]}}],"collection":[{"href":"https:\/\/revistaepocadigital.com.ar\/index.php?rest_route=\/wp\/v2\/posts"}],"about":[{"href":"https:\/\/revistaepocadigital.com.ar\/index.php?rest_route=\/wp\/v2\/types\/post"}],"author":[{"embeddable":true,"href":"https:\/\/revistaepocadigital.com.ar\/index.php?rest_route=\/wp\/v2\/users\/3"}],"replies":[{"embeddable":true,"href":"https:\/\/revistaepocadigital.com.ar\/index.php?rest_route=%2Fwp%2Fv2%2Fcomments&post=17288"}],"version-history":[{"count":0,"href":"https:\/\/revistaepocadigital.com.ar\/index.php?rest_route=\/wp\/v2\/posts\/17288\/revisions"}],"wp:featuredmedia":[{"embeddable":true,"href":"https:\/\/revistaepocadigital.com.ar\/index.php?rest_route=\/wp\/v2\/media\/17291"}],"wp:attachment":[{"href":"https:\/\/revistaepocadigital.com.ar\/index.php?rest_route=%2Fwp%2Fv2%2Fmedia&parent=17288"}],"wp:term":[{"taxonomy":"category","embeddable":true,"href":"https:\/\/revistaepocadigital.com.ar\/index.php?rest_route=%2Fwp%2Fv2%2Fcategories&post=17288"},{"taxonomy":"post_tag","embeddable":true,"href":"https:\/\/revistaepocadigital.com.ar\/index.php?rest_route=%2Fwp%2Fv2%2Ftags&post=17288"}],"curies":[{"name":"wp","href":"https:\/\/api.w.org\/{rel}","templated":true}]}}