{"id":17298,"date":"2022-08-18T20:23:33","date_gmt":"2022-08-18T23:23:33","guid":{"rendered":"https:\/\/revistaepocadigital.com.ar\/?p=17298"},"modified":"2022-08-18T20:23:33","modified_gmt":"2022-08-18T23:23:33","slug":"charly-martinez-se-merece-la-medalla-de-oro","status":"publish","type":"post","link":"https:\/\/revistaepocadigital.com.ar\/?p=17298","title":{"rendered":"Charly Martinez se merece la medalla de oro"},"content":{"rendered":"<div class=\"m8h3af8h l7ghb35v kjdc1dyq kmwttqpk gh25dzvf n3t5jt4f\">\n<div dir=\"auto\">\n<p><strong>CONSTANCIA, ESFUERZO, DEDICACI\u00d3N A LO LARGO DE LOS A\u00d1OS<\/strong>.<\/p>\n<div class=\"m8h3af8h l7ghb35v kjdc1dyq kmwttqpk gh25dzvf n3t5jt4f\">\n<div dir=\"auto\"><\/div>\n<\/div>\n<p><!--more--><\/p>\n<\/div>\n<div dir=\"auto\"><\/div>\n<div dir=\"auto\">Juan Carlos Mart\u00ednez, el atleta capillense, &#8220;remandola&#8221; en tantas ocasiones en soledad, ha logrado destacarse. Su \u00faltimo logro, fue la obtenci\u00f3n de la medalla de oro en el reciente Campeonato Argentino Masters de Atletismo.<\/div>\n<\/div>\n<p>&nbsp;<\/p>\n<p><span class=\"fxk3tzhb b2rh1bv3 gh55jysx m8h3af8h ewco64xe kjdc1dyq ms56khn7 bq6c9xl4 eohcrkr5 akh3l2rg\">C<\/span>harly compiti\u00f3 en las pruebas combinadas\u00a0 sobre 800 metros y 1500 metros, al cabo de las cuales por los puntos sumados obtuvo otro t\u00edtulo en atletismo su gran pasi\u00f3n, esta vez campe\u00f3n argentino de pruebas combinadas 2022 premiado con la medalla de oro.<\/p>\n<div class=\"l7ghb35v kjdc1dyq kmwttqpk gh25dzvf jikcssrz n3t5jt4f\">\n<div dir=\"auto\"><\/div>\n<\/div>\n","protected":false},"excerpt":{"rendered":"<p>CONSTANCIA, ESFUERZO, DEDICACI\u00d3N A LO LARGO DE LOS A\u00d1OS.<\/p>\n","protected":false},"author":3,"featured_media":17301,"comment_status":"open","ping_status":"open","sticky":false,"template":"","format":"standard","meta":{"footnotes":"","jetpack_publicize_message":"","jetpack_publicize_feature_enabled":true,"jetpack_social_post_already_shared":false,"jetpack_social_options":{"image_generator_settings":{"template":"highway","default_image_id":0,"font":"","enabled":false},"version":2}},"categories":[9],"tags":[312],"class_list":["post-17298","post","type-post","status-publish","format-standard","has-post-thumbnail","hentry","category-deportes","tag-charly-martinez"],"jetpack_publicize_connections":[],"jetpack_featured_media_url":"https:\/\/revistaepocadigital.com.ar\/wp-content\/uploads\/2022\/08\/martinez-1.jpg9_-1-rotated.jpg","jetpack_likes_enabled":true,"_links":{"self":[{"href":"https:\/\/revistaepocadigital.com.ar\/index.php?rest_route=\/wp\/v2\/posts\/17298","targetHints":{"allow":["GET"]}}],"collection":[{"href":"https:\/\/revistaepocadigital.com.ar\/index.php?rest_route=\/wp\/v2\/posts"}],"about":[{"href":"https:\/\/revistaepocadigital.com.ar\/index.php?rest_route=\/wp\/v2\/types\/post"}],"author":[{"embeddable":true,"href":"https:\/\/revistaepocadigital.com.ar\/index.php?rest_route=\/wp\/v2\/users\/3"}],"replies":[{"embeddable":true,"href":"https:\/\/revistaepocadigital.com.ar\/index.php?rest_route=%2Fwp%2Fv2%2Fcomments&post=17298"}],"version-history":[{"count":0,"href":"https:\/\/revistaepocadigital.com.ar\/index.php?rest_route=\/wp\/v2\/posts\/17298\/revisions"}],"wp:featuredmedia":[{"embeddable":true,"href":"https:\/\/revistaepocadigital.com.ar\/index.php?rest_route=\/wp\/v2\/media\/17301"}],"wp:attachment":[{"href":"https:\/\/revistaepocadigital.com.ar\/index.php?rest_route=%2Fwp%2Fv2%2Fmedia&parent=17298"}],"wp:term":[{"taxonomy":"category","embeddable":true,"href":"https:\/\/revistaepocadigital.com.ar\/index.php?rest_route=%2Fwp%2Fv2%2Fcategories&post=17298"},{"taxonomy":"post_tag","embeddable":true,"href":"https:\/\/revistaepocadigital.com.ar\/index.php?rest_route=%2Fwp%2Fv2%2Ftags&post=17298"}],"curies":[{"name":"wp","href":"https:\/\/api.w.org\/{rel}","templated":true}]}}