{"id":17309,"date":"2022-08-19T00:03:11","date_gmt":"2022-08-19T03:03:11","guid":{"rendered":"https:\/\/revistaepocadigital.com.ar\/?p=17309"},"modified":"2022-08-19T18:02:04","modified_gmt":"2022-08-19T21:02:04","slug":"la-pena-exaltacion-xeneize-por-el-dia-de-las-infancias","status":"publish","type":"post","link":"https:\/\/revistaepocadigital.com.ar\/?p=17309","title":{"rendered":"La Pe\u00f1a Exaltaci\u00f3n Xeneize por el D\u00eda de las Infancias"},"content":{"rendered":"<p><strong>SALUDABLE INICIATIVA DE PE\u00d1A EXALTACI\u00d3N XENEIZE<\/strong>.<!--more--><\/p>\n<p>Este domingo es el d\u00eda de lo chicos; dale colabora con la iniciativa de la Pe\u00f1a y don\u00e1 un juguete. Lo pod\u00e9s hacer en Capilla del Se\u00f1or, Los Cardales y Parada Robles.<\/p>\n<p>Fijate:<\/p>\n<p><img loading=\"lazy\" decoding=\"async\" class=\"alignleft size-full wp-image-17310\" src=\"https:\/\/revistaepocadigital.com.ar\/wp-content\/uploads\/2022\/08\/boca.png\" alt=\"\" width=\"590\" height=\"965\" srcset=\"https:\/\/revistaepocadigital.com.ar\/wp-content\/uploads\/2022\/08\/boca.png 590w, https:\/\/revistaepocadigital.com.ar\/wp-content\/uploads\/2022\/08\/boca-183x300.png 183w, https:\/\/revistaepocadigital.com.ar\/wp-content\/uploads\/2022\/08\/boca-257x420.png 257w, https:\/\/revistaepocadigital.com.ar\/wp-content\/uploads\/2022\/08\/boca-514x840.png 514w\" sizes=\"auto, (max-width: 590px) 100vw, 590px\" \/><\/p>\n","protected":false},"excerpt":{"rendered":"<p>SALUDABLE INICIATIVA DE PE\u00d1A EXALTACI\u00d3N XENEIZE.<\/p>\n","protected":false},"author":3,"featured_media":17310,"comment_status":"open","ping_status":"open","sticky":false,"template":"","format":"standard","meta":{"footnotes":"","jetpack_publicize_message":"","jetpack_publicize_feature_enabled":true,"jetpack_social_post_already_shared":false,"jetpack_social_options":{"image_generator_settings":{"template":"highway","default_image_id":0,"font":"","enabled":false},"version":2}},"categories":[13],"tags":[1580],"class_list":["post-17309","post","type-post","status-publish","format-standard","has-post-thumbnail","hentry","category-interes-general","tag-pena-boca"],"jetpack_publicize_connections":[],"jetpack_featured_media_url":"https:\/\/revistaepocadigital.com.ar\/wp-content\/uploads\/2022\/08\/boca.png","jetpack_likes_enabled":true,"_links":{"self":[{"href":"https:\/\/revistaepocadigital.com.ar\/index.php?rest_route=\/wp\/v2\/posts\/17309","targetHints":{"allow":["GET"]}}],"collection":[{"href":"https:\/\/revistaepocadigital.com.ar\/index.php?rest_route=\/wp\/v2\/posts"}],"about":[{"href":"https:\/\/revistaepocadigital.com.ar\/index.php?rest_route=\/wp\/v2\/types\/post"}],"author":[{"embeddable":true,"href":"https:\/\/revistaepocadigital.com.ar\/index.php?rest_route=\/wp\/v2\/users\/3"}],"replies":[{"embeddable":true,"href":"https:\/\/revistaepocadigital.com.ar\/index.php?rest_route=%2Fwp%2Fv2%2Fcomments&post=17309"}],"version-history":[{"count":0,"href":"https:\/\/revistaepocadigital.com.ar\/index.php?rest_route=\/wp\/v2\/posts\/17309\/revisions"}],"wp:featuredmedia":[{"embeddable":true,"href":"https:\/\/revistaepocadigital.com.ar\/index.php?rest_route=\/wp\/v2\/media\/17310"}],"wp:attachment":[{"href":"https:\/\/revistaepocadigital.com.ar\/index.php?rest_route=%2Fwp%2Fv2%2Fmedia&parent=17309"}],"wp:term":[{"taxonomy":"category","embeddable":true,"href":"https:\/\/revistaepocadigital.com.ar\/index.php?rest_route=%2Fwp%2Fv2%2Fcategories&post=17309"},{"taxonomy":"post_tag","embeddable":true,"href":"https:\/\/revistaepocadigital.com.ar\/index.php?rest_route=%2Fwp%2Fv2%2Ftags&post=17309"}],"curies":[{"name":"wp","href":"https:\/\/api.w.org\/{rel}","templated":true}]}}