{"id":17342,"date":"2022-08-20T02:32:36","date_gmt":"2022-08-20T05:32:36","guid":{"rendered":"https:\/\/revistaepocadigital.com.ar\/?p=17342"},"modified":"2022-08-20T02:32:36","modified_gmt":"2022-08-20T05:32:36","slug":"alimentos-y-bebidas-con-etiquetado-frontal-en-las-gondolas","status":"publish","type":"post","link":"https:\/\/revistaepocadigital.com.ar\/?p=17342","title":{"rendered":"Alimentos y bebidas con etiquetado frontal en las g\u00f3ndolas"},"content":{"rendered":"<p><strong>La medida comenz\u00f3 a regir (20\/8) para los supermercados y grandes cadenas. En tanto, las empresas peque\u00f1as o medianas tendr\u00e1n tiempo hasta el 20 de febrero de 2023. Nota en Perfil.com y Telam<\/strong><!--more--><\/p>\n<p>Desde el 20 de este mes, supermercados y grandes cadenas deben exhibir los productos con sus respectivas etiquetas negras, advirtiendo al consumidor si el producto tiene exceso de az\u00facares, grasas totales, grasas saturadas, calor\u00edas y sodio. De esta forma, lo que se busca es garantizar el derecho a la salud y a una alimentaci\u00f3n adecuada.<\/p>\n<p>En tanto, las empresas peque\u00f1as o medianas tendr\u00e1n tiempo hasta el 20 de febrero de 2023 para incorporar el etiquetado.<\/p>\n<p>Etiquetado frontal: las 10 cosas que hay que saber sobre la ley<\/p>\n<p>El Ministerio de Salud, inform\u00f3 que un 35% de las 2.658 solicitudes de pr\u00f3rroga para la implementaci\u00f3n de las etiquetas fueron aprobadas. De hecho, se remarc\u00f3 que \u201cdel total de registros con autorizaci\u00f3n sanitaria, solo un 3,13% fueron prorrogados y corresponden en su mayor\u00eda a grandes empresas y pymes\u201d. Seg\u00fan el organismo, los pedidos de pr\u00f3rroga se pueden realizar en caso de una limitaci\u00f3n con motivos justificables.<\/p>\n<p>La Administraci\u00f3n Nacional de Medicamentos Alimentos y Tecnolog\u00eda (ANMAT) estableci\u00f3 el Sistema de Declaraci\u00f3n de Sellos y Advertencias Nutricionales que define los procedimientos y plazos para la declaraci\u00f3n jurada, solicitudes de pr\u00f3rroga y casos especiales.<\/p>\n<p>Entre los rubros que se presentaron se encuentran: golosinas, mermeladas, jaleas, dulces y confituras, panificados y galletitas, embutidos y conservas c\u00e1rnicas, l\u00e1cteos, bebidas alcoh\u00f3lica, frutas y verduras procesadas. Tambi\u00e9n, lo hicieron empresas vinculadas a cereales y pastas, salsas y aderezos, postres y polvos para preparados, snacks, helados, sopas y caldos, caf\u00e9 y t\u00e9.<\/p>\n<p>Con esta herramienta junto al Sistema de Informaci\u00f3n Federal para la Gesti\u00f3n del Control de los Alimentos (Sifega) se puede elaborar una &#8220;calculadora de sellos&#8221;, un instrumento de acceso p\u00fablico y abierto que permite realizar los c\u00e1lculos que indican cu\u00e1les son los productos cuyos nutrientes cr\u00edticos son iguales o superiores a los l\u00edmites definidos en la ley.<\/p>\n<p><strong>LOS PUNTOS<\/strong>.<\/p>\n<p>Promueve la <strong>prevenci\u00f3n de la malnutrici\u00f3n en la poblaci\u00f3n <\/strong>y la reducci\u00f3n de enfermedades cr\u00f3nicas no transmisibles.<\/p>\n<p>\u2022 <strong>Est\u00e1 dirigido a fabricantes, fraccionadores y envasadores<\/strong> que distribuyan, comercialicen o importen, que hayan puesto su marca o integren la cadena de comercializaci\u00f3n de alimentos y bebidas analcoh\u00f3licas de consumo humano, en todo el territorio de la Rep\u00fablica Argentina.<\/p>\n<p>\u2022 Los alimentos y bebidas analcoh\u00f3licas envasados y comercializados en la Argentina <strong>deben colocar leyendas<\/strong> como &#8220;Exceso en az\u00facares&#8221;, &#8220;Exceso en sodio&#8221;, &#8220;Exceso en grasas saturadas&#8221;, &#8220;Exceso en grasas totales&#8221;, y\/o &#8220;Exceso en calor\u00edas&#8221;.<\/p>\n<p>\u2022 <strong>En caso de contener edulcorantes, el envase debe llevar una leyenda precautoria<\/strong>, por debajo de los sellos de advertencia, con la leyenda: &#8220;Contiene edulcorantes, no recomendable en ni\u00f1os\/as&#8221;.<\/p>\n<p>\u2022 En caso de contener cafe\u00edna, de igual manera, el envase debe presentar una leyenda precautoria por debajo de los sellos de advertencia con la leyenda: &#8220;Contiene cafe\u00edna. Evitar en ni\u00f1os\/as&#8221;.<\/p>\n<p>\u2022 El sello adopta la <strong>forma de oct\u00f3gonos de color negro con borde y letras de color blanco<\/strong> en may\u00fasculas.<\/p>\n<p>\u2022 El tama\u00f1o de cada sello no ser\u00e1 nunca inferior al 5% de la superficie de la cara principal del envase.<\/p>\n<p>\u2022 No podr\u00e1 estar cubierto de forma parcial o total por ning\u00fan otro elemento. En caso de que el \u00e1rea de la cara principal del envase sea igual o menor a 10 cent\u00edmetros cuadrados y contenga m\u00e1s de un sello, la autoridad de aplicaci\u00f3n determinar\u00e1 la forma adecuada de colocaci\u00f3n de los sellos.<\/p>\n<figure class=\"mb-3\"><img decoding=\"async\" src=\"https:\/\/www.telam.com.ar\/thumbs\/bluesteel\/advf\/imagenes\/2021\/10\/615acb6763092_900.jpg\" alt=\" El sello adoptar la forma de octgonos de color negro con borde y letras de color blanco en maysculas\" width=\"100%\" height=\"100%\" \/><\/p>\n<div class=\"media-icons\"><\/div><figcaption>El sello adopta la forma de oct\u00f3gonos de color negro con borde y letras de color blanco en may\u00fasculas.<\/figcaption><\/figure>\n<p>\u2022 Los valores m\u00e1ximos de az\u00facares Los valores m\u00e1ximos de az\u00facares, grasas saturadas, grasas totales y sodio establecidos deben cumplir los l\u00edmites del Perfil de Nutrientes de la Organizaci\u00f3n Panamericana de la Salud.<\/p>\n<p>\u2022 Se except\u00faa de la colocaci\u00f3n de sello en la cara principal al az\u00facar com\u00fan, aceites vegetales y frutos secos.<\/p>\n<p>\u2022 Se proh\u00edbe que los alimentos y bebidas analcoh\u00f3licas que contengan alg\u00fan sello de advertencia incorporen en sus envases informaci\u00f3n nutricional complementaria, logos o frases con el patrocinio o avales de sociedades cient\u00edficas o asociaciones civiles, personajes infantiles, animaciones, dibujos animados, celebridades, deportistas, etc\u00e9tera.<\/p>\n<p>\u2022 Se proh\u00edbe toda forma de publicidad, promoci\u00f3n y patrocinio de los alimentos y bebidas analcoh\u00f3licas envasados con al menos un sello de advertencia que est\u00e9 dirigida especialmente a ni\u00f1os, ni\u00f1as y adolescentes.<\/p>\n<p>\u2022 Se proh\u00edbe resaltar declaraciones nutricionales complementarias que destaquen cualidades positivas y\/o nutritivas de los productos.<\/p>\n<p>\u2022 <strong>Se proh\u00edbe incluir personajes infantiles, animaciones, dibujos animados, celebridades, deportistas o mascotas<\/strong>, elementos interactivos, la entrega o promesa de entrega de obsequios, premios, regalos, accesorios, adhesivos, juegos, descargas digitales, o cualquier otro elemento, como as\u00ed tambi\u00e9n la participaci\u00f3n o promesa de participaci\u00f3n en concursos, juegos, eventos deportivos, musicales, teatrales o culturales.<\/p>\n<p>\u2022 Se proh\u00edbe la promoci\u00f3n o entrega a t\u00edtulo gratuito de productos con oct\u00f3gonos.<\/p>\n<p>\u2022 El Consejo Federal de Educaci\u00f3n deber\u00e1 promover la inclusi\u00f3n de actividades did\u00e1cticas y de pol\u00edticas que establezcan los contenidos m\u00ednimos de educaci\u00f3n alimentaria nutricional en los establecimientos educativos de nivel inicial, primario y secundario del pa\u00eds.<\/p>\n<p>\u2022 Los alimentos y bebidas analcoh\u00f3licas que contengan al menos un sello de advertencia no pueden ser ofrecidos, comercializados, publicitados, promocionados o patrocinados en los establecimientos educativos del Sistema Educativo Nacional.<\/p>\n<p>\u2022 El Estado nacional priorizar\u00e1 las contrataciones de los alimentos y bebidas analcoh\u00f3licas que no cuenten con sellos de advertencia.<\/p>\n","protected":false},"excerpt":{"rendered":"<p>La medida comenz\u00f3 a regir (20\/8) para los supermercados y grandes cadenas. En tanto, las empresas peque\u00f1as o medianas tendr\u00e1n tiempo hasta el 20 de febrero de 2023. Nota en Perfil.com y Telam<\/p>\n","protected":false},"author":3,"featured_media":17346,"comment_status":"open","ping_status":"open","sticky":false,"template":"","format":"standard","meta":{"footnotes":"","jetpack_publicize_message":"","jetpack_publicize_feature_enabled":true,"jetpack_social_post_already_shared":false,"jetpack_social_options":{"image_generator_settings":{"template":"highway","default_image_id":0,"font":"","enabled":false},"version":2}},"categories":[15],"tags":[37,1989],"class_list":["post-17342","post","type-post","status-publish","format-standard","has-post-thumbnail","hentry","category-lo-que-tenes-que-saber","tag-destacada","tag-etiquetado"],"jetpack_publicize_connections":[],"jetpack_featured_media_url":"https:\/\/revistaepocadigital.com.ar\/wp-content\/uploads\/2022\/08\/etiquetado.jpg","jetpack_likes_enabled":true,"_links":{"self":[{"href":"https:\/\/revistaepocadigital.com.ar\/index.php?rest_route=\/wp\/v2\/posts\/17342","targetHints":{"allow":["GET"]}}],"collection":[{"href":"https:\/\/revistaepocadigital.com.ar\/index.php?rest_route=\/wp\/v2\/posts"}],"about":[{"href":"https:\/\/revistaepocadigital.com.ar\/index.php?rest_route=\/wp\/v2\/types\/post"}],"author":[{"embeddable":true,"href":"https:\/\/revistaepocadigital.com.ar\/index.php?rest_route=\/wp\/v2\/users\/3"}],"replies":[{"embeddable":true,"href":"https:\/\/revistaepocadigital.com.ar\/index.php?rest_route=%2Fwp%2Fv2%2Fcomments&post=17342"}],"version-history":[{"count":0,"href":"https:\/\/revistaepocadigital.com.ar\/index.php?rest_route=\/wp\/v2\/posts\/17342\/revisions"}],"wp:featuredmedia":[{"embeddable":true,"href":"https:\/\/revistaepocadigital.com.ar\/index.php?rest_route=\/wp\/v2\/media\/17346"}],"wp:attachment":[{"href":"https:\/\/revistaepocadigital.com.ar\/index.php?rest_route=%2Fwp%2Fv2%2Fmedia&parent=17342"}],"wp:term":[{"taxonomy":"category","embeddable":true,"href":"https:\/\/revistaepocadigital.com.ar\/index.php?rest_route=%2Fwp%2Fv2%2Fcategories&post=17342"},{"taxonomy":"post_tag","embeddable":true,"href":"https:\/\/revistaepocadigital.com.ar\/index.php?rest_route=%2Fwp%2Fv2%2Ftags&post=17342"}],"curies":[{"name":"wp","href":"https:\/\/api.w.org\/{rel}","templated":true}]}}