{"id":17365,"date":"2022-08-22T17:43:55","date_gmt":"2022-08-22T20:43:55","guid":{"rendered":"https:\/\/revistaepocadigital.com.ar\/?p=17365"},"modified":"2022-08-22T17:43:55","modified_gmt":"2022-08-22T20:43:55","slug":"exitoso-festival-impulsar-desarrollo-en-cardales","status":"publish","type":"post","link":"https:\/\/revistaepocadigital.com.ar\/?p=17365","title":{"rendered":"EXITOSO FESTIVAL IMPULSAR DESARROLLO EN CARDALES"},"content":{"rendered":"<div class=\"m8h3af8h l7ghb35v kjdc1dyq kmwttqpk gh25dzvf n3t5jt4f\"><\/div>\n<div class=\"l7ghb35v kjdc1dyq kmwttqpk gh25dzvf jikcssrz n3t5jt4f\">\n<div dir=\"auto\"><span class=\"fxk3tzhb b2rh1bv3 gh55jysx m8h3af8h ewco64xe kjdc1dyq ms56khn7 bq6c9xl4 eohcrkr5 akh3l2rg\"><strong>UNA GRAN CONCURRENCIA.<\/strong><br \/>\n<!--more--><\/span><\/div>\n<div dir=\"auto\"><span class=\"fxk3tzhb b2rh1bv3 gh55jysx m8h3af8h ewco64xe kjdc1dyq ms56khn7 bq6c9xl4 eohcrkr5 akh3l2rg\">Tuvo lugar el Festival Impulsar Desarrollo, en el cual participaron m\u00e1s de 60 emprendedores locales y beneficiarios del banco de herramientas.<\/span><\/div>\n<\/div>\n<div class=\"l7ghb35v kjdc1dyq kmwttqpk gh25dzvf jikcssrz n3t5jt4f\">\n<div dir=\"auto\"><\/div>\n<div dir=\"auto\">Durante su transcurso hubo adem\u00e1s, diversas atracciones como shows y m\u00fasica, juegos y talleres. Adem\u00e1s, estuvo presente PAMI y ANSES, el operativo DNI del Registro Provincial, M\u00f3vil Programa MIRARNOS y el Ministerio de Salud con vacunaci\u00f3n de calendario, COVID-19, y antigripal.<\/div>\n<\/div>\n<div class=\"l7ghb35v kjdc1dyq kmwttqpk gh25dzvf jikcssrz n3t5jt4f\">\n<div dir=\"auto\"><\/div>\n<div dir=\"auto\">Fue un trabajo conjunto entre el Ministerio de Desarrollo Social de Naci\u00f3n y la<\/div>\n<div dir=\"auto\">Secretar\u00eda de Desarrollo de la Comunidad del municipio, en el marco del programa que tiene como objetivo fortalecer las unidades productivas, brindar capacitaciones y herramientas, y tambi\u00e9n crear espacios de comercializaci\u00f3n para emprendedores locales.<\/div>\n<div dir=\"auto\"><\/div>\n<\/div>\n","protected":false},"excerpt":{"rendered":"<p>UNA GRAN CONCURRENCIA.<\/p>\n","protected":false},"author":3,"featured_media":17367,"comment_status":"open","ping_status":"open","sticky":false,"template":"","format":"standard","meta":{"footnotes":"","jetpack_publicize_message":"","jetpack_publicize_feature_enabled":true,"jetpack_social_post_already_shared":false,"jetpack_social_options":{"image_generator_settings":{"template":"highway","default_image_id":0,"font":"","enabled":false},"version":2}},"categories":[4],"tags":[],"class_list":["post-17365","post","type-post","status-publish","format-standard","has-post-thumbnail","hentry","category-aqui-los-cardales"],"jetpack_publicize_connections":[],"jetpack_featured_media_url":"https:\/\/revistaepocadigital.com.ar\/wp-content\/uploads\/2022\/08\/festival-impulsar-22.jpg","jetpack_likes_enabled":true,"_links":{"self":[{"href":"https:\/\/revistaepocadigital.com.ar\/index.php?rest_route=\/wp\/v2\/posts\/17365","targetHints":{"allow":["GET"]}}],"collection":[{"href":"https:\/\/revistaepocadigital.com.ar\/index.php?rest_route=\/wp\/v2\/posts"}],"about":[{"href":"https:\/\/revistaepocadigital.com.ar\/index.php?rest_route=\/wp\/v2\/types\/post"}],"author":[{"embeddable":true,"href":"https:\/\/revistaepocadigital.com.ar\/index.php?rest_route=\/wp\/v2\/users\/3"}],"replies":[{"embeddable":true,"href":"https:\/\/revistaepocadigital.com.ar\/index.php?rest_route=%2Fwp%2Fv2%2Fcomments&post=17365"}],"version-history":[{"count":0,"href":"https:\/\/revistaepocadigital.com.ar\/index.php?rest_route=\/wp\/v2\/posts\/17365\/revisions"}],"wp:featuredmedia":[{"embeddable":true,"href":"https:\/\/revistaepocadigital.com.ar\/index.php?rest_route=\/wp\/v2\/media\/17367"}],"wp:attachment":[{"href":"https:\/\/revistaepocadigital.com.ar\/index.php?rest_route=%2Fwp%2Fv2%2Fmedia&parent=17365"}],"wp:term":[{"taxonomy":"category","embeddable":true,"href":"https:\/\/revistaepocadigital.com.ar\/index.php?rest_route=%2Fwp%2Fv2%2Fcategories&post=17365"},{"taxonomy":"post_tag","embeddable":true,"href":"https:\/\/revistaepocadigital.com.ar\/index.php?rest_route=%2Fwp%2Fv2%2Ftags&post=17365"}],"curies":[{"name":"wp","href":"https:\/\/api.w.org\/{rel}","templated":true}]}}