{"id":17368,"date":"2022-08-22T17:59:21","date_gmt":"2022-08-22T20:59:21","guid":{"rendered":"https:\/\/revistaepocadigital.com.ar\/?p=17368"},"modified":"2022-08-22T18:00:20","modified_gmt":"2022-08-22T21:00:20","slug":"la-rural-en-el-festejo-de-los-65-anos-de-los-bomberos","status":"publish","type":"post","link":"https:\/\/revistaepocadigital.com.ar\/?p=17368","title":{"rendered":"La Rural en el festejo de los 65 a\u00f1os de los Bomberos"},"content":{"rendered":"<p class=\"yiv9294107176MsoNormal\"><b><u>EN EL CUARTEL CENTRAL, POR EL 65\u00ba ANIVERSARIO DE LOS BOMBEROS VOLUNTARIOS DE CAPILLA DEL SE\u00d1OR-EXALTACI\u00d3N DE LA CRUZ.<\/u><\/b><!--more--><\/p>\n<p class=\"yiv9294107176MsoNormal\">El pasado s\u00e1bado 20 de agosto se realiz\u00f3 una gran cena en el Cuartel de Bomberos de Capilla del Se\u00f1or, con motivo del 65\u00ba aniversario de su fundaci\u00f3n. Asistieron representantes de instituciones, de empresas, autoridades locales, directivos de la Asociaci\u00f3n de Bomberos local, personal e invitados.<\/p>\n<p class=\"yiv9294107176MsoNormal\">Por parte de la Sociedad Rural de Exaltaci\u00f3n de la Cruz, Campana y Z\u00e1rate, asistieron el presidente Oscar Diez junto con miembros de la Comision Directiva: Gonzalo Dhers , Patricio Diez y su esposa, Silvia Stefano y Fernando Boracchia .<\/p>\n<p class=\"yiv9294107176MsoNormal\"><img loading=\"lazy\" decoding=\"async\" id=\"yiv9294107176Imagen_x0020_5\" src=\"https:\/\/ecp.yusercontent.com\/mail?url=https%3A%2F%2F101737.asset.dattanet.com%2Fweb_public_shared%2Fimage%2F101737%2F6303c60e261c6.jpeg&amp;t=1661201245&amp;ymreqid=a1e28384-e738-286e-1c68-f30009017b00&amp;sig=cV1aSrU.xp.Ln5qYNDuHIw--~D\" alt=\"Descripci\u00f3n: C:\\Users\\Mi Pc\\Downloads\\IMG-20220821-WA0000.jpg\" width=\"567\" height=\"756\" \/><\/p>\n<h6 class=\"yiv9294107176MsoNormal\"><em>De izq.a derecha: Patricio Diez ; Carlos Etcheverry ; Angel Sanchez ; Gonzalo Dhers ; Oscar Diez<\/em><\/h6>\n<p class=\"yiv9294107176MsoNormal\">Los directivos de la entidad ruralista, entregaron al presidente de la Comision Directiva Angel S\u00e1nchez y al Jefe del Cuerpo Activo Comandante Carlos Etcheverry una placa conmemorativa.\u00a0A su vez, la Sociedad Rural recibi\u00f3 de parte de los Bomberos Voluntarios, un emblema y un bander\u00edn en reconocimiento y agradecimiento al trabajo conjunto.<\/p>\n<p class=\"yiv9294107176MsoNormal\">\n","protected":false},"excerpt":{"rendered":"<p>EN EL CUARTEL CENTRAL, POR EL 65\u00ba ANIVERSARIO DE LOS BOMBEROS VOLUNTARIOS DE CAPILLA DEL SE\u00d1OR-EXALTACI\u00d3N DE LA CRUZ.<\/p>\n","protected":false},"author":3,"featured_media":17370,"comment_status":"open","ping_status":"open","sticky":false,"template":"","format":"standard","meta":{"footnotes":"","jetpack_publicize_message":"","jetpack_publicize_feature_enabled":true,"jetpack_social_post_already_shared":false,"jetpack_social_options":{"image_generator_settings":{"template":"highway","default_image_id":0,"font":"","enabled":false},"version":2}},"categories":[14],"tags":[1732,1991,418],"class_list":["post-17368","post","type-post","status-publish","format-standard","has-post-thumbnail","hentry","category-la-gente","tag-1732","tag-aniversario-bomberos","tag-la-rural"],"jetpack_publicize_connections":[],"jetpack_featured_media_url":"https:\/\/revistaepocadigital.com.ar\/wp-content\/uploads\/2022\/08\/rural-bomber-22.jpg","jetpack_likes_enabled":true,"_links":{"self":[{"href":"https:\/\/revistaepocadigital.com.ar\/index.php?rest_route=\/wp\/v2\/posts\/17368","targetHints":{"allow":["GET"]}}],"collection":[{"href":"https:\/\/revistaepocadigital.com.ar\/index.php?rest_route=\/wp\/v2\/posts"}],"about":[{"href":"https:\/\/revistaepocadigital.com.ar\/index.php?rest_route=\/wp\/v2\/types\/post"}],"author":[{"embeddable":true,"href":"https:\/\/revistaepocadigital.com.ar\/index.php?rest_route=\/wp\/v2\/users\/3"}],"replies":[{"embeddable":true,"href":"https:\/\/revistaepocadigital.com.ar\/index.php?rest_route=%2Fwp%2Fv2%2Fcomments&post=17368"}],"version-history":[{"count":0,"href":"https:\/\/revistaepocadigital.com.ar\/index.php?rest_route=\/wp\/v2\/posts\/17368\/revisions"}],"wp:featuredmedia":[{"embeddable":true,"href":"https:\/\/revistaepocadigital.com.ar\/index.php?rest_route=\/wp\/v2\/media\/17370"}],"wp:attachment":[{"href":"https:\/\/revistaepocadigital.com.ar\/index.php?rest_route=%2Fwp%2Fv2%2Fmedia&parent=17368"}],"wp:term":[{"taxonomy":"category","embeddable":true,"href":"https:\/\/revistaepocadigital.com.ar\/index.php?rest_route=%2Fwp%2Fv2%2Fcategories&post=17368"},{"taxonomy":"post_tag","embeddable":true,"href":"https:\/\/revistaepocadigital.com.ar\/index.php?rest_route=%2Fwp%2Fv2%2Ftags&post=17368"}],"curies":[{"name":"wp","href":"https:\/\/api.w.org\/{rel}","templated":true}]}}