{"id":17382,"date":"2022-08-23T17:19:38","date_gmt":"2022-08-23T20:19:38","guid":{"rendered":"https:\/\/revistaepocadigital.com.ar\/?p=17382"},"modified":"2022-08-23T17:19:38","modified_gmt":"2022-08-23T20:19:38","slug":"es-corrupcion-o-justicia-el-alegato-del-fiscal-luciani-en-el-juicio-por-la-obra-publica","status":"publish","type":"post","link":"https:\/\/revistaepocadigital.com.ar\/?p=17382","title":{"rendered":"&#8220;Es corrupci\u00f3n o justicia&#8221;. El alegato del fiscal Luciani en el juicio por la obra p\u00fablica"},"content":{"rendered":"<header class=\"articulo-header\">\n<h5><strong>PIDI\u00d3 PARA LA VICEPRESIDENTA CRISTINA FERN\u00c1NDEZ 12 A\u00d1OS DE PRISI\u00d3N<\/strong>.<!--more--><\/h5>\n<h6 class=\"headline\">Tambi\u00e9n solicit\u00f3 la pena de 12 a\u00f1os de prisi\u00f3n para L\u00e1zaro B\u00e1ez, 10 para Julio De Vido y Jos\u00e9 L\u00f3pez. La situaci\u00f3n del resto de los acusados. Nota en Perfil.com<\/h6>\n<h6 class=\"headline\"><picture class=\"cls-optimized\"><img decoding=\"async\" class=\"img-fluid\" src=\"https:\/\/fotos.perfil.com\/2022\/08\/22\/trim\/200\/112\/luciani-1406207.jpg\" alt=\"luciani\" \/><\/picture><\/h6>\n<\/header>\n<p><a href=\"https:\/\/www.perfil.com\/noticias\/politica\/juicio-obra-publica-luciani-mola-prision-inhabilitacion-cristina-kirchner.phtml\" target=\"_blank\" rel=\"noopener\"><strong>El fiscal federal Diego Luciani concluy\u00f3 su alegato contra Cristina Kirchner<\/strong><\/a> y los dem\u00e1s acusados en el juicio por presuntas irregularidades en la obra p\u00fablica en Santa Cruz.<\/p>\n<div id=\"noticia\" class=\"container\">\n<article class=\"main-article\">\n<div class=\"news-body\">\n<div class=\"news-content standard \">\n<p><strong>&#8220;Es corrupci\u00f3n o justicia&#8221;,<\/strong> apunt\u00f3 Diego Luciani (foto arriba) en la audiencia del lunes 22 de agosto previo al pedido de condena para los acusados por el delito de &#8220;asociaci\u00f3n il\u00edcita agravada y administraci\u00f3n fraudulenta agravada&#8221; contra la administraci\u00f3n p\u00fablica.<\/p>\n<div>\n<figure class=\"image\"><img decoding=\"async\" src=\"https:\/\/fotos.perfil.com\/\/2022\/08\/22\/900\/0\/zoom-de-acusados-en-el-juicio-por-la-obra-publica-en-santa-cruz-20220822-1406424.jpg\" alt=\"Zoom de Acusados en el juicio por la obra p\u00fablica en Santa Cruz 20220822\" \/><figcaption>Los acusados en la audiencia por el juicio de la obra p\u00fablica en Santa Cruz.<\/figcaption><\/figure>\n<\/div>\n<p>En su alocuci\u00f3n, Luciani detall\u00f3 <strong>el pedido de la fiscal\u00eda para los acusados, que en\u00a0todos los casos<\/strong> (menos la absoluci\u00f3n)<strong> incluye prisi\u00f3n, inhabilitaci\u00f3n perpetua para ejercer cargos p\u00fablicos, accesorias legales y pago de costas.\u00a0<\/strong><\/p>\n<p>En el caso de la vicepresidenta <a href=\"https:\/\/www.perfil.com\/noticias\/politica\/juicio-obra-publica-luciani-mola-prision-inhabilitacion-cristina-kirchner.phtml\" target=\"_blank\" rel=\"noopener\"><strong>Cristina Kirchner, pidi\u00f3 12 a\u00f1os <\/strong><\/a>por considerarla <em>&#8220;jefa de la asociaci\u00f3n il\u00edcita agravada y administraci\u00f3n fraudulenta agravada contra la administraci\u00f3n p\u00fablica&#8221;.<\/em> <a href=\"https:\/\/www.perfil.com\/noticias\/politica\/obra-publica-el-fiscal-luciani-pidio-12-anos-de-prision-para-lazaro-baez.phtml\" target=\"_blank\" rel=\"noopener\">La misma suerte corri\u00f3 <strong>L\u00e1zaro B\u00e1ez<\/strong>,<\/a> el empresario patag\u00f3nico y exdue\u00f1o de Austral Construcciones, por considerarlo <em>&#8220;part\u00edcipe primario responsable&#8221;.<\/em><\/p>\n<div>\n<figure class=\"image\"><figcaption>El exsecretario de Obras P\u00fablicas, Jos\u00e9 L\u00f3pez, hab\u00eda sido condenado a siete a\u00f1os y medio por los bolsos con 9 millones de d\u00f3lares.<\/figcaption><\/figure>\n<\/div>\n<p>&nbsp;<\/p>\n<p>Para el exministro de Planificaci\u00f3n,<strong> <a href=\"https:\/\/www.perfil.com\/noticias\/politica\/julio-de-vido-a-los-que-me-dejaron-les-debe-pesar-mas-la-conciencia-que-a-mi.phtml\" target=\"_blank\" rel=\"noopener\">Julio De Vido<\/a><\/strong>, Luciani pidi\u00f3 10 a\u00f1os de prisi\u00f3n, al igual que para el exsecretario de Obras P\u00fablicas, <a href=\"https:\/\/www.perfil.com\/noticias\/politica\/jose-lopez-pago-fianza-145-millones-pesos-saldria-libertad-proximas-horas.phtml\" target=\"_blank\" rel=\"noopener\"><strong>Jos\u00e9 Francisco L\u00f3pez<\/strong>,<\/a> conocido\u00a0como &#8220;<a href=\"https:\/\/www.perfil.com\/noticias\/actualidad\/causa-de-los-bolsos-confirmaron-la-condena-de-mas-de-7-anos-a-julio-lopez.phtml\" target=\"_blank\" rel=\"noopener\">el hombre de los bolsos<\/a>&#8220;, a quien acus\u00f3 de reportar directamente a Cristina Kirchner acerca de las obras de Santa Cruz, adem\u00e1s de tener un v\u00ednculo con B\u00e1ez.<\/p>\n<p>Otro que tambi\u00e9n podr\u00eda pasar una d\u00e9cada en prisi\u00f3n es <strong>Nelson Periotti<\/strong>, extitular\u00a0de la\u00a0Direcci\u00f3n Nacional de Vialidad (DNV) durante el kirchnerismo, apuntado por los fiscales como el &#8220;organizador&#8221; de las maniobras delictivas.<\/p>\n<p>Para <strong>Mauricio Collareda<\/strong>, exjefe de la DNV de Santa Cruz, el fiscal pidi\u00f3 6 a\u00f1os de c\u00e1rcel; para\u00a0<strong>Juan Carlos Villafa\u00f1e<\/strong>, titular de la\u00a0Administraci\u00f3n General De Vialidad Provincial (AGVP) entre 2006 y 2007,\u00a06 a\u00f1os de prisi\u00f3n, mientras que para su hom\u00f3logo <strong>Ra\u00fal Gilberto Pavesi <\/strong>5 a\u00f1os; para\u00a0<strong>Ra\u00fal Daruich<\/strong>, tambi\u00e9n de la DNV, 5 a\u00f1os.<\/p>\n<p>El exsubsecretario de Obras P\u00fablicas<strong> Abel Fatala<\/strong> se le apuntaron 4 a\u00f1os, al igual que a\u00a0<strong>Jos\u00e9 Ra\u00fal Santib\u00e1\u00f1ez,\u00a0<\/strong>quien fue presidente del\u00a0 directorio de la AGV<\/p>\n<p>Por otro lado, <strong>H\u00e9ctor Ren\u00e9 Jesus Garro<\/strong>, podr\u00eda recibir 3 a\u00f1os de prisi\u00f3n en suspenso con base en el pedido de la fiscal\u00eda. Fue presidente de la AGVP. En caso de ser condenado, deber\u00e1 fijar residencia y someterse al control de la Justicia.<\/p>\n<p>En el caso de\u00a0<strong>Carlos Santiago Kirchner,\u00a0<\/strong>fue absuelto por el cargo que se le imputa\u00a0pero se pidi\u00f3 la condena a 2 a\u00f1os de prisi\u00f3n de suspenso autor penalmente responsable del art\u00edculo 248 del C\u00f3digo Penal.<\/p>\n<div class=\"noticias-relacionadas\">\n<div class=\"relacionadas-titulo\"><\/div>\n<p>Foto portada: gentileza La Naci\u00f3n<\/p>\n<\/div>\n<\/div>\n<\/div>\n<\/article>\n<\/div>\n","protected":false},"excerpt":{"rendered":"<p>PIDI\u00d3 PARA LA VICEPRESIDENTA CRISTINA FERN\u00c1NDEZ 12 A\u00d1OS DE PRISI\u00d3N.<\/p>\n","protected":false},"author":3,"featured_media":17384,"comment_status":"open","ping_status":"open","sticky":false,"template":"","format":"standard","meta":{"footnotes":"","jetpack_publicize_message":"","jetpack_publicize_feature_enabled":true,"jetpack_social_post_already_shared":false,"jetpack_social_options":{"image_generator_settings":{"template":"highway","default_image_id":0,"font":"","enabled":false},"version":2}},"categories":[17],"tags":[1992],"class_list":["post-17382","post","type-post","status-publish","format-standard","has-post-thumbnail","hentry","category-politica","tag-juicio-cristina-kirchner"],"jetpack_publicize_connections":[],"jetpack_featured_media_url":"https:\/\/revistaepocadigital.com.ar\/wp-content\/uploads\/2022\/08\/CFK.jpg","jetpack_likes_enabled":true,"_links":{"self":[{"href":"https:\/\/revistaepocadigital.com.ar\/index.php?rest_route=\/wp\/v2\/posts\/17382","targetHints":{"allow":["GET"]}}],"collection":[{"href":"https:\/\/revistaepocadigital.com.ar\/index.php?rest_route=\/wp\/v2\/posts"}],"about":[{"href":"https:\/\/revistaepocadigital.com.ar\/index.php?rest_route=\/wp\/v2\/types\/post"}],"author":[{"embeddable":true,"href":"https:\/\/revistaepocadigital.com.ar\/index.php?rest_route=\/wp\/v2\/users\/3"}],"replies":[{"embeddable":true,"href":"https:\/\/revistaepocadigital.com.ar\/index.php?rest_route=%2Fwp%2Fv2%2Fcomments&post=17382"}],"version-history":[{"count":0,"href":"https:\/\/revistaepocadigital.com.ar\/index.php?rest_route=\/wp\/v2\/posts\/17382\/revisions"}],"wp:featuredmedia":[{"embeddable":true,"href":"https:\/\/revistaepocadigital.com.ar\/index.php?rest_route=\/wp\/v2\/media\/17384"}],"wp:attachment":[{"href":"https:\/\/revistaepocadigital.com.ar\/index.php?rest_route=%2Fwp%2Fv2%2Fmedia&parent=17382"}],"wp:term":[{"taxonomy":"category","embeddable":true,"href":"https:\/\/revistaepocadigital.com.ar\/index.php?rest_route=%2Fwp%2Fv2%2Fcategories&post=17382"},{"taxonomy":"post_tag","embeddable":true,"href":"https:\/\/revistaepocadigital.com.ar\/index.php?rest_route=%2Fwp%2Fv2%2Ftags&post=17382"}],"curies":[{"name":"wp","href":"https:\/\/api.w.org\/{rel}","templated":true}]}}