{"id":17386,"date":"2022-08-23T19:54:25","date_gmt":"2022-08-23T22:54:25","guid":{"rendered":"https:\/\/revistaepocadigital.com.ar\/?p=17386"},"modified":"2022-08-23T19:54:25","modified_gmt":"2022-08-23T22:54:25","slug":"causa-vialidad-cristina-kirchner-no-hizo-referencia-a-las-acusaciones-de-la-fiscalia","status":"publish","type":"post","link":"https:\/\/revistaepocadigital.com.ar\/?p=17386","title":{"rendered":"Causa Vialidad: Cristina Kirchner no hizo referencia a las acusaciones de la Fiscal\u00eda"},"content":{"rendered":"<header class=\"article-header-wrapper\">\n<div class=\"article-header\">\n<h6><strong>LA &#8220;RESPUESTA&#8221;.<!--more--><\/strong><\/h6>\n<h6 class=\"article-subheadline\">La Vicepresidenta no present\u00f3 pruebas que desmientan las incriminaciones de los fiscales, que en los alegatos pidieron una condena de 12 a\u00f1os de prisi\u00f3n e inhabilitaci\u00f3n para ejercer cargos p\u00fablicos contra la funcionaria. Nota en Infobae.com<\/h6>\n<\/div>\n<\/header>\n<p><b>Cristina Kirchner hizo (23-8)<\/b><a href=\"https:\/\/www.infobae.com\/politica\/2022\/08\/23\/cristina-kirchner-respondio-al-pedido-de-condena-en-su-contra-con-fuertes-acusaciones-a-los-fiscales-y-a-la-oposicion\/\" target=\"_blank\" rel=\"noopener\"> una defensa pol\u00edtica <\/a>de la acusaci\u00f3n que recibi\u00f3 en el juicio oral de parte de los fiscales federales <b>Diego Luciani y Sergio Mola,<\/b> pero <mark class=\"hl_yellow\"><b>no hubo referencias a las pruebas que presentaron en su contra para <\/b><\/mark><a href=\"https:\/\/www.infobae.com\/politica\/2022\/08\/22\/obra-publica-la-fiscalia-pidio-12-anos-de-prision-para-cristina-kirchner-y-la-inhabilitacion-perpetua-para-ejercer-cargos\/\" target=\"_blank\" rel=\"noopener\"><mark class=\"hl_yellow\"><b>pedir que sea condenada a 12 a\u00f1os de prisi\u00f3n<\/b><\/mark><\/a><mark class=\"hl_yellow\"><b> y a una inhabilitaci\u00f3n perpetua para ejercer cargos p\u00fablicos<\/b><\/mark> por considerarla jefa de una asociaci\u00f3n il\u00edcita y por fraude en perjuicio de la administraci\u00f3n p\u00fablica.<\/p>\n<article class=\"article\">\n<div class=\"nd-body-article\">\n<p class=\"paragraph\">Ayer, tanto CFK como su abogado, <b>Alberto Beraldi,<\/b> dijeron que la Vicepresidenta queria declarar en una audiencia porque los fiscales hab\u00edan introducido prueba que no estaba en la causa. El Tribunal Oral Federal rechaz\u00f3 el pedido y la ex mandataria hizo su presentaci\u00f3n a trav\u00e9s de sus redes sociales.<\/p>\n<div class=\"inline ad-wrapper\">\n<div class=\"dfpAd display_inline_block ad_margin_wrapper\">\n<div id=\"infobae\/politica\/nota\/inline\" class=\"infobae\/politica\/nota\/inline arcad\" data-google-query-id=\"CKb6oJLo3fkCFQqplQIdwYIM0w\">\n<div id=\"google_ads_iframe_\/1058609\/infobae\/politica\/nota\/inline_0__container__\">Sin embargo, en su hora y media de exposici\u00f3n no objet\u00f3 la prueba que utilizaron los fiscales. <mark class=\"hl_yellow\"><b>Solo dijo que \u201cen la \u00faltima audiencia de prueba\u201d el tribunal autoriz\u00f3 a que se analice el celular del ex secretario de Obras P\u00fablicas Jos\u00e9 L\u00f3pez. <\/b><\/mark>La Fiscal\u00eda pidi\u00f3 ver el celular de L\u00f3pez en 2018 y fue autorizado por el Tribunal y todas las partes tienen su contenido desde noviembre del a\u00f1o pasado.<\/div>\n<\/div>\n<\/div>\n<\/div>\n<p class=\"paragraph\">El celular de L\u00f3pez fue el eje central de lo que habl\u00f3 Cristina Kirchner y lo hab\u00eda sido de los fiscales. Luciani se\u00f1al\u00f3 que a trav\u00e9s del celular del ex funcionario se pudo comprobar lo que llam\u00f3 el <a href=\"https:\/\/www.infobae.com\/politica\/2022\/08\/01\/plan-limpiar-todo-el-fiscal-aseguro-que-hubo-una-reunion-entre-cristina-kirchner-y-lazaro-baez-antes-del-cambio-de-gobierno\/\" target=\"_blank\" rel=\"noopener\">\u201cplan limpiar todo\u201d<\/a>: <mark class=\"hl_yellow\"><b>reuniones de L\u00f3pez y B\u00e1ez con Cristina Kirchner pocos d\u00edas antes de terminar en 2015 su segundo mandato para pagarle al empresario 537 millones de pesos que se le adeudaban por obras que no iban a terminarse.<\/b><\/mark><\/p>\n<h6 class=\"visual__image\"><img loading=\"lazy\" decoding=\"async\" class=\"\" src=\"https:\/\/cloudfront-us-east-1.images.arcpublishing.com\/infobae\/V53BZFYHFBDPPEHG4JJUHDTUHM.jpg\" sizes=\"auto, (min-width: 800px) 50vw, 90vw\" srcset=\"https:\/\/www.infobae.com\/new-resizer\/Txw78JxwY7aBe3JExuDmFhf2UBM=\/420x236\/filters:format(webp):quality(85)\/cloudfront-us-east-1.images.arcpublishing.com\/infobae\/V53BZFYHFBDPPEHG4JJUHDTUHM.jpg 420w,https:\/\/www.infobae.com\/new-resizer\/SmEdhnKQEc7bVYG_UtCt7WhdcWM=\/768x432\/filters:format(webp):quality(85)\/cloudfront-us-east-1.images.arcpublishing.com\/infobae\/V53BZFYHFBDPPEHG4JJUHDTUHM.jpg 768w,https:\/\/www.infobae.com\/new-resizer\/hSWRt9qOMd_wJ35HfRbU3T4CPLM=\/992x558\/filters:format(webp):quality(85)\/cloudfront-us-east-1.images.arcpublishing.com\/infobae\/V53BZFYHFBDPPEHG4JJUHDTUHM.jpg 992w,https:\/\/www.infobae.com\/new-resizer\/eW0TgH8GKm2BeSWmm6Kw0o1gkpY=\/1200x675\/filters:format(webp):quality(85)\/cloudfront-us-east-1.images.arcpublishing.com\/infobae\/V53BZFYHFBDPPEHG4JJUHDTUHM.jpg 1200w,https:\/\/www.infobae.com\/new-resizer\/wuy_Ul_pNHCYSbQ5Zf4hbEUqs6o=\/1440x810\/filters:format(webp):quality(85)\/cloudfront-us-east-1.images.arcpublishing.com\/infobae\/V53BZFYHFBDPPEHG4JJUHDTUHM.jpg 1440w\" alt=\"Jos\u00e9 L\u00f3pez y Julio De Vido, otros dos de los acusados (NA)\" width=\"1920\" height=\"1080\" \/><em>Jos\u00e9 L\u00f3pez y Julio De Vido, otros dos de los acusados (NA)<\/em><\/h6>\n<p class=\"paragraph\">La Vicepresidenta no hizo menci\u00f3n sobre esos mensajes. Pero dijo que en el celular de L\u00f3pez hab\u00eda mensajes entre \u00e9l y <a href=\"https:\/\/www.infobae.com\/politica\/2022\/08\/23\/los-mensajes-entre-jose-lopez-nicolas-caputo-y-eduardo-gutierrez-que-mostro-cristina-kirchner\/\" target=\"_blank\" rel=\"noopener\">Nicol\u00e1s Caputo,<\/a> empresario de la construcci\u00f3n y amigo \u00edntimo del ex presidente <b>Mauricio Macri<\/b>. \u201c<b>El trato de familiaridad con Nicky Caputo y con Eduardo Guti\u00e9rrez no la veo con ning\u00fan otro. Yo no considero que la amistad sea un pecado, pero quien ha considerado que esto es delito son los fiscales Luciani y Mola. \u00bfNo les llam\u00f3 la atenci\u00f3n esta familiaridad a los fiscales y a los jueces?<\/b>\u201d, se pregunt\u00f3 Cristina Kirchner.<\/p>\n<p class=\"paragraph\">En varios tramos de su presentaci\u00f3n, la titular del Senado apunt\u00f3 a los fiscales por no investigar o exponer los mensajes de Caputo con L\u00f3pez.<mark class=\"hl_yellow\"><b> Los fiscales en la audiencia del juicio del 22-8 pidieron que se investigue en una nueva causa penal el contenido del celular del ex funcionario.<\/b><\/mark> \u201cVamos a solicitar la extracci\u00f3n de testimonios acerca de las posibles ilicitudes de las mismas caracter\u00edsticas que las que han sido se\u00f1aladas en este alegato en relaci\u00f3n con el hospital materno infantil de R\u00edo Gallegos, lo que surgir\u00eda de las conversaciones que han sido expuestas por Jos\u00e9 L\u00f3pez y Abel Fatala, como as\u00ed tambi\u00e9n de todos los posibles il\u00edcitos que surgen de los mensajes del tel\u00e9fono de Jos\u00e9 L\u00f3pez, en el que habr\u00edan participado diferentes funcionarios y particulares\u201d, dijo Luciani.<\/p>\n<div class=\"visual__image\">El fiscal Diego Luciani<\/div>\n<p class=\"paragraph\"><mark class=\"hl_yellow\"><b>Cristina Kirchner no hizo referencia a otras pruebas que expusieron los fiscales<\/b><\/mark>, lo que seguramente quedar\u00e1 para cuando su defensa comience sus alegatos en el juicio oral.<\/p>\n<p class=\"paragraph\">En sus alegatos, la Fiscal\u00eda se\u00f1al\u00f3 que B\u00e1ez, ocho d\u00edas antes de que <b>N\u00e9stor Kichner<\/b> asumiera en mayo de 2003 como presidente de la Naci\u00f3n, fund\u00f3 Austral Construcciones. <b>B\u00e1ez, amigo de N\u00e9stor Kirchner, pas\u00f3 de ser monotributista y empleado bancario a due\u00f1o de una empresa constructora,<\/b> dijo el fiscal. Adem\u00e1s, el empresario compr\u00f3 otras compa\u00f1\u00edas del rubro de la provincia, como Kank y Costilla y Gotti.<\/p>\n<p class=\"paragraph\">Tambi\u00e9n apunt\u00f3 a que entre 2003 y 2015 las empresas de B\u00e1ez recibieron 51 obras p\u00fablicas para Santa Cruz. <b>Se trata del 78% de obras que se asignaron a esa provincia en ese per\u00edodo<\/b>. El fiscal detall\u00f3 en su alegato que solo tres fueron finalizadas en tiempo y forma y no eran obras viales. <b>Solo 27 de las 51 fueron culminadas<\/b>, de las cuales 24 tuvieron demoras severas con retrasos injustificados. \u201cLo peor, inexplicable, 24 obras adjudicadas al grupo B\u00e1ez fueron abandonadas, quedaron inconclusas. Esto deja al descubierto la falta de capacidad t\u00e9cnica de las compa\u00f1\u00edas\u201d, describi\u00f3.<\/p>\n<p class=\"paragraph\">La Fiscal\u00eda explic\u00f3 que el encargado de elaborar los presupuestos nacionales, que contienen las obras, es el Poder Ejecutivo. \u201cDurante las presidencias de N\u00e9stor y Cristina Kirchner se remitieron proyectos al Poder Legislativo de presupuestos subestimados, con informaci\u00f3n insuficiente, con incongruencias de las obras plurianuales para las empresas de B\u00e1ez. <b>El Poder Ejecutivo habilit\u00f3 por medio de decretos de necesidad y urgencia, de decisiones administrativas, de permanente modificaciones, de ampliaciones o compensaciones de partidas cuantiosos fondos a las empresas de B\u00e1ez. El control interno se caracteriz\u00f3 por la absoluta ineficiencia\u201d<\/b>, dijo sobre una de las pruebas en contra de Cristina Kirchner.<\/p>\n<div class=\"visual__image\"><img loading=\"lazy\" decoding=\"async\" class=\"\" src=\"https:\/\/cloudfront-us-east-1.images.arcpublishing.com\/infobae\/FQG6EJBYSNEUDIVXA2RC22X5JM.jpg\" sizes=\"auto, (min-width: 800px) 50vw, 90vw\" srcset=\"https:\/\/www.infobae.com\/new-resizer\/FAdK1eAl4yYKCksZCAUrAb7-aLs=\/420x236\/filters:format(webp):quality(85)\/cloudfront-us-east-1.images.arcpublishing.com\/infobae\/FQG6EJBYSNEUDIVXA2RC22X5JM.jpg 420w,https:\/\/www.infobae.com\/new-resizer\/sh85U0b6XMPCV18JLP4zRsqZqgg=\/768x432\/filters:format(webp):quality(85)\/cloudfront-us-east-1.images.arcpublishing.com\/infobae\/FQG6EJBYSNEUDIVXA2RC22X5JM.jpg 768w,https:\/\/www.infobae.com\/new-resizer\/J28TTAXfpeTKuGoOzjSnMl3csZo=\/992x558\/filters:format(webp):quality(85)\/cloudfront-us-east-1.images.arcpublishing.com\/infobae\/FQG6EJBYSNEUDIVXA2RC22X5JM.jpg 992w,https:\/\/www.infobae.com\/new-resizer\/BwgDb_QhAzkDrPlPdbb3SRNK-1o=\/1200x675\/filters:format(webp):quality(85)\/cloudfront-us-east-1.images.arcpublishing.com\/infobae\/FQG6EJBYSNEUDIVXA2RC22X5JM.jpg 1200w,https:\/\/www.infobae.com\/new-resizer\/TkGRQX1VSfrg7mdwHEIYQFeoy7E=\/1440x810\/filters:format(webp):quality(85)\/cloudfront-us-east-1.images.arcpublishing.com\/infobae\/FQG6EJBYSNEUDIVXA2RC22X5JM.jpg 1440w\" alt=\"L\u00e1zaro B\u00e1ez\" width=\"1920\" height=\"1080\" \/>L\u00e1zaro B\u00e1ez<\/div>\n<p class=\"paragraph\">El fiscal puso como ejemplo que en 2020, con Cristina Kichner como titular del Senado, la C\u00e1mara alta devolvi\u00f3 el presupuesto para ese a\u00f1o porque las planillas de las obras p\u00fablicas no conten\u00eda el monto total y porque no estaban incluidas todas las obras.<b> \u201cEsta rigurosidad que tuvo Cristina Kirchner en el Senado nos muestra el conocimiento real que tenia de esas planillas, lo que no hizo cuando era Presidenta con las obras que gan\u00f3 B\u00e1ez\u201d,<\/b> sostuvo.<\/p>\n<p class=\"paragraph\">Otro tramo de la prueba fue que los Kirchner y B\u00e1ez eran socios. El empresario se hizo cargo de \u201cHotesur\u201d, la compa\u00f1\u00eda de hoteles de la familia presidencial, y le alquilaba propiedades. <mark class=\"hl_yellow\"><b>Luciani se\u00f1al\u00f3 que as\u00ed hubo una etapa posterior a la asignaci\u00f3n de las obras que consisti\u00f3 en \u201capropiarse de dichos fondos, a trav\u00e9s de distintos mecanismos, con el fin de disimular su apariencia il\u00edcita, lo que constituye el objeto de las causas conocidas \u2018Los Sauces\u2019 y \u2018Hotesur\u00b4\u2019\u201d.<\/b><\/mark><\/p>\n<p class=\"paragraph\">Cristina Kichner s\u00ed habl\u00f3 de eso: <b>dijo que no ten\u00eda una relaci\u00f3n societaria con B\u00e1ez, sino que firmaron contratos de alquiler.<\/b> Del resto de las pruebas no hizo referencia.<\/p>\n<\/div>\n<div class=\"nd-article-tags-container\">\n<div class=\"nd-article-tags\"><\/div>\n<\/div>\n<\/article>\n","protected":false},"excerpt":{"rendered":"<p>LA &#8220;RESPUESTA&#8221;.<\/p>\n","protected":false},"author":3,"featured_media":17388,"comment_status":"open","ping_status":"open","sticky":false,"template":"","format":"standard","meta":{"footnotes":"","jetpack_publicize_message":"","jetpack_publicize_feature_enabled":true,"jetpack_social_post_already_shared":false,"jetpack_social_options":{"image_generator_settings":{"template":"highway","default_image_id":0,"font":"","enabled":false},"version":2}},"categories":[17],"tags":[1994,1993],"class_list":["post-17386","post","type-post","status-publish","format-standard","has-post-thumbnail","hentry","category-politica","tag-declaraciones-cfkk","tag-juicio-cfk"],"jetpack_publicize_connections":[],"jetpack_featured_media_url":"https:\/\/revistaepocadigital.com.ar\/wp-content\/uploads\/2022\/08\/HWTJTJI2BVGJHE2NY4J6TOA4HI.webp","jetpack_likes_enabled":true,"_links":{"self":[{"href":"https:\/\/revistaepocadigital.com.ar\/index.php?rest_route=\/wp\/v2\/posts\/17386","targetHints":{"allow":["GET"]}}],"collection":[{"href":"https:\/\/revistaepocadigital.com.ar\/index.php?rest_route=\/wp\/v2\/posts"}],"about":[{"href":"https:\/\/revistaepocadigital.com.ar\/index.php?rest_route=\/wp\/v2\/types\/post"}],"author":[{"embeddable":true,"href":"https:\/\/revistaepocadigital.com.ar\/index.php?rest_route=\/wp\/v2\/users\/3"}],"replies":[{"embeddable":true,"href":"https:\/\/revistaepocadigital.com.ar\/index.php?rest_route=%2Fwp%2Fv2%2Fcomments&post=17386"}],"version-history":[{"count":0,"href":"https:\/\/revistaepocadigital.com.ar\/index.php?rest_route=\/wp\/v2\/posts\/17386\/revisions"}],"wp:featuredmedia":[{"embeddable":true,"href":"https:\/\/revistaepocadigital.com.ar\/index.php?rest_route=\/wp\/v2\/media\/17388"}],"wp:attachment":[{"href":"https:\/\/revistaepocadigital.com.ar\/index.php?rest_route=%2Fwp%2Fv2%2Fmedia&parent=17386"}],"wp:term":[{"taxonomy":"category","embeddable":true,"href":"https:\/\/revistaepocadigital.com.ar\/index.php?rest_route=%2Fwp%2Fv2%2Fcategories&post=17386"},{"taxonomy":"post_tag","embeddable":true,"href":"https:\/\/revistaepocadigital.com.ar\/index.php?rest_route=%2Fwp%2Fv2%2Ftags&post=17386"}],"curies":[{"name":"wp","href":"https:\/\/api.w.org\/{rel}","templated":true}]}}