{"id":17399,"date":"2022-08-24T10:34:38","date_gmt":"2022-08-24T13:34:38","guid":{"rendered":"https:\/\/revistaepocadigital.com.ar\/?p=17399"},"modified":"2022-08-28T12:51:20","modified_gmt":"2022-08-28T15:51:20","slug":"salinas-y-asociados-campo-en-san-andres-de-giles","status":"publish","type":"post","link":"https:\/\/revistaepocadigital.com.ar\/?p=17399","title":{"rendered":"Salinas y Asociados. Una empresa familiar con una vasta trayectoria"},"content":{"rendered":"<p><strong>LA CONOCIDA INMOBILIARIA.<\/strong><!--more--><\/p>\n<div class=\"ClipTextosNosotros\">\n<p class=\"tit_nosotros\">Una empresa familiar que hace m\u00e1s de 40 a\u00f1os brinda servicios personalizados en la compra y venta de campos y chacras.\u00a0En Salinas la premisa ha sido siempre basar su actividad profesional sobre los pilares de la eficiencia, el servicio y el respeto por la confidencialidad de los negocios.<\/p>\n<p class=\"tit_nosotros\">Salinas y Asociados es una de las firmas fundadoras de la C\u00e1mara Argentina de Inmobiliarias Rurales (CAIR). Una asociaci\u00f3n que nuclea las inmobiliarias rurales m\u00e1s prestigiosas de todo el pa\u00eds.<\/p>\n<p>Entre las propiedades que comercializa se encuentran:<br \/>\nCampos Productivos, Haras, Fracciones para Emprendimientos, Chacras para Weekend, Fincas con Vi\u00f1edos, Predios Industriales y Comerciales, Terrenos y Casas.<\/p>\n<\/div>\n<p><strong>Ac\u00e1 m\u00e1s informaci\u00f3n. Actualizaci\u00f3n.<\/strong><\/p>\n<p><strong>En venta:<\/strong><\/p>\n<p><strong>Campo en Chacabuco<\/strong><\/p>\n<p>SUPERFICIE:<br \/>\n592 Hect\u00e1reas.-<br \/>\nUBICACI\u00d3N:<br \/>\nPartido de Chacabuco, provincia de Buenos Aires.-<br \/>\nSobre Ruta 51 Km. 143,500, con 6 Km de frente sobre la misma.-<br \/>\nMEJORAS:<br \/>\n4 Potreros.-<br \/>\n5 Molinos.-<br \/>\nGalp\u00f3n: 18 x15 metros.-<br \/>\nPuesto.-<br \/>\n6 Montes de reparo.-<br \/>\nManga, cepo, corral de aparte, embarcadero y balanza techada para 1.500 Kg.-<br \/>\nCARACTER\u00cdSTICAS:<br \/>\nCampo de aptitud mixta, de muy buena calidad, con aproximadamente 180 Has. dedicadas a<br \/>\nforrajes.- Pasturas: alfalfa, festuca, agropiro, lotus, tr\u00e9bol blanco y rojo.-<br \/>\nMuy productivo, en la actualidad se maneja con un plantel de 500 vacas, si bien no hay<br \/>\ntrazabilidad esta todo caraba\u00f1ado.<\/p>\n<p>MIR\u00c1 LAS IM\u00c1GENES EN ESTE LINK:<\/p>\n<p><a href=\"https:\/\/revistaepocadigital.com.ar\/wp-content\/uploads\/2022\/08\/592-Has.-Las-Palmeras-Chacabuco-1.pdf\">592 Has. Las Palmeras, Chacabuco (1)<\/a><\/p>\n<p>&nbsp;<\/p>\n<p><strong>&#8212;&#8212;&#8212;&#8212;&#8212;&#8212;&#8212;&#8212;&#8212;&#8212;&#8212;&#8212;&#8212;&#8212;<\/strong><\/p>\n<p><strong>En venta:\u00a0<\/strong><\/p>\n<p><strong>Campo en San Andr\u00e9s de Giles<\/strong><\/p>\n<p>SUPERFICIE<br \/>\n84 Hect\u00e1reas.\u2010<br \/>\nCompuestas por dos parcelas:<br \/>\n\uf0b7 Parcela 1828c: 58 Has. y<br \/>\n\uf0b7 Parte de la Parcela 1926a: 26 Has..\u2010<br \/>\nUbicaci\u00f3n<br \/>\nCuartel XV, partido de San Andr\u00e9s de Giles, provincia de Buenos Aires.\u2010<br \/>\nA 7 Km de pavimento.\u2010<br \/>\nA 9 Km de San Andr\u00e9s de Giles.\u2010<br \/>\nA 100 Km de la ciudad Aut\u00f3noma de Buenos Aires.\u2010<br \/>\nMEJORAS<br \/>\nNo posee mejoras.\u2010<br \/>\nAPTITUD<br \/>\n&#8211; 40% de suelos de la Serie Mercedes uno (Mc1), capacidad de uso IIw, e \u00cdndice de<br \/>\nProductividad (IP) 83;<br \/>\n&#8211; 40% de suelos de la Serie Mercedes cuatro (Mc4), capacidad de uso IIes, e \u00cdndice<br \/>\nde Productividad (IP) 72,4;<\/p>\n<p>&nbsp;<\/p>\n<p>MIR\u00c1 LAS IM\u00c1GENES EN ESTE LINK:<br \/>\n<a href=\"https:\/\/revistaepocadigital.com.ar\/wp-content\/uploads\/2022\/08\/84-Has.-San-Andres-de-Giles-1.pdf\">84 Has. San Andr\u00e9s de Giles (1)<\/a><\/p>\n","protected":false},"excerpt":{"rendered":"<p>LA CONOCIDA INMOBILIARIA.<\/p>\n","protected":false},"author":3,"featured_media":17409,"comment_status":"open","ping_status":"open","sticky":false,"template":"","format":"standard","meta":{"footnotes":"","jetpack_publicize_message":"","jetpack_publicize_feature_enabled":true,"jetpack_social_post_already_shared":false,"jetpack_social_options":{"image_generator_settings":{"template":"highway","default_image_id":0,"font":"","enabled":false},"version":2}},"categories":[15],"tags":[37,1995],"class_list":["post-17399","post","type-post","status-publish","format-standard","has-post-thumbnail","hentry","category-lo-que-tenes-que-saber","tag-destacada","tag-salinas-y-asoc"],"jetpack_publicize_connections":[],"jetpack_featured_media_url":"https:\/\/revistaepocadigital.com.ar\/wp-content\/uploads\/2022\/08\/descarga-1.jpg","jetpack_likes_enabled":true,"_links":{"self":[{"href":"https:\/\/revistaepocadigital.com.ar\/index.php?rest_route=\/wp\/v2\/posts\/17399","targetHints":{"allow":["GET"]}}],"collection":[{"href":"https:\/\/revistaepocadigital.com.ar\/index.php?rest_route=\/wp\/v2\/posts"}],"about":[{"href":"https:\/\/revistaepocadigital.com.ar\/index.php?rest_route=\/wp\/v2\/types\/post"}],"author":[{"embeddable":true,"href":"https:\/\/revistaepocadigital.com.ar\/index.php?rest_route=\/wp\/v2\/users\/3"}],"replies":[{"embeddable":true,"href":"https:\/\/revistaepocadigital.com.ar\/index.php?rest_route=%2Fwp%2Fv2%2Fcomments&post=17399"}],"version-history":[{"count":0,"href":"https:\/\/revistaepocadigital.com.ar\/index.php?rest_route=\/wp\/v2\/posts\/17399\/revisions"}],"wp:featuredmedia":[{"embeddable":true,"href":"https:\/\/revistaepocadigital.com.ar\/index.php?rest_route=\/wp\/v2\/media\/17409"}],"wp:attachment":[{"href":"https:\/\/revistaepocadigital.com.ar\/index.php?rest_route=%2Fwp%2Fv2%2Fmedia&parent=17399"}],"wp:term":[{"taxonomy":"category","embeddable":true,"href":"https:\/\/revistaepocadigital.com.ar\/index.php?rest_route=%2Fwp%2Fv2%2Fcategories&post=17399"},{"taxonomy":"post_tag","embeddable":true,"href":"https:\/\/revistaepocadigital.com.ar\/index.php?rest_route=%2Fwp%2Fv2%2Ftags&post=17399"}],"curies":[{"name":"wp","href":"https:\/\/api.w.org\/{rel}","templated":true}]}}