{"id":174,"date":"2018-10-15T21:58:33","date_gmt":"2018-10-16T00:58:33","guid":{"rendered":"https:\/\/revistaepocadigital.com.ar\/?p=174"},"modified":"2018-10-15T21:58:33","modified_gmt":"2018-10-16T00:58:33","slug":"parada-robles-cumplio-78-anos","status":"publish","type":"post","link":"https:\/\/revistaepocadigital.com.ar\/?p=174","title":{"rendered":"Los 78 a\u00f1os de Parada Robles"},"content":{"rendered":"<p><strong>EL PASADO&#8230;<\/strong><!--more--><\/p>\n<p>&nbsp;<\/p>\n<p>&#8230;21 de octubre se desarrollaron los actos protocolares presididos por la intendente interina Mar\u00eda Luz Bozzani, acompa\u00f1ada por el Secretario de Coordinaci\u00f3n y Planificaci\u00f3n Guillermo Flores y el Delegado Municipal Adolfo Charrato.<\/p>\n<p>Luego de inaugurar la ampliaci\u00f3n del CAPS que sum\u00f3 a su infraestructura una sala de Rayos X, cuatro nuevos consultorios, sala de espera y ba\u00f1o accesible; avances que constituyen una importante mejora para la atenci\u00f3n m\u00e9dica de los vecinos de Parada Robles, las autoridades municipales asistieron a Misa en la Parroquia local. Luego se trasladaron al palco, all\u00ed entregaroncertificados a vecinos e instituciones destacados de Parada Robles, y donde la intendente Bozzani pronunci\u00f3 su mensaje felicitando a la comunidad local por el trabajo mancomunado. Enfatiz\u00f3 los dos ejes centrales de esta gesti\u00f3n municipal que se sostienen en el tiempo: asegurar las educaci\u00f3n de los j\u00f3venes y garantizar el acceso a la salud para todos. Por \u00faltimo, al homenajear a las madres en su d\u00eda, se refiri\u00f3 a la importancia de la mujer como base fundamental de las familias que conforman nuestra sociedad.<\/p>\n<p>Junto a vecinos, amigos e invitados, tambi\u00e9n asistieron: el Presidente del Concejo Deliberante, Ra\u00fal Sancho; el Presidente del Consejo Escolar Patricio Diez, la Secretaria de Desarrollo Humano y Social Vanesa Russo, el Secretario de Obras P\u00fablicas Gustavo Candia , el Secretario de Salud Ricardo Algranati, la Encargada de Educaci\u00f3n Cristina Ponce de Le\u00f3n, el Presidente de la cooperativa Cepral Jose Luis Hermida, concejales y consejeros, autoridades policiales, educativas y dem\u00e1s directores y jefes de \u00e1reas municipales.<\/p>\n","protected":false},"excerpt":{"rendered":"<p>EL PASADO&#8230;<\/p>\n","protected":false},"author":3,"featured_media":175,"comment_status":"open","ping_status":"open","sticky":false,"template":"","format":"standard","meta":{"footnotes":"","jetpack_publicize_message":"","jetpack_publicize_feature_enabled":true,"jetpack_social_post_already_shared":false,"jetpack_social_options":{"image_generator_settings":{"template":"highway","default_image_id":0,"font":"","enabled":false},"version":2}},"categories":[5],"tags":[20],"class_list":["post-174","post","type-post","status-publish","format-standard","has-post-thumbnail","hentry","category-aqui-parada-robles","tag-aniversario"],"jetpack_publicize_connections":[],"jetpack_featured_media_url":"https:\/\/revistaepocadigital.com.ar\/wp-content\/uploads\/2018\/10\/robles3-1.jpg","jetpack_likes_enabled":true,"_links":{"self":[{"href":"https:\/\/revistaepocadigital.com.ar\/index.php?rest_route=\/wp\/v2\/posts\/174","targetHints":{"allow":["GET"]}}],"collection":[{"href":"https:\/\/revistaepocadigital.com.ar\/index.php?rest_route=\/wp\/v2\/posts"}],"about":[{"href":"https:\/\/revistaepocadigital.com.ar\/index.php?rest_route=\/wp\/v2\/types\/post"}],"author":[{"embeddable":true,"href":"https:\/\/revistaepocadigital.com.ar\/index.php?rest_route=\/wp\/v2\/users\/3"}],"replies":[{"embeddable":true,"href":"https:\/\/revistaepocadigital.com.ar\/index.php?rest_route=%2Fwp%2Fv2%2Fcomments&post=174"}],"version-history":[{"count":0,"href":"https:\/\/revistaepocadigital.com.ar\/index.php?rest_route=\/wp\/v2\/posts\/174\/revisions"}],"wp:featuredmedia":[{"embeddable":true,"href":"https:\/\/revistaepocadigital.com.ar\/index.php?rest_route=\/wp\/v2\/media\/175"}],"wp:attachment":[{"href":"https:\/\/revistaepocadigital.com.ar\/index.php?rest_route=%2Fwp%2Fv2%2Fmedia&parent=174"}],"wp:term":[{"taxonomy":"category","embeddable":true,"href":"https:\/\/revistaepocadigital.com.ar\/index.php?rest_route=%2Fwp%2Fv2%2Fcategories&post=174"},{"taxonomy":"post_tag","embeddable":true,"href":"https:\/\/revistaepocadigital.com.ar\/index.php?rest_route=%2Fwp%2Fv2%2Ftags&post=174"}],"curies":[{"name":"wp","href":"https:\/\/api.w.org\/{rel}","templated":true}]}}