{"id":17418,"date":"2022-08-24T15:44:56","date_gmt":"2022-08-24T18:44:56","guid":{"rendered":"https:\/\/revistaepocadigital.com.ar\/?p=17418"},"modified":"2022-08-24T15:58:42","modified_gmt":"2022-08-24T18:58:42","slug":"el-duro-mensaje-de-un-pibe-chaqueno-la-voz-de-millones-de-argentinos","status":"publish","type":"post","link":"https:\/\/revistaepocadigital.com.ar\/?p=17418","title":{"rendered":"EL DURO MENSAJE DE UN PIBE CHAQUE\u00d1O, LA VOZ DE MILLONES DE ARGENTINOS"},"content":{"rendered":"<p><strong>SIN PELOS EN LA LENGUA, CON RESPETO Y FUNDAMENTOS<\/strong>.<\/p>\n<p><!--more--><\/p>\n<p>El m\u00e1s que elocuente mensaje de un joven en el Chaco, en un encuentro de adolescentes con la presencia del gobernador de la provincia Alberto Capitanich.<\/p>\n<p>La voz de millones de argentinos, encarnada en el pibe chaque\u00f1o de Pampa del Infierno. Brillante.<\/p>\n<blockquote class=\"twitter-tweet\" data-width=\"550\" data-dnt=\"true\">\n<p lang=\"es\" dir=\"ltr\">En tu jeta <a href=\"https:\/\/twitter.com\/jmcapitanich?ref_src=twsrc%5Etfw\">@jmcapitanich<\/a> <a href=\"https:\/\/t.co\/FzWtHM2dki\">pic.twitter.com\/FzWtHM2dki<\/a><\/p>\n<p>&mdash; Chaque\u00f1o\ud83c\udf77 (@carpinchoCau) <a href=\"https:\/\/twitter.com\/carpinchoCau\/status\/1562429615670718470?ref_src=twsrc%5Etfw\">August 24, 2022<\/a><\/p><\/blockquote>\n<p><script async src=\"https:\/\/platform.twitter.com\/widgets.js\" charset=\"utf-8\"><\/script><\/p>\n<header class=\"article-header-wrapper\">\n<div class=\"article-header\">\n<h5 class=\"article-headline\"><em> \u201cUn pa\u00eds rico donde la gente es pobre y me vienen a hablar de g\u00e9neros\u201d<\/em><\/h5>\n<h6 class=\"article-subheadline\">La de <strong>Lionel Schroder<\/strong> fue una verdadera requisitoria contra quienes se concentran en temas secundarios \u201cen una Argentina sin futuro\u201d, donde \u201clos j\u00f3venes trabajan para irse\u201d. El muchacho habl\u00f3 frente al gobernador Jorge Capitanich, en un Encuentro de J\u00f3venes del Norte Grande. La nota sobre el tema en Infobae.com<\/h6>\n<div class=\"byline\">\n<div class=\"byline-text-wrapper\">\n<div class=\"byline-datetime\">La requisitoria de un estudiante chaque\u00f1o a las autoridades: &#8220;Estoy cansado de una Argentina sin futuro&#8221;.<\/div>\n<\/div>\n<\/div>\n<\/div>\n<\/header>\n<article class=\"article\">\n<div class=\"nd-body-article\">\n<p class=\"paragraph\"><b>\u201cNos quieren desviar hablando de temas irrelevantes\u201d<\/b>, acus\u00f3\u00a0<b>el estudiante Lionel Schroder,\u00a0<\/b>en su intervenci\u00f3n de algo m\u00e1s de 2 minutos, en la que no dej\u00f3 tema por tocar, mientras era\u00a0<b>reiteradamente interrumpido por los aplausos de otros j\u00f3venes<\/b>\u00a0que llenaban el Polideportivo Jaime Zapata, de Resistencia, donde ten\u00eda lugar el\u00a0<b>Encuentro de J\u00f3venes del Norte Grande,<\/b>\u00a0presidido por el gobernador<b>\u00a0Jorge Capitanich y la vice, Anal\u00eda Rach Quiroga<\/b>, quienes seguramente no esperaban ser blanco de semejante \u201cYo acuso\u201d.<\/p>\n<p class=\"paragraph\"><mark class=\"hl_yellow\">Las pol\u00edticas de g\u00e9nero, el lenguaje inclusivo, los televisores para que los presos vean el mundial, la presi\u00f3n impositiva al campo y al sector productivo, la pobreza a pesar del trabajo, el tener que ahorrar en d\u00f3lares y una juventud que s\u00f3lo puede so\u00f1ar con un futuro y\u00e9ndose del pa\u00eds: el joven estudiante chaque\u00f1o no dej\u00f3 desequilibrio por se\u00f1alar en un mensaje dur\u00edsimo en el que no dud\u00f3 en tratar de \u201cmediocres\u201d y \u201ccharlatanes\u201d a los gobernantes. Y que\u00a0<b>remat\u00f3, mirando al frente y diciendo: \u201cEsta es la opini\u00f3n popular, Sr. Gobernador\u201d.<\/b><\/mark><\/p>\n<div class=\"inline ad-wrapper\">\n<div class=\"dfpAd display_inline_block ad_margin_wrapper\">\n<div id=\"infobae\/politica\/nota\/inline\" class=\"infobae\/politica\/nota\/inline arcad\" data-google-query-id=\"CJ6w9I-N4PkCFY05uQYd1o8IOA\">\n<div id=\"google_ads_iframe_\/1058609\/infobae\/politica\/nota\/inline_0__container__\">\u201cSoy Lionel Schroder -se present\u00f3 cuando le toc\u00f3 hablar- no vengo a pedir nada sino a sembrar mi idea, que creo es la de muchos de mis amigos, que somos de la clase media y gente trabajadora. Y<b>o soy de Pampa del Infierno, un pueblo que crece gracias a la actividad rural.<\/b>\u00a0Y estoy cansado de una Argentina sin futuro,\u00a0<b>una Argentina donde los j\u00f3venes quieren estar, pero sue\u00f1an y trabajan para irse<\/b>\u00a0porque ven que su pa\u00eds no va m\u00e1s. Un pa\u00eds rico donde la gente es pobre y aunque trabaja y trabaja no se beneficia.\u201d<\/div>\n<\/div>\n<\/div>\n<\/div>\n<div class=\"visual__image\"><img loading=\"lazy\" decoding=\"async\" class=\"\" src=\"https:\/\/cloudfront-us-east-1.images.arcpublishing.com\/infobae\/MKMQLIJANJG4RCDAFUN5HZP5QE.jpg\" sizes=\"auto, (min-width: 800px) 50vw, 90vw\" srcset=\"https:\/\/www.infobae.com\/new-resizer\/a2LhMorLlEMUsPtd94pLwbUfXg8=\/420x236\/filters:format(webp):quality(85)\/cloudfront-us-east-1.images.arcpublishing.com\/infobae\/MKMQLIJANJG4RCDAFUN5HZP5QE.jpg 420w,https:\/\/www.infobae.com\/new-resizer\/pbAOPGR8fgQVP3dhiQRIGQ94d2c=\/768x432\/filters:format(webp):quality(85)\/cloudfront-us-east-1.images.arcpublishing.com\/infobae\/MKMQLIJANJG4RCDAFUN5HZP5QE.jpg 768w,https:\/\/www.infobae.com\/new-resizer\/GyP-168RLs93u9lQkY6u1vVlk5s=\/992x558\/filters:format(webp):quality(85)\/cloudfront-us-east-1.images.arcpublishing.com\/infobae\/MKMQLIJANJG4RCDAFUN5HZP5QE.jpg 992w,https:\/\/www.infobae.com\/new-resizer\/MyBV-dxyZ2irGJSVEgGuxjbZ6L0=\/1200x675\/filters:format(webp):quality(85)\/cloudfront-us-east-1.images.arcpublishing.com\/infobae\/MKMQLIJANJG4RCDAFUN5HZP5QE.jpg 1200w,https:\/\/www.infobae.com\/new-resizer\/r5m4Rj0YjUBnzEVn-nY0sxKxOe8=\/1440x810\/filters:format(webp):quality(85)\/cloudfront-us-east-1.images.arcpublishing.com\/infobae\/MKMQLIJANJG4RCDAFUN5HZP5QE.jpg 1440w\" alt=\"El encuentro de j\u00f3venes chaque\u00f1os en el que habl\u00f3 Lionel Schroder. Lo escuchan, la vice, Anal\u00eda Rach Quiroga, y el gobernador, Jorge Capitanich\" width=\"1920\" height=\"1080\" \/>El encuentro de j\u00f3venes chaque\u00f1os en el que habl\u00f3 Lionel Schroder. Lo escuchan, la vice, Anal\u00eda Rach Quiroga, y el gobernador, Jorge Capitanich<\/div>\n<p class=\"paragraph\">Fue entonces cuando, apuntando a la agenda oficial, dijo: \u201cNos quieren desviar hablando de temas irrelevantes, y no de temas reales como por ejemplo que\u00a0<b>no puedo ahorrar en mi moneda,<\/b>\u00a0y tengo ahorrar en una moneda extranjera, para que lo que tengo no se deval\u00fae; hay que hablar de temas en serio, como de nuestro futuro porque\u00a0<b>ni yo ni mi padre tenemos problema con una persona por su g\u00e9nero<\/b>. Lo que hagan en la intimidad nos da igual. Lo que nos importa es la persona, la mentalidad que tiene\u201d.\u00a0<b>Estallaron los aplausos confirmando que su planteo es tambi\u00e9n el de muchos j\u00f3venes hoy en d\u00eda.<\/b><\/p>\n<p class=\"paragraph\">Y, en referencia a las personas Lgbt, hoy<b>\u00a0objeto predilecto del discurso de las autoridades<\/b>\u00a0de casi todos los partidos, se\u00f1al\u00f3:\u00a0<b>\u201cSe encasillan en un colectivo en vez de hacer su vida con normalidad\u201d<\/b>. Y agreg\u00f3: \u201cNo s\u00e9 ustedes, pero yo\u00a0<b>nunca vi una persona que por sus preferencias sexuales cobre un plan. Eso no es igualdad.<\/b>\u00a0<mark class=\"hl_yellow\">\u00bfDe qu\u00e9 igualdad me hablan cuando hay miles de personas sin poder trabajar por la incompetencia de mi pa\u00eds mientras que otros van al cajero y sacan plata sin ning\u00fan m\u00e9rito, sin ning\u00fan esfuerzo\u201d<\/mark><\/p>\n<p class=\"paragraph\">Entonces pregunt\u00f3, en referencia a planteos previos en el Encuentro:<b>\u00a0\u201c\u00bfNecesitamos un ba\u00f1o para adolescentes trans?\u00a0<\/b>\u00bfEs lo que necesitamos realmente? \u00bfPor qu\u00e9 no pensar en lo precario de nuestro sistema educativo?\u00a0<b>\u00bfPor qu\u00e9 no pensar en la clase media que se hace pobre?\u201d.<\/b><\/p>\n<p class=\"paragraph\">Sigui\u00f3 una dura interpelaci\u00f3n al gobierno provincial:\u00a0<b>\u201c\u00bfLes parece bien gastar 15 millones de pesos en televisores para que violadores y asesinos miren partidos de f\u00fatbol?\u00a0<\/b>\u00bfeso les parece bien?\u201d<\/p>\n<blockquote class=\"color_figcaption\"><p>\u00bfLes parece bien gastar 15 millones de pesos en televisores para que violadores y asesinos miren partidos de f\u00fatbol? \u00bfNecesitamos un ba\u00f1o para adolescentes trans?<\/p><\/blockquote>\n<p class=\"paragraph\">\u201cLas empresas se van del pa\u00eds -sigui\u00f3 enumerando-, hay escasez de combustible, el sector agron\u00f3mico no puede trabajar porque el gobierno le come todo lo que tiene,\u00a0<b>quieren cambiar la manera en la que hablamos,\u00a0<\/b>desgastan el sector privado\u00a0<b>sac\u00e1ndole la mayor\u00eda de sus ganancias, dej\u00e1ndolos sin motivaci\u00f3n para seguir trabajando<\/b>. Esto es insostenible. \u00bfC\u00f3mo piensan que el 43 por ciento de la poblaci\u00f3n que trabaja puede mantener al 57 sin trabajo?\u201d, pregunt\u00f3. \u201cY a m\u00ed me vienen a hablar de g\u00e9neros&#8230;\u201d, remat\u00f3.<\/p>\n<p class=\"paragraph\">Entonces agreg\u00f3,\u00a0<a href=\"https:\/\/www.infobae.com\/america\/agencias\/2021\/07\/21\/argentina-reconoce-identidad-a-personas-no-binarias\/\" target=\"_blank\" rel=\"noopener\">aludiendo al\u00a0<b>DNI no binario<\/b><\/a>: \u201cUna equis en el documento no va a cambiar el rumbo del pa\u00eds. Al pa\u00eds lo vamos a cambiar nosotros, si aprendemos a pensar y a trabajar. Y a dejar de depender de los gobiernos mediocres que tenemos.\u00a0<b>Argentina es un pa\u00eds rico donde la gente es pobre y depende de charlatanes.<\/b>\u00a0Hay que dejar de ser as\u00ed. Esto no se va a terminar hasta que\u00a0<b>cortemos el problema de ra\u00edz. Esto realmente es la opini\u00f3n popular, se\u00f1or Gobernador\u201d<\/b>, cerr\u00f3, arrancando nuevas ovaciones.<\/p>\n<p class=\"paragraph\">Capitanich y su vice aguantaron la diatriba sin reaccionar pese a ser aludidos directamente en sus pol\u00edticas. Recordemos que\u00a0<a href=\"https:\/\/www.infobae.com\/politica\/2021\/06\/09\/lenguaje-inclusivo-la-vicegobernadora-de-chaco-hablo-del-equipo-y-la-equipa\/\" target=\"_blank\" rel=\"noopener\"><b>Anal\u00eda Rach Quiroga es la pol\u00edtica que se hizo famosa por decir \u201cel equipo y la equipa (sic)\u201d<\/b><\/a><b>,<\/b>\u00a0a tal punto el gobierno chaque\u00f1o ha abrazado la agenda de g\u00e9nero y el pseudo lenguaje inclusivo.<\/p>\n<p class=\"paragraph\">\n<\/div>\n<\/article>\n","protected":false},"excerpt":{"rendered":"<p>SIN PELOS EN LA LENGUA, CON RESPETO Y FUNDAMENTOS.<\/p>\n","protected":false},"author":3,"featured_media":0,"comment_status":"open","ping_status":"open","sticky":false,"template":"","format":"standard","meta":{"footnotes":"","jetpack_publicize_message":"","jetpack_publicize_feature_enabled":true,"jetpack_social_post_already_shared":false,"jetpack_social_options":{"image_generator_settings":{"template":"highway","default_image_id":0,"font":"","enabled":false},"version":2}},"categories":[17],"tags":[1996,1997],"class_list":["post-17418","post","type-post","status-publish","format-standard","hentry","category-politica","tag-chaco","tag-mensaje-de-alumno"],"jetpack_publicize_connections":[],"jetpack_featured_media_url":"","jetpack_likes_enabled":true,"_links":{"self":[{"href":"https:\/\/revistaepocadigital.com.ar\/index.php?rest_route=\/wp\/v2\/posts\/17418","targetHints":{"allow":["GET"]}}],"collection":[{"href":"https:\/\/revistaepocadigital.com.ar\/index.php?rest_route=\/wp\/v2\/posts"}],"about":[{"href":"https:\/\/revistaepocadigital.com.ar\/index.php?rest_route=\/wp\/v2\/types\/post"}],"author":[{"embeddable":true,"href":"https:\/\/revistaepocadigital.com.ar\/index.php?rest_route=\/wp\/v2\/users\/3"}],"replies":[{"embeddable":true,"href":"https:\/\/revistaepocadigital.com.ar\/index.php?rest_route=%2Fwp%2Fv2%2Fcomments&post=17418"}],"version-history":[{"count":0,"href":"https:\/\/revistaepocadigital.com.ar\/index.php?rest_route=\/wp\/v2\/posts\/17418\/revisions"}],"wp:attachment":[{"href":"https:\/\/revistaepocadigital.com.ar\/index.php?rest_route=%2Fwp%2Fv2%2Fmedia&parent=17418"}],"wp:term":[{"taxonomy":"category","embeddable":true,"href":"https:\/\/revistaepocadigital.com.ar\/index.php?rest_route=%2Fwp%2Fv2%2Fcategories&post=17418"},{"taxonomy":"post_tag","embeddable":true,"href":"https:\/\/revistaepocadigital.com.ar\/index.php?rest_route=%2Fwp%2Fv2%2Ftags&post=17418"}],"curies":[{"name":"wp","href":"https:\/\/api.w.org\/{rel}","templated":true}]}}