{"id":17448,"date":"2022-08-27T01:27:00","date_gmt":"2022-08-27T04:27:00","guid":{"rendered":"https:\/\/revistaepocadigital.com.ar\/?p=17448"},"modified":"2022-08-27T01:27:00","modified_gmt":"2022-08-27T04:27:00","slug":"cepral-aclara-que-no-aplico-ningun-aumento-a-las-tarifas-de-flectricidad","status":"publish","type":"post","link":"https:\/\/revistaepocadigital.com.ar\/?p=17448","title":{"rendered":"Cepral aclara que no aplic\u00f3 ning\u00fan aumento a las tarifas de flectricidad."},"content":{"rendered":"<p><strong>INFORM\u00d3 LA COOPERATIVA A SUS USUARIOS (26\/8).<\/strong><\/p>\n<p><!--more--><br \/>\nAnte reiteradas consultas recibidas en nuestra cooperativa y comentarios que circulan por las redes sociales, Informamos que:<\/p>\n<div>No hemos aplicado ning\u00fan aumento a las Tarifas de Electricidad.<\/div>\n<div>Este es el Cuadro Tarifario que rige de acuerdo a las Tarifas aprobadas por Resoluci\u00f3n N\u00b0 945-MIYSPGP-2022 vigentes a partir del 20 de julio de 2022.\u00a0 Los invitamos a recorrer el mismo:\u00a0<a href=\"https:\/\/41sau.r.a.d.sendibm1.com\/mk\/cl\/f\/3QX25O2Ia472QY7tceTGmJAtHpx-xMBGuP2T3iJLSLBKVn0yuBGSATsp3iTU-BCGzXehr0cBg5ma6ZOBAgAtyiq9GbWB2cvYVsp_kcbxVSamAgwQwJbE529Egj-6FUM1RJ4d0cGCWQ8M1amiaQfnYe5OUcFLj_8vNBZvNHEQNld-BtL0LxtmaAF4rtxqN08Eu9681oKWItTcrBUhEEi2NpF2thwL6wF3kQ2ML9JOmiLwwg\" target=\"_blank\" rel=\"nofollow noopener noreferrer\">https:\/\/www.oceba.gba.gov.ar\/nueva_web\/s.php?i=17<\/a><\/div>\n<div>Sumado a esto, puede ocurrir que al estar facturando los consumos de los meses de invierno, \u00e9stos hayan sido mayores al consumo domiciliario acostumbrado y eso puede modificar el tramo tarifario en el que se encontraba el usuario hasta el momento, impactando tambi\u00e9n sobre su factura.<\/div>\n<div>Una manera simple de chequearlo es observando el cuadro de barras de los consumos que se encuentra en la factura que permite ver las variaciones a lo largo de los \u00faltimos per\u00edodos:<\/div>\n<div><\/div>\n<table class=\"yiv5960567288rnb-container\" border=\"0\" width=\"100%\" cellspacing=\"0\" cellpadding=\"0\" bgcolor=\"#ffffff\">\n<tbody>\n<tr>\n<td height=\"0\"><\/td>\n<\/tr>\n<\/tbody>\n<\/table>\n<p><a rel=\"nofollow noopener noreferrer\" name=\"Layout_17\"><\/a><\/p>\n<table class=\"yiv5960567288rnb-container\" border=\"0\" width=\"100%\" cellspacing=\"0\" cellpadding=\"0\" align=\"center\" bgcolor=\"#ffffff\">\n<tbody>\n<tr>\n<td align=\"center\" valign=\"top\">\n<table border=\"0\" cellspacing=\"0\" cellpadding=\"0\">\n<tbody>\n<tr>\n<td>\n<div><img decoding=\"async\" class=\"yiv5960567288rnb-header-img\" src=\"https:\/\/ecp.yusercontent.com\/mail?url=https%3A%2F%2F41sau.img.a.d.sendibm1.com%2Fim%2F2340286%2Fc79f2204c83e1be222bcf3a769ffd9cf9483ce1b26b8070ca6c2f5c70ec635aa.png%3Fe%3DutkSNCKHBwvxiTTwLETYdWpnMSXk19ESq4CnOkGTcpTsBEcx-lcY605zA-oSaWnlZ2lLfrOi6T01JrAdvx-jymX-nCqbMQAgCybtOxg4VJte5Hr6Ugt6HxZF3whGl46Ces7nlU5BNQPye6VgCMtAg8JGxrLfW4mFlMKbEnu9Rh_G6msuK7rXbU3Rhzl4oZmhbHecMDxE0juEDrBPPlKCN7fGAAM24P6wgJqFiQ&amp;t=1661573364&amp;ymreqid=a1e28384-e738-286e-1c38-110017017500&amp;sig=mwqOTiVYzF5kh3vej9zV.g--~D\" alt=\"\" width=\"590\" border=\"0\" hspace=\"0\" vspace=\"0\" \/><\/div>\n<div>\n<p>&nbsp;<\/p>\n<table class=\"yiv5960567288rnb-del-min-width\" border=\"0\" width=\"100%\" cellspacing=\"0\" cellpadding=\"0\">\n<tbody>\n<tr>\n<td class=\"yiv5960567288rnb-del-min-width\" align=\"center\" valign=\"top\"><a rel=\"nofollow noopener noreferrer\" name=\"Layout_16\"><\/a><\/p>\n<table class=\"yiv5960567288rnb-container\" border=\"0\" width=\"100%\" cellspacing=\"0\" cellpadding=\"0\" bgcolor=\"#ffffff\">\n<tbody>\n<tr>\n<td height=\"10\"><\/td>\n<\/tr>\n<tr>\n<td class=\"yiv5960567288rnb-container-padding\" align=\"left\" valign=\"top\">\n<div><\/div>\n<\/td>\n<td>Recordamos que Cepral no puede decidir por s\u00ed misma las tarifas de los servicios, sino que est\u00e1 obligada a aplicar aquello que los \u00f3rganos que la rigen y el Poder Nacional as\u00ed disponen.<\/p>\n<p>Finalmente se hizo saber a los usuarios que pueden efectuar todas las consultas que consideren necesarias.<\/p>\n<div><\/div>\n<\/td>\n<\/tr>\n<\/tbody>\n<\/table>\n<\/td>\n<\/tr>\n<\/tbody>\n<\/table>\n<\/div>\n<\/td>\n<\/tr>\n<\/tbody>\n<\/table>\n<\/td>\n<\/tr>\n<\/tbody>\n<\/table>\n","protected":false},"excerpt":{"rendered":"<p>INFORM\u00d3 LA COOPERATIVA A SUS USUARIOS (26\/8).<\/p>\n","protected":false},"author":3,"featured_media":17452,"comment_status":"open","ping_status":"open","sticky":false,"template":"","format":"standard","meta":{"footnotes":"","jetpack_publicize_message":"","jetpack_publicize_feature_enabled":true,"jetpack_social_post_already_shared":false,"jetpack_social_options":{"image_generator_settings":{"template":"highway","default_image_id":0,"font":"","enabled":false},"version":2}},"categories":[5],"tags":[1999],"class_list":["post-17448","post","type-post","status-publish","format-standard","has-post-thumbnail","hentry","category-aqui-parada-robles","tag-tarifas-luz"],"jetpack_publicize_connections":[],"jetpack_featured_media_url":"https:\/\/revistaepocadigital.com.ar\/wp-content\/uploads\/2022\/08\/mail-1-1.jpg","jetpack_likes_enabled":true,"_links":{"self":[{"href":"https:\/\/revistaepocadigital.com.ar\/index.php?rest_route=\/wp\/v2\/posts\/17448","targetHints":{"allow":["GET"]}}],"collection":[{"href":"https:\/\/revistaepocadigital.com.ar\/index.php?rest_route=\/wp\/v2\/posts"}],"about":[{"href":"https:\/\/revistaepocadigital.com.ar\/index.php?rest_route=\/wp\/v2\/types\/post"}],"author":[{"embeddable":true,"href":"https:\/\/revistaepocadigital.com.ar\/index.php?rest_route=\/wp\/v2\/users\/3"}],"replies":[{"embeddable":true,"href":"https:\/\/revistaepocadigital.com.ar\/index.php?rest_route=%2Fwp%2Fv2%2Fcomments&post=17448"}],"version-history":[{"count":0,"href":"https:\/\/revistaepocadigital.com.ar\/index.php?rest_route=\/wp\/v2\/posts\/17448\/revisions"}],"wp:featuredmedia":[{"embeddable":true,"href":"https:\/\/revistaepocadigital.com.ar\/index.php?rest_route=\/wp\/v2\/media\/17452"}],"wp:attachment":[{"href":"https:\/\/revistaepocadigital.com.ar\/index.php?rest_route=%2Fwp%2Fv2%2Fmedia&parent=17448"}],"wp:term":[{"taxonomy":"category","embeddable":true,"href":"https:\/\/revistaepocadigital.com.ar\/index.php?rest_route=%2Fwp%2Fv2%2Fcategories&post=17448"},{"taxonomy":"post_tag","embeddable":true,"href":"https:\/\/revistaepocadigital.com.ar\/index.php?rest_route=%2Fwp%2Fv2%2Ftags&post=17448"}],"curies":[{"name":"wp","href":"https:\/\/api.w.org\/{rel}","templated":true}]}}