{"id":17453,"date":"2022-08-27T01:37:37","date_gmt":"2022-08-27T04:37:37","guid":{"rendered":"https:\/\/revistaepocadigital.com.ar\/?p=17453"},"modified":"2022-08-31T12:10:30","modified_gmt":"2022-08-31T15:10:30","slug":"covid-desde-el-lunes-29-de-agosto-vacunan-a-bebes-de-6-mes-a-3-anos","status":"publish","type":"post","link":"https:\/\/revistaepocadigital.com.ar\/?p=17453","title":{"rendered":"Covid. Desde el 29 de agosto vacunan a beb\u00e9s de 6 meses a 3 a\u00f1os"},"content":{"rendered":"<div class=\"l7ghb35v kjdc1dyq kmwttqpk gh25dzvf jikcssrz n3t5jt4f\">\n<div dir=\"auto\"><strong>LA VACUNACI\u00d3N.<!--more--><\/strong><\/div>\n<div dir=\"auto\">Para beb\u00e9s de 6 meses a 3 a\u00f1os no precisar\u00e1 inscripci\u00f3n previa.<\/div>\n<\/div>\n<p>Podr\u00e1n acercarte sin turno previo a cualquiera de los CAPS del distrito.<\/p>\n<p>&nbsp;<\/p>\n<p><img loading=\"lazy\" decoding=\"async\" class=\"aligncenter size-full wp-image-17456\" src=\"https:\/\/revistaepocadigital.com.ar\/wp-content\/uploads\/2022\/08\/300213451_440600234783538_8451817548900509642_n.jpg\" alt=\"\" width=\"526\" height=\"526\" srcset=\"https:\/\/revistaepocadigital.com.ar\/wp-content\/uploads\/2022\/08\/300213451_440600234783538_8451817548900509642_n.jpg 526w, https:\/\/revistaepocadigital.com.ar\/wp-content\/uploads\/2022\/08\/300213451_440600234783538_8451817548900509642_n-300x300.jpg 300w, https:\/\/revistaepocadigital.com.ar\/wp-content\/uploads\/2022\/08\/300213451_440600234783538_8451817548900509642_n-150x150.jpg 150w, https:\/\/revistaepocadigital.com.ar\/wp-content\/uploads\/2022\/08\/300213451_440600234783538_8451817548900509642_n-420x420.jpg 420w\" sizes=\"auto, (max-width: 526px) 100vw, 526px\" \/><\/p>\n","protected":false},"excerpt":{"rendered":"<p>LA VACUNACI\u00d3N.<\/p>\n","protected":false},"author":3,"featured_media":17456,"comment_status":"open","ping_status":"open","sticky":false,"template":"","format":"standard","meta":{"footnotes":"","jetpack_publicize_message":"","jetpack_publicize_feature_enabled":true,"jetpack_social_post_already_shared":false,"jetpack_social_options":{"image_generator_settings":{"template":"highway","default_image_id":0,"font":"","enabled":false},"version":2}},"categories":[13],"tags":[752,894],"class_list":["post-17453","post","type-post","status-publish","format-standard","has-post-thumbnail","hentry","category-interes-general","tag-covid","tag-vacunacion"],"jetpack_publicize_connections":[],"jetpack_featured_media_url":"https:\/\/revistaepocadigital.com.ar\/wp-content\/uploads\/2022\/08\/300213451_440600234783538_8451817548900509642_n.jpg","jetpack_likes_enabled":true,"_links":{"self":[{"href":"https:\/\/revistaepocadigital.com.ar\/index.php?rest_route=\/wp\/v2\/posts\/17453","targetHints":{"allow":["GET"]}}],"collection":[{"href":"https:\/\/revistaepocadigital.com.ar\/index.php?rest_route=\/wp\/v2\/posts"}],"about":[{"href":"https:\/\/revistaepocadigital.com.ar\/index.php?rest_route=\/wp\/v2\/types\/post"}],"author":[{"embeddable":true,"href":"https:\/\/revistaepocadigital.com.ar\/index.php?rest_route=\/wp\/v2\/users\/3"}],"replies":[{"embeddable":true,"href":"https:\/\/revistaepocadigital.com.ar\/index.php?rest_route=%2Fwp%2Fv2%2Fcomments&post=17453"}],"version-history":[{"count":0,"href":"https:\/\/revistaepocadigital.com.ar\/index.php?rest_route=\/wp\/v2\/posts\/17453\/revisions"}],"wp:featuredmedia":[{"embeddable":true,"href":"https:\/\/revistaepocadigital.com.ar\/index.php?rest_route=\/wp\/v2\/media\/17456"}],"wp:attachment":[{"href":"https:\/\/revistaepocadigital.com.ar\/index.php?rest_route=%2Fwp%2Fv2%2Fmedia&parent=17453"}],"wp:term":[{"taxonomy":"category","embeddable":true,"href":"https:\/\/revistaepocadigital.com.ar\/index.php?rest_route=%2Fwp%2Fv2%2Fcategories&post=17453"},{"taxonomy":"post_tag","embeddable":true,"href":"https:\/\/revistaepocadigital.com.ar\/index.php?rest_route=%2Fwp%2Fv2%2Ftags&post=17453"}],"curies":[{"name":"wp","href":"https:\/\/api.w.org\/{rel}","templated":true}]}}