{"id":17477,"date":"2022-08-29T12:12:18","date_gmt":"2022-08-29T15:12:18","guid":{"rendered":"https:\/\/revistaepocadigital.com.ar\/?p=17477"},"modified":"2022-09-05T12:09:54","modified_gmt":"2022-09-05T15:09:54","slug":"benedetti-3o-en-turismo-pista-el-testimonio-emocionado-de-su-madre","status":"publish","type":"post","link":"https:\/\/revistaepocadigital.com.ar\/?p=17477","title":{"rendered":"Benedetti 3\u00ba en Turismo Pista, el testimonio emocionado de su madre"},"content":{"rendered":"<div class=\"\" dir=\"auto\">\n<div id=\"jsc_c_7r\" class=\"d2hqwtrz r227ecj6 ez8dtbzv gt60zsk1\" data-ad-comet-preview=\"message\" data-ad-preview=\"message\">\n<div class=\"alzwoclg cqf1kptm siwo0mpr gu5uzgus\">\n<div class=\"jroqu855 nthtkgg5\">\n<div class=\"m8h3af8h l7ghb35v kjdc1dyq kmwttqpk gh25dzvf n3t5jt4f\">\n<div dir=\"auto\"><strong>JUAN BENEDETTI ES UNO DE LOS ANIMADORES DE LA CLASE 3 DE TURISMO PISTA.<!--more--><\/strong><\/div>\n<\/div>\n<div dir=\"auto\">La categor\u00eda nacional no ha parado de crecer, pese a los obst\u00e1culos presentados en el pa\u00eds en los a\u00f1os m\u00e1s recientes. Otra muestra la dio en <strong>Termas de R\u00edo Hondo, Santiago del Estero,<\/strong> donde hubo 152 anotados entre las tres clases.<\/div>\n<\/div>\n<\/div>\n<div dir=\"auto\">En la &#8220;3&#8221;, Benedetti lleg\u00f3 tercero con el Toyota Etios\u00a0 y subi\u00f3 al podio, un importante resultado que qued\u00f3 reflejado en el emocionado testimonio de su madre Gladys Campanini, su gran respaldo humano junto a su padre Fabi\u00e1n y la hermana Jimena.<\/div>\n<div dir=\"auto\"><\/div>\n<div class=\"alzwoclg cqf1kptm siwo0mpr gu5uzgus\">\n<div class=\"jroqu855 nthtkgg5\">\n<div class=\"m8h3af8h l7ghb35v kjdc1dyq kmwttqpk gh25dzvf n3t5jt4f\">\n<div dir=\"auto\"><em>&#8220;Una emoci\u00f3n que no me deja escribir ni ver por las l\u00e1grimas!!!<\/em><\/div>\n<div dir=\"auto\"><em>Hicimos podio! Y sobre todo creo los amantes del automovilismo vivieron una final infartante; colmada de excelentes pilotos que dan pelea hasta los \u00faltimos metros de carrera o 9 mil\u00e9simas de diferencia.<\/em><\/div>\n<\/div>\n<\/div>\n<div dir=\"auto\"><\/div>\n<div class=\"jroqu855 nthtkgg5\">\n<div class=\"m8h3af8h l7ghb35v kjdc1dyq kmwttqpk gh25dzvf n3t5jt4f\">\n<div dir=\"auto\"><\/div>\n<div dir=\"auto\"><em>Supongo que para el Pueblo de Capilla del Se\u00f1or y Exaltaci\u00f3n de la Cruz, ser\u00e1 un orgullo tambi\u00e9n saber que tenemos grandes talentos del deporte Nacional de distintas disciplinas que la luchan y la luchan sin parar.<\/em><\/div>\n<div dir=\"auto\"><\/div>\n<div dir=\"auto\"><em><a class=\"qi72231t nu7423ey n3hqoq4p r86q59rh b3qcqh3k fq87ekyn bdao358l fsf7x5fv rse6dlih s5oniofx m8h3af8h l7ghb35v kjdc1dyq kmwttqpk srn514ro oxkhqvkx rl78xhln nch0832m cr00lzj9 rn8ck1ys s3jn8y49 icdlwmnq cxfqmxzd d1w2l3lo tes86rjd\" tabindex=\"0\" role=\"link\" href=\"https:\/\/www.facebook.com\/juan.benedetti.520?__cft__[0]=AZWoIEURTRtUER8Wcn-T4dHHlhFM9dhzBw2i1nMcm3hY2Q222jmj3csljp46OkeBbr6VvO2gpuBEhs5iHs-CMl-swz-cqizyyai9H8CRWR9T0-RiKNwqjosEpocF1a7RAhlNT9vDoNVn7z2rA9nwq6S9Um_X1Glfz__QHMn7LQ8ZUw&amp;__tn__=-]K-R\"><span class=\"rse6dlih\">Juan Benedetti<\/span><\/a> lo hace desde hace 29 a\u00f1os, porque esos sue\u00f1os de peque\u00f1o son hoy los sue\u00f1os m\u00e1s grandes que le permiten seguir adelante y sobre todo ganarse un lugar como deportista del automovilismo a nivel Nacional.\u00a0<\/em><em>A un pap\u00e1 que no para y acompa\u00f1\u00f3 y lo sigue haciendo y hoy <a class=\"qi72231t nu7423ey n3hqoq4p r86q59rh b3qcqh3k fq87ekyn bdao358l fsf7x5fv rse6dlih s5oniofx m8h3af8h l7ghb35v kjdc1dyq kmwttqpk srn514ro oxkhqvkx rl78xhln nch0832m cr00lzj9 rn8ck1ys s3jn8y49 icdlwmnq cxfqmxzd d1w2l3lo tes86rjd\" tabindex=\"0\" role=\"link\" href=\"https:\/\/www.facebook.com\/juli.molina.129?__cft__[0]=AZWoIEURTRtUER8Wcn-T4dHHlhFM9dhzBw2i1nMcm3hY2Q222jmj3csljp46OkeBbr6VvO2gpuBEhs5iHs-CMl-swz-cqizyyai9H8CRWR9T0-RiKNwqjosEpocF1a7RAhlNT9vDoNVn7z2rA9nwq6S9Um_X1Glfz__QHMn7LQ8ZUw&amp;__tn__=-]K-R\"><span class=\"rse6dlih\">Juli Molina<\/span><\/a> que transitan *juntos a la par* cada Aut\u00f3dromo y cada Provincia.<\/em><\/div>\n<div dir=\"auto\"><\/div>\n<div dir=\"auto\"><em>Una historia con el automovilismo que tiene sus \u00eddolos y seguidores, que mientras fue un ni\u00f1o de 4 a\u00f1os ; Horacio Sampi Arruti ; subi\u00f3 con \u00e9l muchas veces al karting acompa\u00f1\u00e1ndolo siempre\u2026 ; tambi\u00e9n con Hern\u00e1n <a class=\"qi72231t nu7423ey n3hqoq4p r86q59rh b3qcqh3k fq87ekyn bdao358l fsf7x5fv rse6dlih s5oniofx m8h3af8h l7ghb35v kjdc1dyq kmwttqpk srn514ro oxkhqvkx rl78xhln nch0832m cr00lzj9 rn8ck1ys s3jn8y49 icdlwmnq cxfqmxzd d1w2l3lo tes86rjd\" tabindex=\"0\" role=\"link\" href=\"https:\/\/www.facebook.com\/hernan.laplume1?__cft__[0]=AZWoIEURTRtUER8Wcn-T4dHHlhFM9dhzBw2i1nMcm3hY2Q222jmj3csljp46OkeBbr6VvO2gpuBEhs5iHs-CMl-swz-cqizyyai9H8CRWR9T0-RiKNwqjosEpocF1a7RAhlNT9vDoNVn7z2rA9nwq6S9Um_X1Glfz__QHMn7LQ8ZUw&amp;__tn__=-]K-R\"><span class=\"rse6dlih\">Hernan Laplume<\/span><\/a> que sigui\u00f3 junto con Caco y el Programa Abran Cancha; su crecimiento en el automovilismo. Al Diario El Lugare\u00f1o ; a la Revista EPOCA, a Esteban Fabian Marchese. No puedo decir lo mismo del programa ( informativo ) de cable local; donde no entiendo las razones, un se\u00f1or censur\u00f3 siempre la posibilidad de darle un espacio a Juancho. No importa porque por suerte todos los medios de prensa del pa\u00eds hoy hablan de \u00e9l justamente por su esfuerzo, perseverancia y crecimiento que ha tenido en la pasi\u00f3n de su vida, el automovilismo deportivo.<\/em><\/div>\n<div dir=\"auto\"><\/div>\n<div dir=\"auto\"><em>Somos una familia como cualquier otra, agradecidos siempre de lo que la vida nos da. Con aciertos y desaciertos pero siempre unidos, y bancando algunos en los aut\u00f3dromos y el resto ac\u00e1 <a class=\"qi72231t nu7423ey n3hqoq4p r86q59rh b3qcqh3k fq87ekyn bdao358l fsf7x5fv rse6dlih s5oniofx m8h3af8h l7ghb35v kjdc1dyq kmwttqpk srn514ro oxkhqvkx rl78xhln nch0832m cr00lzj9 rn8ck1ys s3jn8y49 icdlwmnq cxfqmxzd d1w2l3lo tes86rjd\" tabindex=\"0\" role=\"link\" href=\"https:\/\/www.facebook.com\/jimee.pasti?__cft__[0]=AZWoIEURTRtUER8Wcn-T4dHHlhFM9dhzBw2i1nMcm3hY2Q222jmj3csljp46OkeBbr6VvO2gpuBEhs5iHs-CMl-swz-cqizyyai9H8CRWR9T0-RiKNwqjosEpocF1a7RAhlNT9vDoNVn7z2rA9nwq6S9Um_X1Glfz__QHMn7LQ8ZUw&amp;__tn__=-]K-R\"><span class=\"rse6dlih\">Jimee Benedetti<\/span><\/a> quien se pone al hombro el trabajo; junto conmigo. Mi vieja que se desvive por ellos y se encarga de dejarle todo impecable para la pr\u00f3xima carrera; la nona <a class=\"qi72231t nu7423ey n3hqoq4p r86q59rh b3qcqh3k fq87ekyn bdao358l fsf7x5fv rse6dlih s5oniofx m8h3af8h l7ghb35v kjdc1dyq kmwttqpk srn514ro oxkhqvkx rl78xhln nch0832m cr00lzj9 rn8ck1ys s3jn8y49 icdlwmnq cxfqmxzd d1w2l3lo tes86rjd\" tabindex=\"0\" role=\"link\" href=\"https:\/\/www.facebook.com\/perla.giordano.9?__cft__[0]=AZWoIEURTRtUER8Wcn-T4dHHlhFM9dhzBw2i1nMcm3hY2Q222jmj3csljp46OkeBbr6VvO2gpuBEhs5iHs-CMl-swz-cqizyyai9H8CRWR9T0-RiKNwqjosEpocF1a7RAhlNT9vDoNVn7z2rA9nwq6S9Um_X1Glfz__QHMn7LQ8ZUw&amp;__tn__=-]K-R\"><span class=\"rse6dlih\">Perla Giordano<\/span><\/a> que la sufre desde Gualeguay, A los t\u00edos\/as primos\/as, a mis amigas del alma, a la hermosa tribuna facebuquera que jam\u00e1s nos abandonan!<\/em><\/div>\n<\/div>\n<div dir=\"auto\"><img loading=\"lazy\" decoding=\"async\" class=\"alignleft size-full wp-image-17483\" src=\"https:\/\/revistaepocadigital.com.ar\/wp-content\/uploads\/2022\/08\/benn1.jpg\" alt=\"\" width=\"311\" height=\"440\" srcset=\"https:\/\/revistaepocadigital.com.ar\/wp-content\/uploads\/2022\/08\/benn1.jpg 311w, https:\/\/revistaepocadigital.com.ar\/wp-content\/uploads\/2022\/08\/benn1-212x300.jpg 212w, https:\/\/revistaepocadigital.com.ar\/wp-content\/uploads\/2022\/08\/benn1-297x420.jpg 297w\" sizes=\"auto, (max-width: 311px) 100vw, 311px\" \/><\/div>\n<div class=\"m8h3af8h l7ghb35v kjdc1dyq kmwttqpk gh25dzvf n3t5jt4f\">\n<div dir=\"auto\"><\/div>\n<div dir=\"auto\"><em>Desbordada de emoci\u00f3n les decimos Gracias por acompa\u00f1arlo ; apoyarlo, por seguirlo, por enviarme mjes de aliento y sobre todo por estar!!!<\/em><\/div>\n<div dir=\"auto\"><em>Se los siente cerca! Graciasssss totaless y a disfrutar de hoy!!!!!!!!!!!!! Los queremos!!<\/em><\/div>\n<div dir=\"auto\"><em>Esto es posible porque hay un equipo brillante dirigido por el 1 de Argentina GAbriel Rodr\u00edguez ; Ingeniero, mec\u00e1nicos y el motorista n\u00famero 1 <a class=\"qi72231t nu7423ey n3hqoq4p r86q59rh b3qcqh3k fq87ekyn bdao358l fsf7x5fv rse6dlih s5oniofx m8h3af8h l7ghb35v kjdc1dyq kmwttqpk srn514ro oxkhqvkx rl78xhln nch0832m cr00lzj9 rn8ck1ys s3jn8y49 icdlwmnq cxfqmxzd d1w2l3lo tes86rjd\" tabindex=\"0\" role=\"link\" href=\"https:\/\/www.facebook.com\/maximo.colombo.77?__cft__[0]=AZWoIEURTRtUER8Wcn-T4dHHlhFM9dhzBw2i1nMcm3hY2Q222jmj3csljp46OkeBbr6VvO2gpuBEhs5iHs-CMl-swz-cqizyyai9H8CRWR9T0-RiKNwqjosEpocF1a7RAhlNT9vDoNVn7z2rA9nwq6S9Um_X1Glfz__QHMn7LQ8ZUw&amp;__tn__=-]K-R\"><span class=\"rse6dlih\">Sebastian Colombo<\/span><\/a><\/em><\/div>\n<div dir=\"auto\"><em>A todos los sponsors que estuvieron y siguen apostando a Juancho!!!<\/em><\/div>\n<div dir=\"auto\"><em>A mi Virgen de San Nicol\u00e1s que siempre est\u00e1, y sobre todo a dos seres maravillosos que desde donde est\u00e9n lo protegen y a veces se suben a dar unas vueltas con el: el Nono y Pepe ; cada uno con su amor y luz que siempre tuvieron !!<\/em><\/div>\n<\/div>\n<\/div>\n<\/div>\n<\/div>\n<\/div>\n<p>&nbsp;<\/p>\n","protected":false},"excerpt":{"rendered":"<p>JUAN BENEDETTI ES UNO DE LOS ANIMADORES DE LA CLASE 3 DE TURISMO PISTA.<\/p>\n","protected":false},"author":3,"featured_media":17486,"comment_status":"open","ping_status":"open","sticky":false,"template":"","format":"standard","meta":{"footnotes":"","jetpack_publicize_message":"","jetpack_publicize_feature_enabled":true,"jetpack_social_post_already_shared":false,"jetpack_social_options":{"image_generator_settings":{"template":"highway","default_image_id":0,"font":"","enabled":false},"version":2}},"categories":[15],"tags":[262,339],"class_list":["post-17477","post","type-post","status-publish","format-standard","has-post-thumbnail","hentry","category-lo-que-tenes-que-saber","tag-benedetti","tag-turismo-pista"],"jetpack_publicize_connections":[],"jetpack_featured_media_url":"https:\/\/revistaepocadigital.com.ar\/wp-content\/uploads\/2022\/08\/benn-2.jpg","jetpack_likes_enabled":true,"_links":{"self":[{"href":"https:\/\/revistaepocadigital.com.ar\/index.php?rest_route=\/wp\/v2\/posts\/17477","targetHints":{"allow":["GET"]}}],"collection":[{"href":"https:\/\/revistaepocadigital.com.ar\/index.php?rest_route=\/wp\/v2\/posts"}],"about":[{"href":"https:\/\/revistaepocadigital.com.ar\/index.php?rest_route=\/wp\/v2\/types\/post"}],"author":[{"embeddable":true,"href":"https:\/\/revistaepocadigital.com.ar\/index.php?rest_route=\/wp\/v2\/users\/3"}],"replies":[{"embeddable":true,"href":"https:\/\/revistaepocadigital.com.ar\/index.php?rest_route=%2Fwp%2Fv2%2Fcomments&post=17477"}],"version-history":[{"count":0,"href":"https:\/\/revistaepocadigital.com.ar\/index.php?rest_route=\/wp\/v2\/posts\/17477\/revisions"}],"wp:featuredmedia":[{"embeddable":true,"href":"https:\/\/revistaepocadigital.com.ar\/index.php?rest_route=\/wp\/v2\/media\/17486"}],"wp:attachment":[{"href":"https:\/\/revistaepocadigital.com.ar\/index.php?rest_route=%2Fwp%2Fv2%2Fmedia&parent=17477"}],"wp:term":[{"taxonomy":"category","embeddable":true,"href":"https:\/\/revistaepocadigital.com.ar\/index.php?rest_route=%2Fwp%2Fv2%2Fcategories&post=17477"},{"taxonomy":"post_tag","embeddable":true,"href":"https:\/\/revistaepocadigital.com.ar\/index.php?rest_route=%2Fwp%2Fv2%2Ftags&post=17477"}],"curies":[{"name":"wp","href":"https:\/\/api.w.org\/{rel}","templated":true}]}}