{"id":17489,"date":"2022-08-29T18:13:56","date_gmt":"2022-08-29T21:13:56","guid":{"rendered":"https:\/\/revistaepocadigital.com.ar\/?p=17489"},"modified":"2022-08-29T18:13:56","modified_gmt":"2022-08-29T21:13:56","slug":"valerio-diamante-ganador-de-la-fase-regular-de-la-clase-a-de-tc-regional","status":"publish","type":"post","link":"https:\/\/revistaepocadigital.com.ar\/?p=17489","title":{"rendered":"Valerio Diamante ganador de la fase regular de la Clase A de TC Regional"},"content":{"rendered":"<div class=\"\" dir=\"auto\">\n<div class=\"\" dir=\"auto\">\n<div class=\"d2hqwtrz r227ecj6 ez8dtbzv gt60zsk1\" data-ad-comet-preview=\"message\" data-ad-preview=\"message\">\n<div class=\"alzwoclg cqf1kptm siwo0mpr gu5uzgus\">\n<div class=\"jroqu855 nthtkgg5\">\n<div class=\"m8h3af8h l7ghb35v kjdc1dyq kmwttqpk gh25dzvf n3t5jt4f\">\n<div dir=\"auto\"><strong>EN LA DOBLE FECHA (6\u00ba Y 7\u00ba) DE TC REGIONAL EN GUALEGUAYCH\u00da, EL PILOTO CAPILLENSE, SE IMPUSO EN AMBAS.<\/strong><!--more--><\/div>\n<\/div>\n<div class=\"m8h3af8h l7ghb35v kjdc1dyq kmwttqpk gh25dzvf n3t5jt4f\">\n<div dir=\"auto\">\u00a0De esa forma arriba de la c\u00e9lebre &#8220;Chupaleta&#8221; amarilla, roja y blanca motorizada por el zarate\u00f1o T\u00e1rtara, reconocido preparador, <strong>Valerio<\/strong> se qued\u00f3 con la etapa regular del campeonato de la Clase A de TC Regional, afirm\u00e1ndo\u00a0 sus s\u00f3lidas chances para volver a coronarse campe\u00f3n.<\/div>\n<\/div>\n<div dir=\"auto\"><img loading=\"lazy\" decoding=\"async\" class=\"aligncenter size-medium wp-image-17494\" src=\"https:\/\/revistaepocadigital.com.ar\/wp-content\/uploads\/2022\/08\/dia-b-300x209.jpg\" alt=\"\" width=\"300\" height=\"209\" srcset=\"https:\/\/revistaepocadigital.com.ar\/wp-content\/uploads\/2022\/08\/dia-b-300x209.jpg 300w, https:\/\/revistaepocadigital.com.ar\/wp-content\/uploads\/2022\/08\/dia-b-768x535.jpg 768w, https:\/\/revistaepocadigital.com.ar\/wp-content\/uploads\/2022\/08\/dia-b-100x70.jpg 100w, https:\/\/revistaepocadigital.com.ar\/wp-content\/uploads\/2022\/08\/dia-b-200x140.jpg 200w, https:\/\/revistaepocadigital.com.ar\/wp-content\/uploads\/2022\/08\/dia-b-696x485.jpg 696w, https:\/\/revistaepocadigital.com.ar\/wp-content\/uploads\/2022\/08\/dia-b-1068x745.jpg 1068w, https:\/\/revistaepocadigital.com.ar\/wp-content\/uploads\/2022\/08\/dia-b-602x420.jpg 602w, https:\/\/revistaepocadigital.com.ar\/wp-content\/uploads\/2022\/08\/dia-b.jpg 1080w\" sizes=\"auto, (max-width: 300px) 100vw, 300px\" \/><\/div>\n<div class=\"m8h3af8h l7ghb35v kjdc1dyq kmwttqpk gh25dzvf n3t5jt4f\">\n<div dir=\"auto\"><\/div>\n<div dir=\"auto\">\n<div class=\"m8h3af8h l7ghb35v kjdc1dyq kmwttqpk gh25dzvf n3t5jt4f\">\n<div dir=\"auto\">LOS GANADORES DE LA FASE REGULAR DEL 39\u00ba Campeonato de TC Regional fueron:<\/div>\n<\/div>\n<div class=\"l7ghb35v kjdc1dyq kmwttqpk gh25dzvf jikcssrz n3t5jt4f\">\n<div dir=\"auto\"><span class=\"fxk3tzhb b2rh1bv3 gh55jysx m8h3af8h ewco64xe kjdc1dyq ms56khn7 bq6c9xl4 eohcrkr5 akh3l2rg\"><img loading=\"lazy\" decoding=\"async\" src=\"https:\/\/static.xx.fbcdn.net\/images\/emoji.php\/v9\/tac\/1\/16\/1f4cc.png\" alt=\"\ud83d\udccc\" width=\"16\" height=\"16\" \/><\/span><strong>Valerio Diamante (Clase A)<\/strong><\/div>\n<\/div>\n<div class=\"l7ghb35v kjdc1dyq kmwttqpk gh25dzvf jikcssrz n3t5jt4f\">\n<div dir=\"auto\"><span class=\"fxk3tzhb b2rh1bv3 gh55jysx m8h3af8h ewco64xe kjdc1dyq ms56khn7 bq6c9xl4 eohcrkr5 akh3l2rg\"><img loading=\"lazy\" decoding=\"async\" src=\"https:\/\/static.xx.fbcdn.net\/images\/emoji.php\/v9\/tac\/1\/16\/1f4cc.png\" alt=\"\ud83d\udccc\" width=\"16\" height=\"16\" \/><\/span>Alejandro Roma (Clase GTA)<\/div>\n<\/div>\n<div class=\"l7ghb35v kjdc1dyq kmwttqpk gh25dzvf jikcssrz n3t5jt4f\">\n<div dir=\"auto\"><span class=\"fxk3tzhb b2rh1bv3 gh55jysx m8h3af8h ewco64xe kjdc1dyq ms56khn7 bq6c9xl4 eohcrkr5 akh3l2rg\"><img loading=\"lazy\" decoding=\"async\" src=\"https:\/\/static.xx.fbcdn.net\/images\/emoji.php\/v9\/tac\/1\/16\/1f4cc.png\" alt=\"\ud83d\udccc\" width=\"16\" height=\"16\" \/><\/span>Facundo Antunez (Clase GTB)<\/div>\n<div dir=\"auto\"><\/div>\n<\/div>\n<div class=\"l7ghb35v kjdc1dyq kmwttqpk gh25dzvf jikcssrz n3t5jt4f\">\n<div dir=\"auto\"><em>&#8220;Felicitaciones a los ganadores, y gracias a todos los protagonistas del certamen por confiar en La Categor\u00eda Que Avanza!&#8221;,<\/em> mencionaron desde la dirigencia. La siguiente fecha va los pr\u00f3ximos 17 y 18 de septiembre en el Aut\u00f3dromo Roberto Mouras de La Plata con el Episodio 1 del Play Off.<\/div>\n<\/div>\n<\/div>\n<\/div>\n<\/div>\n<\/div>\n<div dir=\"auto\"><\/div>\n<div class=\"alzwoclg cqf1kptm siwo0mpr gu5uzgus\">\n<div class=\"jroqu855 nthtkgg5\">\n<div class=\"m8h3af8h l7ghb35v kjdc1dyq kmwttqpk gh25dzvf n3t5jt4f\">\n<div dir=\"auto\">En la final por la 6\u00aa fecha de la Clase A, los populares &#8220;chasis&#8221;, Diamante al ganar obtuvo un halago extra y cargado de emoci\u00f3n, al adjudicarse el Trofeo Oscar Fuxan, en homenaje al capillense ex campe\u00f3n fallecido hace poco.<\/div>\n<\/div>\n<\/div>\n<\/div>\n<\/div>\n<div dir=\"auto\"><img loading=\"lazy\" decoding=\"async\" class=\"aligncenter size-full wp-image-17495\" src=\"https:\/\/revistaepocadigital.com.ar\/wp-content\/uploads\/2022\/08\/Diamante-Final-1.png\" alt=\"\" width=\"640\" height=\"525\" srcset=\"https:\/\/revistaepocadigital.com.ar\/wp-content\/uploads\/2022\/08\/Diamante-Final-1.png 640w, https:\/\/revistaepocadigital.com.ar\/wp-content\/uploads\/2022\/08\/Diamante-Final-1-300x246.png 300w, https:\/\/revistaepocadigital.com.ar\/wp-content\/uploads\/2022\/08\/Diamante-Final-1-512x420.png 512w\" sizes=\"auto, (max-width: 640px) 100vw, 640px\" \/><\/div>\n<div class=\"d2hqwtrz r227ecj6 ez8dtbzv gt60zsk1\" data-ad-comet-preview=\"message\" data-ad-preview=\"message\">\n<div class=\"alzwoclg cqf1kptm siwo0mpr gu5uzgus\">\n<div class=\"jroqu855 nthtkgg5\">\n<div class=\"l7ghb35v kjdc1dyq kmwttqpk gh25dzvf jikcssrz n3t5jt4f\">\n<div dir=\"auto\">Impactante la largada de los chasis en Gualeguaych\u00fa d\u00f3nde todos fueron a buscar m\u00e1s, ya en la largada apareciereon al final del pared\u00f3n Gast\u00f3n Fernandez junto a Fcundo de Lorenzo que largaban en segunda y tercera fila, llegando a la primera frenada formandose un &#8220;sanguchito&#8221; de Juani Pierce con Valerio Diamante y Ale Pereyra<\/div>\n<\/div>\n<div class=\"l7ghb35v kjdc1dyq kmwttqpk gh25dzvf jikcssrz n3t5jt4f\">\n<div dir=\"auto\"><\/div>\n<div dir=\"auto\">Se dieron varios trompos, uno de otro de los pilotos de Capilla del Se\u00f1or, de Felipe Valdez; tambi\u00e9n Facundo de Lorenzo, y despistes de Eduardo Sandrone y Claudio Della Mora fruto de un toque con Rodrigo Escudero que debi\u00f3 abandonar por rotura de motor.\u00a0 Entre los representantes\u00a0 locales, en ambas fechas, tambi\u00e9n compitieron Pocho Cuidet y Guillermo Leiva, quienes compartieron el auto de \u00e9ste \u00faltimo.<\/div>\n<div dir=\"auto\"><\/div>\n<\/div>\n<\/div>\n<\/div>\n<\/div>\n<\/div>\n<\/div>\n<p>&nbsp;<\/p>\n","protected":false},"excerpt":{"rendered":"<p>EN LA DOBLE FECHA (6\u00ba Y 7\u00ba) DE TC REGIONAL EN GUALEGUAYCH\u00da, EL PILOTO CAPILLENSE, SE IMPUSO EN AMBAS.<\/p>\n","protected":false},"author":4,"featured_media":17492,"comment_status":"open","ping_status":"open","sticky":false,"template":"","format":"standard","meta":{"footnotes":"","jetpack_publicize_message":"","jetpack_publicize_feature_enabled":true,"jetpack_social_post_already_shared":false,"jetpack_social_options":{"image_generator_settings":{"template":"highway","default_image_id":0,"font":"","enabled":false},"version":2}},"categories":[9],"tags":[333,2001],"class_list":["post-17489","post","type-post","status-publish","format-standard","has-post-thumbnail","hentry","category-deportes","tag-diamante","tag-tc-regional-clase-a"],"jetpack_publicize_connections":[],"jetpack_featured_media_url":"https:\/\/revistaepocadigital.com.ar\/wp-content\/uploads\/2022\/08\/dia-a-.jpg","jetpack_likes_enabled":true,"_links":{"self":[{"href":"https:\/\/revistaepocadigital.com.ar\/index.php?rest_route=\/wp\/v2\/posts\/17489","targetHints":{"allow":["GET"]}}],"collection":[{"href":"https:\/\/revistaepocadigital.com.ar\/index.php?rest_route=\/wp\/v2\/posts"}],"about":[{"href":"https:\/\/revistaepocadigital.com.ar\/index.php?rest_route=\/wp\/v2\/types\/post"}],"author":[{"embeddable":true,"href":"https:\/\/revistaepocadigital.com.ar\/index.php?rest_route=\/wp\/v2\/users\/4"}],"replies":[{"embeddable":true,"href":"https:\/\/revistaepocadigital.com.ar\/index.php?rest_route=%2Fwp%2Fv2%2Fcomments&post=17489"}],"version-history":[{"count":0,"href":"https:\/\/revistaepocadigital.com.ar\/index.php?rest_route=\/wp\/v2\/posts\/17489\/revisions"}],"wp:featuredmedia":[{"embeddable":true,"href":"https:\/\/revistaepocadigital.com.ar\/index.php?rest_route=\/wp\/v2\/media\/17492"}],"wp:attachment":[{"href":"https:\/\/revistaepocadigital.com.ar\/index.php?rest_route=%2Fwp%2Fv2%2Fmedia&parent=17489"}],"wp:term":[{"taxonomy":"category","embeddable":true,"href":"https:\/\/revistaepocadigital.com.ar\/index.php?rest_route=%2Fwp%2Fv2%2Fcategories&post=17489"},{"taxonomy":"post_tag","embeddable":true,"href":"https:\/\/revistaepocadigital.com.ar\/index.php?rest_route=%2Fwp%2Fv2%2Ftags&post=17489"}],"curies":[{"name":"wp","href":"https:\/\/api.w.org\/{rel}","templated":true}]}}