{"id":17497,"date":"2022-08-29T18:44:07","date_gmt":"2022-08-29T21:44:07","guid":{"rendered":"https:\/\/revistaepocadigital.com.ar\/?p=17497"},"modified":"2022-08-29T18:44:07","modified_gmt":"2022-08-29T21:44:07","slug":"equipan-el-hospital-modular-de-cardales","status":"publish","type":"post","link":"https:\/\/revistaepocadigital.com.ar\/?p=17497","title":{"rendered":"Equipan el Hospital Modular de Cardales"},"content":{"rendered":"<div dir=\"auto\"><strong>EQUIPAMIENTO M\u00c9DICO.<\/strong><\/div>\n<p><!--more--><\/p>\n<div dir=\"auto\"><\/div>\n<div dir=\"auto\">El futuro Hospital Modular de Los Cardales continuaba recibiendo equipamiento m\u00e9dico necesario para su futura utilizaci\u00f3n.<\/div>\n<div dir=\"auto\"><img loading=\"lazy\" decoding=\"async\" class=\"alignleft size-medium wp-image-17501\" src=\"https:\/\/revistaepocadigital.com.ar\/wp-content\/uploads\/2022\/08\/carda-hospi-1-300x182.jpg\" alt=\"\" width=\"300\" height=\"182\" srcset=\"https:\/\/revistaepocadigital.com.ar\/wp-content\/uploads\/2022\/08\/carda-hospi-1-300x182.jpg 300w, https:\/\/revistaepocadigital.com.ar\/wp-content\/uploads\/2022\/08\/carda-hospi-1.jpg 528w\" sizes=\"auto, (max-width: 300px) 100vw, 300px\" \/><\/div>\n<div dir=\"auto\"><\/div>\n<div dir=\"auto\">Llegaron respiradores, tensi\u00f3metros, balanzas, mesas hospitalarias y elementos fundamentales para la atenci\u00f3n m\u00e9dica.<\/div>\n<div dir=\"auto\">Adem\u00e1s, ya se encontraba en funcionamiento el sistema de c\u00e1maras de vigilancia, tanto dentro como afuera del Hospital, brindando mayor seguridad.<\/div>\n","protected":false},"excerpt":{"rendered":"<p>EQUIPAMIENTO M\u00c9DICO.<\/p>\n","protected":false},"author":3,"featured_media":17499,"comment_status":"open","ping_status":"open","sticky":false,"template":"","format":"standard","meta":{"footnotes":"","jetpack_publicize_message":"","jetpack_publicize_feature_enabled":true,"jetpack_social_post_already_shared":false,"jetpack_social_options":{"image_generator_settings":{"template":"highway","default_image_id":0,"font":"","enabled":false},"version":2}},"categories":[4],"tags":[1390],"class_list":["post-17497","post","type-post","status-publish","format-standard","has-post-thumbnail","hentry","category-aqui-los-cardales","tag-hospital-cardales"],"jetpack_publicize_connections":[],"jetpack_featured_media_url":"https:\/\/revistaepocadigital.com.ar\/wp-content\/uploads\/2022\/08\/cardale-hospi22.jpg","jetpack_likes_enabled":true,"_links":{"self":[{"href":"https:\/\/revistaepocadigital.com.ar\/index.php?rest_route=\/wp\/v2\/posts\/17497","targetHints":{"allow":["GET"]}}],"collection":[{"href":"https:\/\/revistaepocadigital.com.ar\/index.php?rest_route=\/wp\/v2\/posts"}],"about":[{"href":"https:\/\/revistaepocadigital.com.ar\/index.php?rest_route=\/wp\/v2\/types\/post"}],"author":[{"embeddable":true,"href":"https:\/\/revistaepocadigital.com.ar\/index.php?rest_route=\/wp\/v2\/users\/3"}],"replies":[{"embeddable":true,"href":"https:\/\/revistaepocadigital.com.ar\/index.php?rest_route=%2Fwp%2Fv2%2Fcomments&post=17497"}],"version-history":[{"count":0,"href":"https:\/\/revistaepocadigital.com.ar\/index.php?rest_route=\/wp\/v2\/posts\/17497\/revisions"}],"wp:featuredmedia":[{"embeddable":true,"href":"https:\/\/revistaepocadigital.com.ar\/index.php?rest_route=\/wp\/v2\/media\/17499"}],"wp:attachment":[{"href":"https:\/\/revistaepocadigital.com.ar\/index.php?rest_route=%2Fwp%2Fv2%2Fmedia&parent=17497"}],"wp:term":[{"taxonomy":"category","embeddable":true,"href":"https:\/\/revistaepocadigital.com.ar\/index.php?rest_route=%2Fwp%2Fv2%2Fcategories&post=17497"},{"taxonomy":"post_tag","embeddable":true,"href":"https:\/\/revistaepocadigital.com.ar\/index.php?rest_route=%2Fwp%2Fv2%2Ftags&post=17497"}],"curies":[{"name":"wp","href":"https:\/\/api.w.org\/{rel}","templated":true}]}}