{"id":17503,"date":"2022-09-12T22:34:26","date_gmt":"2022-09-13T01:34:26","guid":{"rendered":"https:\/\/revistaepocadigital.com.ar\/?p=17503"},"modified":"2022-09-14T11:14:24","modified_gmt":"2022-09-14T14:14:24","slug":"se-viene-otro-14-de-septiembre-no-todos-los-dias-se-cumplen-287-anos","status":"publish","type":"post","link":"https:\/\/revistaepocadigital.com.ar\/?p=17503","title":{"rendered":"14 de Septiembre, no todos los d\u00edas se cumplen 287 a\u00f1os, \u00a1Grande vecinos!"},"content":{"rendered":"<div class=\"m8h3af8h l7ghb35v kjdc1dyq kmwttqpk gh25dzvf n3t5jt4f\">\n<div dir=\"auto\"><strong>EL ANIVERSARIO 287\u00b0 DE EXALTACI\u00d3N DE LA CRUZ. EL FESTEJO M\u00c1S ESPERADO.<\/strong><\/div>\n<div dir=\"auto\"><\/div>\n<\/div>\n<p><!--more--><\/p>\n<div class=\"l7ghb35v kjdc1dyq kmwttqpk gh25dzvf jikcssrz n3t5jt4f\">\n<div dir=\"auto\">Desde el municipio se difundi\u00f3 el programa de actividades que comenz\u00f3 a desarrollarse el 3 de septiembre, as\u00ed como la invitaci\u00f3n p\u00fablica del intendente Diego Nanni, a participar de un d\u00eda tan especial para los exaltacrucenses.<\/div>\n<div dir=\"auto\"><\/div>\n<div dir=\"auto\">El acto central se desarrollar\u00e1 el mi\u00e9rcoles 14 de septiembre a partir de las 9 horas en la Plaza San Mart\u00edn de Capilla del Se\u00f1or.<\/div>\n<\/div>\n<div class=\"l7ghb35v kjdc1dyq kmwttqpk gh25dzvf jikcssrz n3t5jt4f\">\n<div dir=\"auto\"><\/div>\n<div dir=\"auto\"><strong>Ac\u00e1 mir\u00e1 el programa:<\/strong><\/div>\n<\/div>\n<div dir=\"auto\"><\/div>\n<div dir=\"auto\"><img loading=\"lazy\" decoding=\"async\" class=\"aligncenter size-medium wp-image-17505\" src=\"https:\/\/revistaepocadigital.com.ar\/wp-content\/uploads\/2022\/08\/300753914_441512254692336_2263827629122015703_n.jpg-2-300x300.jpg\" alt=\"\" width=\"300\" height=\"300\" srcset=\"https:\/\/revistaepocadigital.com.ar\/wp-content\/uploads\/2022\/08\/300753914_441512254692336_2263827629122015703_n.jpg-2-300x300.jpg 300w, https:\/\/revistaepocadigital.com.ar\/wp-content\/uploads\/2022\/08\/300753914_441512254692336_2263827629122015703_n.jpg-2-150x150.jpg 150w, https:\/\/revistaepocadigital.com.ar\/wp-content\/uploads\/2022\/08\/300753914_441512254692336_2263827629122015703_n.jpg-2-768x768.jpg 768w, https:\/\/revistaepocadigital.com.ar\/wp-content\/uploads\/2022\/08\/300753914_441512254692336_2263827629122015703_n.jpg-2-696x696.jpg 696w, https:\/\/revistaepocadigital.com.ar\/wp-content\/uploads\/2022\/08\/300753914_441512254692336_2263827629122015703_n.jpg-2-420x420.jpg 420w, https:\/\/revistaepocadigital.com.ar\/wp-content\/uploads\/2022\/08\/300753914_441512254692336_2263827629122015703_n.jpg-2-840x840.jpg 840w, https:\/\/revistaepocadigital.com.ar\/wp-content\/uploads\/2022\/08\/300753914_441512254692336_2263827629122015703_n.jpg-2.jpg 960w\" sizes=\"auto, (max-width: 300px) 100vw, 300px\" \/><\/div>\n<div dir=\"auto\"><img loading=\"lazy\" decoding=\"async\" class=\"aligncenter size-medium wp-image-17506\" src=\"https:\/\/revistaepocadigital.com.ar\/wp-content\/uploads\/2022\/08\/300384717_441512301358998_4888538472725054295_n.jpg-3-300x300.jpg\" alt=\"\" width=\"300\" height=\"300\" srcset=\"https:\/\/revistaepocadigital.com.ar\/wp-content\/uploads\/2022\/08\/300384717_441512301358998_4888538472725054295_n.jpg-3-300x300.jpg 300w, https:\/\/revistaepocadigital.com.ar\/wp-content\/uploads\/2022\/08\/300384717_441512301358998_4888538472725054295_n.jpg-3-150x150.jpg 150w, https:\/\/revistaepocadigital.com.ar\/wp-content\/uploads\/2022\/08\/300384717_441512301358998_4888538472725054295_n.jpg-3-768x768.jpg 768w, https:\/\/revistaepocadigital.com.ar\/wp-content\/uploads\/2022\/08\/300384717_441512301358998_4888538472725054295_n.jpg-3-696x696.jpg 696w, https:\/\/revistaepocadigital.com.ar\/wp-content\/uploads\/2022\/08\/300384717_441512301358998_4888538472725054295_n.jpg-3-420x420.jpg 420w, https:\/\/revistaepocadigital.com.ar\/wp-content\/uploads\/2022\/08\/300384717_441512301358998_4888538472725054295_n.jpg-3-840x840.jpg 840w, https:\/\/revistaepocadigital.com.ar\/wp-content\/uploads\/2022\/08\/300384717_441512301358998_4888538472725054295_n.jpg-3.jpg 960w\" sizes=\"auto, (max-width: 300px) 100vw, 300px\" \/><\/div>\n<p><img loading=\"lazy\" decoding=\"async\" class=\"aligncenter size-medium wp-image-17507\" src=\"https:\/\/revistaepocadigital.com.ar\/wp-content\/uploads\/2022\/08\/300607799_441512341358994_6633156769035093609_n.jpg-4-300x300.jpg\" alt=\"\" width=\"300\" height=\"300\" srcset=\"https:\/\/revistaepocadigital.com.ar\/wp-content\/uploads\/2022\/08\/300607799_441512341358994_6633156769035093609_n.jpg-4-300x300.jpg 300w, https:\/\/revistaepocadigital.com.ar\/wp-content\/uploads\/2022\/08\/300607799_441512341358994_6633156769035093609_n.jpg-4-150x150.jpg 150w, https:\/\/revistaepocadigital.com.ar\/wp-content\/uploads\/2022\/08\/300607799_441512341358994_6633156769035093609_n.jpg-4-768x768.jpg 768w, https:\/\/revistaepocadigital.com.ar\/wp-content\/uploads\/2022\/08\/300607799_441512341358994_6633156769035093609_n.jpg-4-696x696.jpg 696w, https:\/\/revistaepocadigital.com.ar\/wp-content\/uploads\/2022\/08\/300607799_441512341358994_6633156769035093609_n.jpg-4-420x420.jpg 420w, https:\/\/revistaepocadigital.com.ar\/wp-content\/uploads\/2022\/08\/300607799_441512341358994_6633156769035093609_n.jpg-4-840x840.jpg 840w, https:\/\/revistaepocadigital.com.ar\/wp-content\/uploads\/2022\/08\/300607799_441512341358994_6633156769035093609_n.jpg-4.jpg 960w\" sizes=\"auto, (max-width: 300px) 100vw, 300px\" \/><\/p>\n","protected":false},"excerpt":{"rendered":"<p>EL ANIVERSARIO 287\u00b0 DE EXALTACI\u00d3N DE LA CRUZ. EL FESTEJO M\u00c1S ESPERADO.<\/p>\n","protected":false},"author":3,"featured_media":17504,"comment_status":"open","ping_status":"open","sticky":false,"template":"","format":"standard","meta":{"footnotes":"","jetpack_publicize_message":"","jetpack_publicize_feature_enabled":true,"jetpack_social_post_already_shared":false,"jetpack_social_options":{"image_generator_settings":{"template":"highway","default_image_id":0,"font":"","enabled":false},"version":2}},"categories":[4,13],"tags":[479,1732,323],"class_list":["post-17503","post","type-post","status-publish","format-standard","has-post-thumbnail","hentry","category-aqui-los-cardales","category-interes-general","tag-14-de-septiembre","tag-1732","tag-programa"],"jetpack_publicize_connections":[],"jetpack_featured_media_url":"https:\/\/revistaepocadigital.com.ar\/wp-content\/uploads\/2022\/08\/299610566_441512221359006_4860820339754964675_n.jpg-1.jpg","jetpack_likes_enabled":true,"_links":{"self":[{"href":"https:\/\/revistaepocadigital.com.ar\/index.php?rest_route=\/wp\/v2\/posts\/17503","targetHints":{"allow":["GET"]}}],"collection":[{"href":"https:\/\/revistaepocadigital.com.ar\/index.php?rest_route=\/wp\/v2\/posts"}],"about":[{"href":"https:\/\/revistaepocadigital.com.ar\/index.php?rest_route=\/wp\/v2\/types\/post"}],"author":[{"embeddable":true,"href":"https:\/\/revistaepocadigital.com.ar\/index.php?rest_route=\/wp\/v2\/users\/3"}],"replies":[{"embeddable":true,"href":"https:\/\/revistaepocadigital.com.ar\/index.php?rest_route=%2Fwp%2Fv2%2Fcomments&post=17503"}],"version-history":[{"count":0,"href":"https:\/\/revistaepocadigital.com.ar\/index.php?rest_route=\/wp\/v2\/posts\/17503\/revisions"}],"wp:featuredmedia":[{"embeddable":true,"href":"https:\/\/revistaepocadigital.com.ar\/index.php?rest_route=\/wp\/v2\/media\/17504"}],"wp:attachment":[{"href":"https:\/\/revistaepocadigital.com.ar\/index.php?rest_route=%2Fwp%2Fv2%2Fmedia&parent=17503"}],"wp:term":[{"taxonomy":"category","embeddable":true,"href":"https:\/\/revistaepocadigital.com.ar\/index.php?rest_route=%2Fwp%2Fv2%2Fcategories&post=17503"},{"taxonomy":"post_tag","embeddable":true,"href":"https:\/\/revistaepocadigital.com.ar\/index.php?rest_route=%2Fwp%2Fv2%2Ftags&post=17503"}],"curies":[{"name":"wp","href":"https:\/\/api.w.org\/{rel}","templated":true}]}}