{"id":17509,"date":"2022-09-07T00:16:04","date_gmt":"2022-09-07T03:16:04","guid":{"rendered":"https:\/\/revistaepocadigital.com.ar\/?p=17509"},"modified":"2022-09-12T13:02:06","modified_gmt":"2022-09-12T16:02:06","slug":"la-calle-balcarce-sera-distinta","status":"publish","type":"post","link":"https:\/\/revistaepocadigital.com.ar\/?p=17509","title":{"rendered":"La calle Balcarce cerrada al tr\u00e1nsito"},"content":{"rendered":"<div dir=\"ltr\"><strong>.actualizaci\u00f3n. ES LA ARTERIA DEL INGRESO PRINCIPAL A CAPILLA DEL SE\u00d1OR.<\/strong><\/div>\n<p><!--more--><\/p>\n<div dir=\"ltr\">\n<div class=\"l7ghb35v kjdc1dyq kmwttqpk gh25dzvf jikcssrz n3t5jt4f\">\n<div dir=\"auto\">Se encuentra cerrado el tr\u00e1nsito por la calle Balcarce, por las obras en curso. El tr\u00e1nsito se desv\u00eda por la calle Alsina.<\/div>\n<div dir=\"auto\"><\/div>\n<div dir=\"auto\">Informaron desde el municipio que, culminados los trabajos de remplazo de ca\u00f1er\u00edas de agua de red, los desag\u00fces pluviales y la colocaci\u00f3n del cable subterr\u00e1neo de energ\u00eda el\u00e9ctrica, comenz\u00f3 el llenado de las veredas sobre la calle Balcarce, en el ingreso a Capilla del Se\u00f1or. Estas tareas, argument\u00f3 el concejal Palmieri (FDT) en la \u00faltima sesi\u00f3n del HCD, fue la raz\u00f3n por el retiro de los a\u00f1osos y caracter\u00edsticos arboles en Balcarce entre Alsina y Sosa. El concejal Herling (Juntos) hab\u00eda cuestionado con dureza en la misma sesi\u00f3n el retiro de los \u00e1rboles y otras obras, &#8220;hacen todo mal&#8221;, acus\u00f3.<\/div>\n<\/div>\n<div dir=\"auto\"><\/div>\n<div class=\"l7ghb35v kjdc1dyq kmwttqpk gh25dzvf jikcssrz n3t5jt4f\">\n<div dir=\"auto\">\n<figure id=\"attachment_17677\" aria-describedby=\"caption-attachment-17677\" style=\"width: 300px\" class=\"wp-caption aligncenter\"><img loading=\"lazy\" decoding=\"async\" class=\"size-full wp-image-17677\" src=\"https:\/\/revistaepocadigital.com.ar\/wp-content\/uploads\/2022\/08\/callebalc-300x225-1.jpg\" alt=\"\" width=\"300\" height=\"225\" srcset=\"https:\/\/revistaepocadigital.com.ar\/wp-content\/uploads\/2022\/08\/callebalc-300x225-1.jpg 300w, https:\/\/revistaepocadigital.com.ar\/wp-content\/uploads\/2022\/08\/callebalc-300x225-1-80x60.jpg 80w, https:\/\/revistaepocadigital.com.ar\/wp-content\/uploads\/2022\/08\/callebalc-300x225-1-160x120.jpg 160w, https:\/\/revistaepocadigital.com.ar\/wp-content\/uploads\/2022\/08\/callebalc-300x225-1-265x198.jpg 265w\" sizes=\"auto, (max-width: 300px) 100vw, 300px\" \/><figcaption id=\"caption-attachment-17677\" class=\"wp-caption-text\">Una imagen del inicio de la obra, Retiraron \u00e1rboles, se contempla la plantaci\u00f3n de naranjos.<\/figcaption><\/figure>\n<\/div>\n<\/div>\n<div class=\"l7ghb35v kjdc1dyq kmwttqpk gh25dzvf jikcssrz n3t5jt4f\">\n<div dir=\"auto\">El proyecto de la calle Balcarce, como adelant\u00f3 EPOCA, apunta al mejoramiento urbano que prev\u00e9 la reconstrucci\u00f3n y emparejamiento total de las veredas, colocaci\u00f3n de faroles en toda la traza, y la construcci\u00f3n de canteros donde ser\u00e1n plantados naranjos, respetando la tradici\u00f3n e historia del pueblo. La obra llegar\u00e1 hasta el Hospital Municipal San Jos\u00e9 y se dispuso una inversi\u00f3n total de casi 60 millones de pesos financiados por el FIM.<\/div>\n<\/div>\n<\/div>\n<div dir=\"ltr\"><\/div>\n<div dir=\"ltr\"><\/div>\n<div dir=\"ltr\"><\/div>\n<div dir=\"ltr\" style=\"text-align: center;\"><\/div>\n<div dir=\"ltr\" style=\"text-align: center;\"><strong>&#8212;&#8212;&#8212;&#8212;&#8212;&#8212;&#8212;&#8212;&#8212;&#8212;&#8212;&#8212;&#8212;&#8212;&#8212;&#8212;&#8212;<\/strong><\/div>\n<div dir=\"ltr\"><\/div>\n<div dir=\"ltr\"><\/div>\n<div dir=\"ltr\">Acaso la m\u00e1s transitada de la ciudad, por el incesante tr\u00e1nsito de veh\u00edculos y transporte p\u00fablico de pasajeros que entran a Capilla.<\/div>\n<div dir=\"ltr\"><\/div>\n<div dir=\"ltr\">El proyecto puesto en marcha, seg\u00fan pudo saber EPOCA, abarcar\u00eda la construcci\u00f3n de nuevas veredas desde la calle Alsina en el mismo ingreso al centro. Tambi\u00e9n ampliaciones, instalaci\u00f3n de nueva iluminaci\u00f3n con otro tipo de luminarias, colocaci\u00f3n de canteros con plantas y mejoramiento de la se\u00f1alizaci\u00f3n. El tramo en obras abarcar\u00eda desde Balcarce y Alsina, la continuaci\u00f3n hasta la calle Pellegrini, en las inmediaciones del Hospital Municipal.<\/div>\n<div dir=\"ltr\"><\/div>\n<div dir=\"ltr\"><img loading=\"lazy\" decoding=\"async\" class=\"aligncenter size-full wp-image-17510\" src=\"https:\/\/revistaepocadigital.com.ar\/wp-content\/uploads\/2022\/08\/calle-balcar.jpg\" alt=\"\" width=\"638\" height=\"439\" srcset=\"https:\/\/revistaepocadigital.com.ar\/wp-content\/uploads\/2022\/08\/calle-balcar.jpg 638w, https:\/\/revistaepocadigital.com.ar\/wp-content\/uploads\/2022\/08\/calle-balcar-300x206.jpg 300w, https:\/\/revistaepocadigital.com.ar\/wp-content\/uploads\/2022\/08\/calle-balcar-100x70.jpg 100w, https:\/\/revistaepocadigital.com.ar\/wp-content\/uploads\/2022\/08\/calle-balcar-218x150.jpg 218w, https:\/\/revistaepocadigital.com.ar\/wp-content\/uploads\/2022\/08\/calle-balcar-436x300.jpg 436w, https:\/\/revistaepocadigital.com.ar\/wp-content\/uploads\/2022\/08\/calle-balcar-610x420.jpg 610w\" sizes=\"auto, (max-width: 638px) 100vw, 638px\" \/><\/div>\n<div dir=\"ltr\"><\/div>\n<div dir=\"ltr\">Por las obras iniciadas, se encuentra limitado el ingreso a Capilla del Se\u00f1or por la calle Balcarce, desviando el tr\u00e1nsito hacia la calle Alsina. A prestar atenci\u00f3n con el tr\u00e1nsito, as\u00ed como tambi\u00e9n respecto a<strong> la arboleda<\/strong> que desde much\u00edsimos a\u00f1os atr\u00e1s, enmarcaba el tramo inicial de Balcarce entre Alsina y Jos\u00e9 Sosa, que fue retirada lo que representa una p\u00e9rdida de valor y afecta lo pintoresco del sector. En su momento, tambi\u00e9n desde este medio, hicimos menci\u00f3n al levantamiento de las a\u00f1ejas baldosas del paseo de la Plaza San Mart\u00edn, siendo luego reemplazadas por similares y nuevas. Se descarta que en la calle Balcarce citada, habr\u00e1 plantaci\u00f3n de \u00e1rboles nuevos, aguard\u00e1ndose que en las siguientes cuadras<strong> no sean retirados m\u00e1s \u00e1rboles que, por si fuera poco, hacen a la historia capillense.<\/strong><\/div>\n<div dir=\"ltr\"><\/div>\n<div dir=\"ltr\">Como ha sido mencionado, el mejoramiento urbano incluye la reconstrucci\u00f3n y emparejamiento total de veredas, colocaci\u00f3n de faroles en toda la traza, y la construcci\u00f3n de canteros donde ser\u00e1n plantados naranjos, respetando la tradici\u00f3n que caracteriza a ese sector de Capilla del Se\u00f1or.<\/div>\n<div dir=\"ltr\"><\/div>\n<div dir=\"ltr\">Fotos: Prensa municipalidad y EPOCA<\/div>\n","protected":false},"excerpt":{"rendered":"<p>.actualizaci\u00f3n. ES LA ARTERIA DEL INGRESO PRINCIPAL A CAPILLA DEL SE\u00d1OR.<\/p>\n","protected":false},"author":4,"featured_media":17679,"comment_status":"open","ping_status":"open","sticky":false,"template":"","format":"standard","meta":{"footnotes":"","jetpack_publicize_message":"","jetpack_publicize_feature_enabled":true,"jetpack_social_post_already_shared":false,"jetpack_social_options":{"image_generator_settings":{"template":"highway","default_image_id":0,"font":"","enabled":false},"version":2}},"categories":[13],"tags":[2002],"class_list":["post-17509","post","type-post","status-publish","format-standard","has-post-thumbnail","hentry","category-interes-general","tag-calle-balcarce"],"jetpack_publicize_connections":[],"jetpack_featured_media_url":"https:\/\/revistaepocadigital.com.ar\/wp-content\/uploads\/2022\/08\/obra-balcar.jpg","jetpack_likes_enabled":true,"_links":{"self":[{"href":"https:\/\/revistaepocadigital.com.ar\/index.php?rest_route=\/wp\/v2\/posts\/17509","targetHints":{"allow":["GET"]}}],"collection":[{"href":"https:\/\/revistaepocadigital.com.ar\/index.php?rest_route=\/wp\/v2\/posts"}],"about":[{"href":"https:\/\/revistaepocadigital.com.ar\/index.php?rest_route=\/wp\/v2\/types\/post"}],"author":[{"embeddable":true,"href":"https:\/\/revistaepocadigital.com.ar\/index.php?rest_route=\/wp\/v2\/users\/4"}],"replies":[{"embeddable":true,"href":"https:\/\/revistaepocadigital.com.ar\/index.php?rest_route=%2Fwp%2Fv2%2Fcomments&post=17509"}],"version-history":[{"count":0,"href":"https:\/\/revistaepocadigital.com.ar\/index.php?rest_route=\/wp\/v2\/posts\/17509\/revisions"}],"wp:featuredmedia":[{"embeddable":true,"href":"https:\/\/revistaepocadigital.com.ar\/index.php?rest_route=\/wp\/v2\/media\/17679"}],"wp:attachment":[{"href":"https:\/\/revistaepocadigital.com.ar\/index.php?rest_route=%2Fwp%2Fv2%2Fmedia&parent=17509"}],"wp:term":[{"taxonomy":"category","embeddable":true,"href":"https:\/\/revistaepocadigital.com.ar\/index.php?rest_route=%2Fwp%2Fv2%2Fcategories&post=17509"},{"taxonomy":"post_tag","embeddable":true,"href":"https:\/\/revistaepocadigital.com.ar\/index.php?rest_route=%2Fwp%2Fv2%2Ftags&post=17509"}],"curies":[{"name":"wp","href":"https:\/\/api.w.org\/{rel}","templated":true}]}}