{"id":17530,"date":"2022-08-29T19:29:45","date_gmt":"2022-08-29T22:29:45","guid":{"rendered":"https:\/\/revistaepocadigital.com.ar\/?p=17530"},"modified":"2022-08-30T19:30:04","modified_gmt":"2022-08-30T22:30:04","slug":"25-anos-del-jardin-de-infantes-n-2-de-chenaut-a-puro-corazon","status":"publish","type":"post","link":"https:\/\/revistaepocadigital.com.ar\/?p=17530","title":{"rendered":"25 a\u00f1os del Jard\u00edn de Infantes n\u00b0 2 de Chenaut, a puro coraz\u00f3n"},"content":{"rendered":"<header class=\"container-fluid contenedor_header \">\n<div class=\"row navegacion d-none d-lg-block\">\n<div class=\"col\">\n<nav><strong>LAS BODAS DE PLATA. NI M\u00c1S NI MENOS<\/strong><\/nav>\n<\/div>\n<\/div>\n<\/header>\n<p><!--more--><\/p>\n<div id=\"fb-root\" class=\" fb_reset\">\n<div>\n<div>&#8220;Es una parte fundamental del pueblo\u201d, as\u00ed defini\u00f3 Diego Nanni al <strong>Jard\u00edn de Infantes Rurales y de Islas de Matr\u00edcula M\u00ednima <\/strong>(JIRIMM) n\u00b0 2 de Chenaut, Exaltaci\u00f3n de la Cruz. El establecimiento muy importante para las familias de esa zona del distrito, aspecto corroborado ante la presencia de muchos vecinos, docentes, alumnos y exalumnos del Jard\u00edn. \u201cEs un Jard\u00edn rural que, como dicen sus docentes, es un sue\u00f1o cumplido y que junto a la Escuela Primaria N\u00ba 15 y la Escuela Secundaria N\u00ba 7, son parte fundamental del pueblo como he dicho\u201d, destac\u00f3 el intendente junto al inspector de Nivel Primario, <strong>Guillermo Turco<\/strong> Greco; la jefa Distrital, <strong>Ang\u00e9lica Rivas Fern\u00e1ndez<\/strong>; la secretaria de Pol\u00edticas Educativas, <strong>Vanesa Russo<\/strong>, autoridades del Consejo Escolar, concejales, docentes y alumnos.<\/div>\n<\/div>\n<\/div>\n<div class=\"container ad ad_horizontal d-lg-block d-none\">\n<div class=\"row\">\n<div class=\"col\">\n<div id=\"div-gpt-ad-1641905004437-0\" class=\"d-lg-block d-none div_ad\" data-google-query-id=\"COfGtobL7_kCFbkauQYdeMQBGw\">\n<div id=\"google_ads_iframe_\/21867415041\/nota\/nota_728x90_1_0__container__\"><\/div>\n<\/div>\n<\/div>\n<\/div>\n<\/div>\n<div class=\"container\">\n<div class=\"row\">\n<div class=\"col-lg-9 col-md-12\">\n<div class=\"row cuerpo\">\n<div class=\"col\">\n<figure class=\"wp-block-image size-large\"><a title=\"La actividad oficial reuni\u00f3 a autoridades municipales, del Consejo Escolar y de la comunidad de la entidad anfitriona.\" href=\"https:\/\/www.noticiasd.com\/wp-content\/uploads\/2022\/08\/Jirim-Chenaut-3-1024x768.jpg\"><img loading=\"lazy\" decoding=\"async\" class=\"wp-image-530981 loading\" src=\"https:\/\/www.noticiasd.com\/wp-content\/uploads\/2022\/08\/Jirim-Chenaut-3-1024x768.jpg\" sizes=\"auto, (max-width: 1024px) 100vw, 1024px\" srcset=\"https:\/\/www.noticiasd.com\/wp-content\/uploads\/2022\/08\/Jirim-Chenaut-3-1024x768.jpg 1024w, https:\/\/www.noticiasd.com\/wp-content\/uploads\/2022\/08\/Jirim-Chenaut-3-300x225.jpg 300w, https:\/\/www.noticiasd.com\/wp-content\/uploads\/2022\/08\/Jirim-Chenaut-3-768x576.jpg 768w, https:\/\/www.noticiasd.com\/wp-content\/uploads\/2022\/08\/Jirim-Chenaut-3-1536x1152.jpg 1536w, https:\/\/www.noticiasd.com\/wp-content\/uploads\/2022\/08\/Jirim-Chenaut-3-495x371.jpg 495w, https:\/\/www.noticiasd.com\/wp-content\/uploads\/2022\/08\/Jirim-Chenaut-3-223x167.jpg 223w, https:\/\/www.noticiasd.com\/wp-content\/uploads\/2022\/08\/Jirim-Chenaut-3.jpg 2048w\" alt=\"\" width=\"1024\" height=\"768\" data-was-processed=\"true\" \/><\/a><\/figure>\n<h6><em>La secretaria de pol\u00edticas educativas de la comuna, Vanesa Russo, Magdalena Garatavidea (titular del Consejo Escolar), autoridades y docentes del Jard\u00edn.<\/em><\/h6>\n<figure class=\"wp-block-image size-large\"><a title=\"Alumnos actuales y exalumnos del JIRIMM N\u00b0 2 Chenaut fueron de la partida en lo que fue una verdadera jornada de fiesta.\" href=\"https:\/\/www.noticiasd.com\/wp-content\/uploads\/2022\/08\/Jirim-Chenaut-4-1024x768.jpg\"><img loading=\"lazy\" decoding=\"async\" class=\"wp-image-530982 loading\" src=\"https:\/\/www.noticiasd.com\/wp-content\/uploads\/2022\/08\/Jirim-Chenaut-4-1024x768.jpg\" sizes=\"auto, (max-width: 1024px) 100vw, 1024px\" srcset=\"https:\/\/www.noticiasd.com\/wp-content\/uploads\/2022\/08\/Jirim-Chenaut-4-1024x768.jpg 1024w, https:\/\/www.noticiasd.com\/wp-content\/uploads\/2022\/08\/Jirim-Chenaut-4-300x225.jpg 300w, https:\/\/www.noticiasd.com\/wp-content\/uploads\/2022\/08\/Jirim-Chenaut-4-768x576.jpg 768w, https:\/\/www.noticiasd.com\/wp-content\/uploads\/2022\/08\/Jirim-Chenaut-4-1536x1152.jpg 1536w, https:\/\/www.noticiasd.com\/wp-content\/uploads\/2022\/08\/Jirim-Chenaut-4-495x371.jpg 495w, https:\/\/www.noticiasd.com\/wp-content\/uploads\/2022\/08\/Jirim-Chenaut-4-223x167.jpg 223w, https:\/\/www.noticiasd.com\/wp-content\/uploads\/2022\/08\/Jirim-Chenaut-4.jpg 2048w\" alt=\"\" width=\"1024\" height=\"768\" data-was-processed=\"true\" \/><\/a><\/figure>\n<figure class=\"wp-block-image size-large\"><\/figure>\n<p>&nbsp;<\/p>\n<\/div>\n<\/div>\n<\/div>\n<\/div>\n<\/div>\n","protected":false},"excerpt":{"rendered":"<p>LAS BODAS DE PLATA. NI M\u00c1S NI MENOS<\/p>\n","protected":false},"author":3,"featured_media":17532,"comment_status":"open","ping_status":"open","sticky":false,"template":"","format":"standard","meta":{"footnotes":"","jetpack_publicize_message":"","jetpack_publicize_feature_enabled":true,"jetpack_social_post_already_shared":false,"jetpack_social_options":{"image_generator_settings":{"template":"highway","default_image_id":0,"font":"","enabled":false},"version":2}},"categories":[13],"tags":[2005,2004],"class_list":["post-17530","post","type-post","status-publish","format-standard","has-post-thumbnail","hentry","category-interes-general","tag-25-anos","tag-jardin-chenaut"],"jetpack_publicize_connections":[],"jetpack_featured_media_url":"https:\/\/revistaepocadigital.com.ar\/wp-content\/uploads\/2022\/08\/Chenaut-jardin-3-1024x768-1.jpg","jetpack_likes_enabled":true,"_links":{"self":[{"href":"https:\/\/revistaepocadigital.com.ar\/index.php?rest_route=\/wp\/v2\/posts\/17530","targetHints":{"allow":["GET"]}}],"collection":[{"href":"https:\/\/revistaepocadigital.com.ar\/index.php?rest_route=\/wp\/v2\/posts"}],"about":[{"href":"https:\/\/revistaepocadigital.com.ar\/index.php?rest_route=\/wp\/v2\/types\/post"}],"author":[{"embeddable":true,"href":"https:\/\/revistaepocadigital.com.ar\/index.php?rest_route=\/wp\/v2\/users\/3"}],"replies":[{"embeddable":true,"href":"https:\/\/revistaepocadigital.com.ar\/index.php?rest_route=%2Fwp%2Fv2%2Fcomments&post=17530"}],"version-history":[{"count":0,"href":"https:\/\/revistaepocadigital.com.ar\/index.php?rest_route=\/wp\/v2\/posts\/17530\/revisions"}],"wp:featuredmedia":[{"embeddable":true,"href":"https:\/\/revistaepocadigital.com.ar\/index.php?rest_route=\/wp\/v2\/media\/17532"}],"wp:attachment":[{"href":"https:\/\/revistaepocadigital.com.ar\/index.php?rest_route=%2Fwp%2Fv2%2Fmedia&parent=17530"}],"wp:term":[{"taxonomy":"category","embeddable":true,"href":"https:\/\/revistaepocadigital.com.ar\/index.php?rest_route=%2Fwp%2Fv2%2Fcategories&post=17530"},{"taxonomy":"post_tag","embeddable":true,"href":"https:\/\/revistaepocadigital.com.ar\/index.php?rest_route=%2Fwp%2Fv2%2Ftags&post=17530"}],"curies":[{"name":"wp","href":"https:\/\/api.w.org\/{rel}","templated":true}]}}