{"id":17561,"date":"2022-09-03T00:57:13","date_gmt":"2022-09-03T03:57:13","guid":{"rendered":"https:\/\/revistaepocadigital.com.ar\/?p=17561"},"modified":"2022-09-08T01:08:52","modified_gmt":"2022-09-08T04:08:52","slug":"industriales-exaltacrucenos-que-ponen-el-pecho-reunion-con-el-intendente","status":"publish","type":"post","link":"https:\/\/revistaepocadigital.com.ar\/?p=17561","title":{"rendered":"Industriales exaltacruce\u00f1os que ponen el pecho se vieron con el intendente"},"content":{"rendered":"<div class=\"\" dir=\"auto\">\n<div id=\"jsc_c_2q\" class=\"d2hqwtrz r227ecj6 ez8dtbzv gt60zsk1\" data-ad-comet-preview=\"message\" data-ad-preview=\"message\">\n<div class=\"alzwoclg cqf1kptm siwo0mpr gu5uzgus\">\n<div class=\"jroqu855 nthtkgg5\">\n<div class=\"m8h3af8h l7ghb35v kjdc1dyq kmwttqpk gh25dzvf n3t5jt4f\">\n<div dir=\"auto\"><strong>INTERCAMBIO DE OPINIONES.<!--more--><\/strong><\/div>\n<div dir=\"auto\"><\/div>\n<div dir=\"auto\">El encuentro de trabajo, significativo, entre funcionarios municipales encabezados por el intendente Diego Nanni y empresarios locales.<\/div>\n<div dir=\"auto\"><\/div>\n<\/div>\n<div class=\"l7ghb35v kjdc1dyq kmwttqpk gh25dzvf jikcssrz n3t5jt4f\">\n<div dir=\"auto\">En el marco de una din\u00e1mica de trabajo conjunto entre el sector privado y el sector p\u00fablico, los funcionarios informaron sobre gestiones que llevan adelante para el desarrollo productivo local, sin dudas, tantas veces enunciado y de vital importancia para Exaltaci\u00f3n de la Cruz.<\/div>\n<div dir=\"auto\"><\/div>\n<\/div>\n<div class=\"l7ghb35v kjdc1dyq kmwttqpk gh25dzvf jikcssrz n3t5jt4f\">\n<div dir=\"auto\">Los empresarios que han invertido y desarrollan sus empresas en el distrito, hicieron conocer sus inquietudes, posturas y remarcaron la necesidad de continuar trabajando con la gesti\u00f3n municipal en temas como infraestructura, provisi\u00f3n de energ\u00eda el\u00e9ctrica -entre otros aspectos claves- y la articulaci\u00f3n con la Oficina de Empleo comunL y su nuevo portal web.<img loading=\"lazy\" decoding=\"async\" class=\"aligncenter size-full wp-image-17570\" src=\"https:\/\/revistaepocadigital.com.ar\/wp-content\/uploads\/2022\/09\/industr1.jpg\" alt=\"\" width=\"560\" height=\"315\" srcset=\"https:\/\/revistaepocadigital.com.ar\/wp-content\/uploads\/2022\/09\/industr1.jpg 560w, https:\/\/revistaepocadigital.com.ar\/wp-content\/uploads\/2022\/09\/industr1-300x169.jpg 300w\" sizes=\"auto, (max-width: 560px) 100vw, 560px\" \/><\/div>\n<\/div>\n<div class=\"l7ghb35v kjdc1dyq kmwttqpk gh25dzvf jikcssrz n3t5jt4f\">\n<div dir=\"auto\"><\/div>\n<div dir=\"auto\">Ambas partes debatieron sobre la situaci\u00f3n actual del sector industrial exaltacruce\u00f1o, proponi\u00e9ndose distintas alternativas que permitan encontrar puntos en com\u00fan, para sustentar el trabajo y el desarrollo a futuro en el distrito.<\/div>\n<div dir=\"auto\"><\/div>\n<\/div>\n<div class=\"l7ghb35v kjdc1dyq kmwttqpk gh25dzvf jikcssrz n3t5jt4f\">\n<div dir=\"auto\">Del encuentro, participaron representantes de la conocida empresa Campari, instalada hace muchos a\u00f1os e importante fuente de trabajo; Alberto Garc\u00eda quien encabeza el emprendimiento in\u00e9dito, Ecoparque en Parada Robles, un parque industrial que prioriza el cuidado del medio ambiente que avanz\u00f3 y se concret\u00f3 luego de a\u00f1os de esfuerzos, inversiones y prolongadas gestiones. Tambi\u00e9n representantes de industrias como VASA, Storage Compat, Carti, AUTOSAL, Granja Tres Arroyos y la Uni\u00f3n Industrial Exaltaci\u00f3n de la Cruz representadas por Hugo Garc\u00e9 gerente de la compa\u00f1\u00eda y presidente de la entidad mencionada, quienes fueron recibidos por el intendente Diego Nanni, la secretaria de Coordinaci\u00f3n General, Mar\u00eda Luz Bozzani, el director de producci\u00f3n, Mart\u00edn Faure, el director de habilitaciones, Jos\u00e9 Pino y el jefe de industria, Lucas Benitez.<\/div>\n<\/div>\n<\/div>\n<\/div>\n<\/div>\n<\/div>\n<p>&nbsp;<\/p>\n","protected":false},"excerpt":{"rendered":"<p>INTERCAMBIO DE OPINIONES.<\/p>\n","protected":false},"author":4,"featured_media":17569,"comment_status":"open","ping_status":"open","sticky":false,"template":"","format":"standard","meta":{"footnotes":"","jetpack_publicize_message":"","jetpack_publicize_feature_enabled":true,"jetpack_social_post_already_shared":false,"jetpack_social_options":{"image_generator_settings":{"template":"highway","default_image_id":0,"font":"","enabled":false},"version":2}},"categories":[13],"tags":[2009,899],"class_list":["post-17561","post","type-post","status-publish","format-standard","has-post-thumbnail","hentry","category-interes-general","tag-empresarios","tag-union-industrial"],"jetpack_publicize_connections":[],"jetpack_featured_media_url":"https:\/\/revistaepocadigital.com.ar\/wp-content\/uploads\/2022\/09\/industriale.jpg","jetpack_likes_enabled":true,"_links":{"self":[{"href":"https:\/\/revistaepocadigital.com.ar\/index.php?rest_route=\/wp\/v2\/posts\/17561","targetHints":{"allow":["GET"]}}],"collection":[{"href":"https:\/\/revistaepocadigital.com.ar\/index.php?rest_route=\/wp\/v2\/posts"}],"about":[{"href":"https:\/\/revistaepocadigital.com.ar\/index.php?rest_route=\/wp\/v2\/types\/post"}],"author":[{"embeddable":true,"href":"https:\/\/revistaepocadigital.com.ar\/index.php?rest_route=\/wp\/v2\/users\/4"}],"replies":[{"embeddable":true,"href":"https:\/\/revistaepocadigital.com.ar\/index.php?rest_route=%2Fwp%2Fv2%2Fcomments&post=17561"}],"version-history":[{"count":0,"href":"https:\/\/revistaepocadigital.com.ar\/index.php?rest_route=\/wp\/v2\/posts\/17561\/revisions"}],"wp:featuredmedia":[{"embeddable":true,"href":"https:\/\/revistaepocadigital.com.ar\/index.php?rest_route=\/wp\/v2\/media\/17569"}],"wp:attachment":[{"href":"https:\/\/revistaepocadigital.com.ar\/index.php?rest_route=%2Fwp%2Fv2%2Fmedia&parent=17561"}],"wp:term":[{"taxonomy":"category","embeddable":true,"href":"https:\/\/revistaepocadigital.com.ar\/index.php?rest_route=%2Fwp%2Fv2%2Fcategories&post=17561"},{"taxonomy":"post_tag","embeddable":true,"href":"https:\/\/revistaepocadigital.com.ar\/index.php?rest_route=%2Fwp%2Fv2%2Ftags&post=17561"}],"curies":[{"name":"wp","href":"https:\/\/api.w.org\/{rel}","templated":true}]}}