{"id":17563,"date":"2022-09-02T00:25:36","date_gmt":"2022-09-02T03:25:36","guid":{"rendered":"https:\/\/revistaepocadigital.com.ar\/?p=17563"},"modified":"2022-09-02T00:29:42","modified_gmt":"2022-09-02T03:29:42","slug":"17563-2","status":"publish","type":"post","link":"https:\/\/revistaepocadigital.com.ar\/?p=17563","title":{"rendered":"HOY VIERNES 2 FERIADO NACIONAL"},"content":{"rendered":"<p><strong>EL ANUNCIO DEL PRESIDENTE DURANTE EL DISCURSO EN CADENA NACIONAL, LUEGO DEL INTENTO DE ASESINATO A LA VICE PRESIDENTA CRISTINA FERN\u00c1NDEZ DE KIRCHNER.<\/strong><\/p>\n<p><strong>Se habl\u00f3 de movilizaciones en apoyo a Cristina Fern\u00e1ndez y en el repudio contra el atentado a su vida. Que todo transcurra en paz!, en un momento de crisis y alta tensi\u00f3n en el pa\u00eds, muy agravado por tan repudiable hecho contra la vicepresidenta.<\/strong><\/p>\n<p><!--more--><\/p>\n<p><img loading=\"lazy\" decoding=\"async\" class=\"aligncenter size-full wp-image-17565\" src=\"https:\/\/revistaepocadigital.com.ar\/wp-content\/uploads\/2022\/09\/302433769_2005234936334960_3841533114728788564_n-1.jpg\" alt=\"\" width=\"647\" height=\"423\" srcset=\"https:\/\/revistaepocadigital.com.ar\/wp-content\/uploads\/2022\/09\/302433769_2005234936334960_3841533114728788564_n-1.jpg 647w, https:\/\/revistaepocadigital.com.ar\/wp-content\/uploads\/2022\/09\/302433769_2005234936334960_3841533114728788564_n-1-300x196.jpg 300w, https:\/\/revistaepocadigital.com.ar\/wp-content\/uploads\/2022\/09\/302433769_2005234936334960_3841533114728788564_n-1-642x420.jpg 642w\" sizes=\"auto, (max-width: 647px) 100vw, 647px\" \/><\/p>\n","protected":false},"excerpt":{"rendered":"<p>EL ANUNCIO DEL PRESIDENTE DURANTE EL DISCURSO EN CADENA NACIONAL, LUEGO DEL INTENTO DE ASESINATO A LA VICE PRESIDENTA CRISTINA FERN\u00c1NDEZ DE KIRCHNER. Se habl\u00f3 de movilizaciones en apoyo a Cristina Fern\u00e1ndez y en el repudio contra el atentado a su vida. Que todo transcurra en paz!, en un momento de crisis y alta tensi\u00f3n [&hellip;]<\/p>\n","protected":false},"author":3,"featured_media":17565,"comment_status":"open","ping_status":"open","sticky":false,"template":"","format":"standard","meta":{"footnotes":"","jetpack_publicize_message":"","jetpack_publicize_feature_enabled":true,"jetpack_social_post_already_shared":false,"jetpack_social_options":{"image_generator_settings":{"template":"highway","default_image_id":0,"font":"","enabled":false},"version":2}},"categories":[13],"tags":[2008],"class_list":["post-17563","post","type-post","status-publish","format-standard","has-post-thumbnail","hentry","category-interes-general","tag-atentado-cristina"],"jetpack_publicize_connections":[],"jetpack_featured_media_url":"https:\/\/revistaepocadigital.com.ar\/wp-content\/uploads\/2022\/09\/302433769_2005234936334960_3841533114728788564_n-1.jpg","jetpack_likes_enabled":true,"_links":{"self":[{"href":"https:\/\/revistaepocadigital.com.ar\/index.php?rest_route=\/wp\/v2\/posts\/17563","targetHints":{"allow":["GET"]}}],"collection":[{"href":"https:\/\/revistaepocadigital.com.ar\/index.php?rest_route=\/wp\/v2\/posts"}],"about":[{"href":"https:\/\/revistaepocadigital.com.ar\/index.php?rest_route=\/wp\/v2\/types\/post"}],"author":[{"embeddable":true,"href":"https:\/\/revistaepocadigital.com.ar\/index.php?rest_route=\/wp\/v2\/users\/3"}],"replies":[{"embeddable":true,"href":"https:\/\/revistaepocadigital.com.ar\/index.php?rest_route=%2Fwp%2Fv2%2Fcomments&post=17563"}],"version-history":[{"count":0,"href":"https:\/\/revistaepocadigital.com.ar\/index.php?rest_route=\/wp\/v2\/posts\/17563\/revisions"}],"wp:featuredmedia":[{"embeddable":true,"href":"https:\/\/revistaepocadigital.com.ar\/index.php?rest_route=\/wp\/v2\/media\/17565"}],"wp:attachment":[{"href":"https:\/\/revistaepocadigital.com.ar\/index.php?rest_route=%2Fwp%2Fv2%2Fmedia&parent=17563"}],"wp:term":[{"taxonomy":"category","embeddable":true,"href":"https:\/\/revistaepocadigital.com.ar\/index.php?rest_route=%2Fwp%2Fv2%2Fcategories&post=17563"},{"taxonomy":"post_tag","embeddable":true,"href":"https:\/\/revistaepocadigital.com.ar\/index.php?rest_route=%2Fwp%2Fv2%2Ftags&post=17563"}],"curies":[{"name":"wp","href":"https:\/\/api.w.org\/{rel}","templated":true}]}}