{"id":17589,"date":"2022-09-02T00:56:49","date_gmt":"2022-09-02T03:56:49","guid":{"rendered":"https:\/\/revistaepocadigital.com.ar\/?p=17589"},"modified":"2022-09-08T01:12:39","modified_gmt":"2022-09-08T04:12:39","slug":"quien-es-tedi-el-acusado-de-intentar-asesinar-a-la-vice-cristina-fernandez","status":"publish","type":"post","link":"https:\/\/revistaepocadigital.com.ar\/?p=17589","title":{"rendered":"Quien es &#8220;Tedi&#8221;, el acusado de intentar asesinar a la vice Cristina Fern\u00e1ndez"},"content":{"rendered":"<div class=\"\" dir=\"auto\">\n<div id=\"jsc_c_3c\" class=\"d2hqwtrz r227ecj6 ez8dtbzv gt60zsk1\" data-ad-comet-preview=\"message\" data-ad-preview=\"message\">\n<div class=\"alzwoclg cqf1kptm siwo0mpr gu5uzgus\">\n<div class=\"jroqu855 nthtkgg5\">\n<div class=\"m8h3af8h l7ghb35v kjdc1dyq kmwttqpk gh25dzvf n3t5jt4f\">\n<div dir=\"auto\"><strong>LA CONMOCI\u00d3N PERSISTE, MIENTRAS AVANZA LA INVESTIGACI\u00d3N Y PESE A TODO, ENTRE EL OFICIALISMO Y LA OPOSICI\u00d3N SE SIGUEN LANZ\u00c1NDOSE DURAS CR\u00cdTICAS.<!--more--><\/strong><br \/>\n<span class=\"fxk3tzhb b2rh1bv3 gh55jysx m8h3af8h ewco64xe kjdc1dyq ms56khn7 bq6c9xl4 eohcrkr5 akh3l2rg\"><br \/>\n<\/span><\/div>\n<div dir=\"auto\"><span class=\"fxk3tzhb b2rh1bv3 gh55jysx m8h3af8h ewco64xe kjdc1dyq ms56khn7 bq6c9xl4 eohcrkr5 akh3l2rg\">Fernando Sabag Montiel. Tedi.<\/span><\/div>\n<div dir=\"auto\"><\/div>\n<div dir=\"auto\"><span class=\"fxk3tzhb b2rh1bv3 gh55jysx m8h3af8h ewco64xe kjdc1dyq ms56khn7 bq6c9xl4 eohcrkr5 akh3l2rg\">Se supo que frecuent\u00f3 la escena del death metal. Quienes lo conocieron en su barrio, Villa del Parque, lo definen como err\u00e1tico, inconstante y camale\u00f3nico, proclive a decir \u201ccosas insensatas\u201d. La costumbre de esperar a m\u00fasicos famosos en hoteles.<\/span><\/div>\n<\/div>\n<div class=\"l7ghb35v kjdc1dyq kmwttqpk gh25dzvf jikcssrz n3t5jt4f\">\n<div dir=\"auto\"><\/div>\n<div dir=\"auto\">En ese circuito, tambi\u00e9n entre sus conocidos, \u201cTedi\u201d se volv\u00eda una presencia inc\u00f3moda. Les relataba sus supuestas experiencias paranormales con l\u00e1grimas en los ojos, les mostraba la piel de gallina al hablar. Insist\u00eda con viajar a Uruguay, dec\u00eda que all\u00ed la pasar\u00edan genial, que ten\u00eda departamento y d\u00f3lares. En los recitales, se paraba en medio de las ruedas fren\u00e9ticas de<em> pogo<\/em>, en medio del torbellino, con la mirada perdida.<\/div>\n<\/div>\n<div class=\"l7ghb35v kjdc1dyq kmwttqpk gh25dzvf jikcssrz n3t5jt4f\">\n<div dir=\"auto\"><\/div>\n<div dir=\"auto\">Sus posteos con mensajes insensatos en redes sociales eran constantes, casi como sus cambios de imagen y estilo, entre camisas y anillos, o, m\u00e1s recientemente, con tatuajes con s\u00edmbolos tomados de la est\u00e9tica del nazismo esot\u00e9rico, algo que sorprendi\u00f3 a sus viejos conocidos, porque nadie lo ten\u00eda por nazi.<\/div>\n<\/div>\n<div class=\"l7ghb35v kjdc1dyq kmwttqpk gh25dzvf jikcssrz n3t5jt4f\">\n<div dir=\"auto\"><\/div>\n<div dir=\"auto\">A fines de agosto, \u201cTedi\u201d tuvo sus cinco minutos de pol\u00e9mica en Cr\u00f3nica TV. Acompa\u00f1aba a una joven que dec\u00eda ser su novia, mientras vend\u00eda algodones de az\u00facar. La joven dec\u00eda que ya no cobraba planes sociales, que no estaba a favor, porque era \u201cfomentar la vagancia\u201d. En Facebook, en su muro, relat\u00f3 sus enfrentamientos con \u201clas mafias de coperos peruanos\u201d, vendedores de algod\u00f3n de az\u00facar sumamente territoriales. Habl\u00f3 de sus peleas a golpe de pu\u00f1o con ellos.<\/div>\n<div dir=\"auto\"><\/div>\n<\/div>\n<\/div>\n<div dir=\"auto\"><\/div>\n<\/div>\n<\/div>\n<\/div>\n<div class=\"\" dir=\"auto\">\n<div id=\"jsc_c_3c\" class=\"d2hqwtrz r227ecj6 ez8dtbzv gt60zsk1\" data-ad-comet-preview=\"message\" data-ad-preview=\"message\">\n<div class=\"alzwoclg cqf1kptm siwo0mpr gu5uzgus\">\n<div class=\"jroqu855 nthtkgg5\">\n<div class=\"l7ghb35v kjdc1dyq kmwttqpk gh25dzvf jikcssrz n3t5jt4f\">\n<div dir=\"auto\">Una primera versi\u00f3n que provino tambi\u00e9n de altas fuentes en organismos de seguridad afirm\u00f3 que la pistola era apta para el disparo.<\/div>\n<\/div>\n<div class=\"l7ghb35v kjdc1dyq kmwttqpk gh25dzvf jikcssrz n3t5jt4f\">\n<div dir=\"auto\"><\/div>\n<div dir=\"auto\">La Polic\u00eda Federal tambi\u00e9n allan\u00f3 el monoambiente de San Mart\u00edn donde viv\u00eda actualmente. Un vecino lo delat\u00f3 en la comisar\u00eda del barrio al ver su cara en televisi\u00f3n. Le encontraron 100 balas repartidas en dos cajas, seg\u00fan fuentes del expediente.<\/div>\n<\/div>\n<\/div>\n<\/div>\n<\/div>\n<\/div>\n<p><!--more--><\/p>\n<div><\/div>\n<div><\/div>\n<p><iframe loading=\"lazy\" title=\"\ud83d\udd34 Atentado a Cristina Kirchner: \u00bfQui\u00e9n es Fernando Sabag Montiel?\" width=\"696\" height=\"392\" src=\"https:\/\/www.youtube.com\/embed\/16io_qzF4iQ?feature=oembed\" frameborder=\"0\" allow=\"accelerometer; autoplay; clipboard-write; encrypted-media; gyroscope; picture-in-picture\" allowfullscreen><\/iframe><\/p>\n<p>&nbsp;<\/p>\n","protected":false},"excerpt":{"rendered":"<p>LA CONMOCI\u00d3N PERSISTE, MIENTRAS AVANZA LA INVESTIGACI\u00d3N Y PESE A TODO, ENTRE EL OFICIALISMO Y LA OPOSICI\u00d3N SE SIGUEN LANZ\u00c1NDOSE DURAS CR\u00cdTICAS.<\/p>\n","protected":false},"author":3,"featured_media":17592,"comment_status":"open","ping_status":"open","sticky":false,"template":"","format":"standard","meta":{"footnotes":"","jetpack_publicize_message":"","jetpack_publicize_feature_enabled":true,"jetpack_social_post_already_shared":false,"jetpack_social_options":{"image_generator_settings":{"template":"highway","default_image_id":0,"font":"","enabled":false},"version":2}},"categories":[13],"tags":[2011],"class_list":["post-17589","post","type-post","status-publish","format-standard","has-post-thumbnail","hentry","category-interes-general","tag-intento-asesinato-cristina"],"jetpack_publicize_connections":[],"jetpack_featured_media_url":"https:\/\/revistaepocadigital.com.ar\/wp-content\/uploads\/2022\/09\/4NA443ZNXBCBVNVODOFBPCL7XI.jpg","jetpack_likes_enabled":true,"_links":{"self":[{"href":"https:\/\/revistaepocadigital.com.ar\/index.php?rest_route=\/wp\/v2\/posts\/17589","targetHints":{"allow":["GET"]}}],"collection":[{"href":"https:\/\/revistaepocadigital.com.ar\/index.php?rest_route=\/wp\/v2\/posts"}],"about":[{"href":"https:\/\/revistaepocadigital.com.ar\/index.php?rest_route=\/wp\/v2\/types\/post"}],"author":[{"embeddable":true,"href":"https:\/\/revistaepocadigital.com.ar\/index.php?rest_route=\/wp\/v2\/users\/3"}],"replies":[{"embeddable":true,"href":"https:\/\/revistaepocadigital.com.ar\/index.php?rest_route=%2Fwp%2Fv2%2Fcomments&post=17589"}],"version-history":[{"count":0,"href":"https:\/\/revistaepocadigital.com.ar\/index.php?rest_route=\/wp\/v2\/posts\/17589\/revisions"}],"wp:featuredmedia":[{"embeddable":true,"href":"https:\/\/revistaepocadigital.com.ar\/index.php?rest_route=\/wp\/v2\/media\/17592"}],"wp:attachment":[{"href":"https:\/\/revistaepocadigital.com.ar\/index.php?rest_route=%2Fwp%2Fv2%2Fmedia&parent=17589"}],"wp:term":[{"taxonomy":"category","embeddable":true,"href":"https:\/\/revistaepocadigital.com.ar\/index.php?rest_route=%2Fwp%2Fv2%2Fcategories&post=17589"},{"taxonomy":"post_tag","embeddable":true,"href":"https:\/\/revistaepocadigital.com.ar\/index.php?rest_route=%2Fwp%2Fv2%2Ftags&post=17589"}],"curies":[{"name":"wp","href":"https:\/\/api.w.org\/{rel}","templated":true}]}}