{"id":17598,"date":"2022-09-05T10:30:40","date_gmt":"2022-09-05T13:30:40","guid":{"rendered":"https:\/\/revistaepocadigital.com.ar\/?p=17598"},"modified":"2022-09-05T10:30:40","modified_gmt":"2022-09-05T13:30:40","slug":"cierre-del-festival-de-teatro-de-invierno-roberto-lizarraga","status":"publish","type":"post","link":"https:\/\/revistaepocadigital.com.ar\/?p=17598","title":{"rendered":"CIERRE DEL FESTIVAL DE TEATRO DE INVIERNO &#8220;ROBERTO LIZARRAGA&#8221;"},"content":{"rendered":"<div class=\"\" dir=\"auto\">\n<div id=\"jsc_c_1l\" class=\"d2hqwtrz r227ecj6 ez8dtbzv gt60zsk1\" data-ad-comet-preview=\"message\" data-ad-preview=\"message\">\n<div class=\"alzwoclg cqf1kptm siwo0mpr gu5uzgus\">\n<div class=\"jroqu855 nthtkgg5\">\n<div class=\"m8h3af8h l7ghb35v kjdc1dyq kmwttqpk gh25dzvf n3t5jt4f\">\n<div dir=\"auto\"><strong>En el Centro Cultural Cosmopolita.<\/strong> <!--more-->Y a sala llena, finaliz\u00f3 el exitoso ciclo de teatro de invierno &#8220;Roberto Lizarraga&#8221;, de esa forma comenzaron lass actividades por los Festejos Patronales.<\/div>\n<div dir=\"auto\"><\/div>\n<\/div>\n<div class=\"l7ghb35v kjdc1dyq kmwttqpk gh25dzvf jikcssrz n3t5jt4f\">\n<div dir=\"auto\">El festival se inici\u00f3 el pasado 20 de agosto, con la obra \u201cMariposas despu\u00e9s de la lluvia\u201d, de Rafael Nofal, continu\u00f3 con &#8220;Y&#8230;hasta en las mejores familias\u201d, de Juanchy Morales y finaliz\u00f3 con &#8220;La espera tr\u00e1gica\u201d de &#8220;Tato\u201d Pavlosky.<\/div>\n<\/div>\n<\/div>\n<\/div>\n<\/div>\n<div dir=\"auto\"><\/div>\n<div id=\"jsc_c_1l\" class=\"d2hqwtrz r227ecj6 ez8dtbzv gt60zsk1\" data-ad-comet-preview=\"message\" data-ad-preview=\"message\">\n<div class=\"alzwoclg cqf1kptm siwo0mpr gu5uzgus\">\n<div class=\"jroqu855 nthtkgg5\">\n<div class=\"l7ghb35v kjdc1dyq kmwttqpk gh25dzvf jikcssrz n3t5jt4f\">\n<div dir=\"auto\"><img loading=\"lazy\" decoding=\"async\" class=\"alignleft size-full wp-image-17601\" src=\"https:\/\/revistaepocadigital.com.ar\/wp-content\/uploads\/2022\/09\/teatro22-1.jpg\" alt=\"\" width=\"440\" height=\"290\" srcset=\"https:\/\/revistaepocadigital.com.ar\/wp-content\/uploads\/2022\/09\/teatro22-1.jpg 440w, https:\/\/revistaepocadigital.com.ar\/wp-content\/uploads\/2022\/09\/teatro22-1-300x198.jpg 300w\" sizes=\"auto, (max-width: 440px) 100vw, 440px\" \/><\/div>\n<div dir=\"auto\"><\/div>\n<div dir=\"auto\"><\/div>\n<div dir=\"auto\"><\/div>\n<div dir=\"auto\"><\/div>\n<div dir=\"auto\"><\/div>\n<div dir=\"auto\"><\/div>\n<div dir=\"auto\"><\/div>\n<div dir=\"auto\"><\/div>\n<div dir=\"auto\"><\/div>\n<div dir=\"auto\"><\/div>\n<div dir=\"auto\"><\/div>\n<div dir=\"auto\"><\/div>\n<div dir=\"auto\"><\/div>\n<div dir=\"auto\">Antes de la funci\u00f3n, se vivieron momentos emotivos cuando el intendente, Diego Nanni, junto a la familia del recordado Roberto Lizarraga, presenciaron el ensayo general de la obra, compartiendo an\u00e9cdotas y tambi\u00e9n programandose la pr\u00f3xima edici\u00f3n de este exitoso festival.<\/div>\n<\/div>\n<\/div>\n<\/div>\n<\/div>\n<\/div>\n<p>&nbsp;<\/p>\n","protected":false},"excerpt":{"rendered":"<p>En el Centro Cultural Cosmopolita.<\/p>\n","protected":false},"author":4,"featured_media":17600,"comment_status":"open","ping_status":"open","sticky":false,"template":"","format":"standard","meta":{"footnotes":"","jetpack_publicize_message":"","jetpack_publicize_feature_enabled":true,"jetpack_social_post_already_shared":false,"jetpack_social_options":{"image_generator_settings":{"template":"highway","default_image_id":0,"font":"","enabled":false},"version":2}},"categories":[12],"tags":[2012],"class_list":["post-17598","post","type-post","status-publish","format-standard","has-post-thumbnail","hentry","category-espectaculos","tag-festival-teatro"],"jetpack_publicize_connections":[],"jetpack_featured_media_url":"https:\/\/revistaepocadigital.com.ar\/wp-content\/uploads\/2022\/09\/teatro22.jpg","jetpack_likes_enabled":true,"_links":{"self":[{"href":"https:\/\/revistaepocadigital.com.ar\/index.php?rest_route=\/wp\/v2\/posts\/17598","targetHints":{"allow":["GET"]}}],"collection":[{"href":"https:\/\/revistaepocadigital.com.ar\/index.php?rest_route=\/wp\/v2\/posts"}],"about":[{"href":"https:\/\/revistaepocadigital.com.ar\/index.php?rest_route=\/wp\/v2\/types\/post"}],"author":[{"embeddable":true,"href":"https:\/\/revistaepocadigital.com.ar\/index.php?rest_route=\/wp\/v2\/users\/4"}],"replies":[{"embeddable":true,"href":"https:\/\/revistaepocadigital.com.ar\/index.php?rest_route=%2Fwp%2Fv2%2Fcomments&post=17598"}],"version-history":[{"count":0,"href":"https:\/\/revistaepocadigital.com.ar\/index.php?rest_route=\/wp\/v2\/posts\/17598\/revisions"}],"wp:featuredmedia":[{"embeddable":true,"href":"https:\/\/revistaepocadigital.com.ar\/index.php?rest_route=\/wp\/v2\/media\/17600"}],"wp:attachment":[{"href":"https:\/\/revistaepocadigital.com.ar\/index.php?rest_route=%2Fwp%2Fv2%2Fmedia&parent=17598"}],"wp:term":[{"taxonomy":"category","embeddable":true,"href":"https:\/\/revistaepocadigital.com.ar\/index.php?rest_route=%2Fwp%2Fv2%2Fcategories&post=17598"},{"taxonomy":"post_tag","embeddable":true,"href":"https:\/\/revistaepocadigital.com.ar\/index.php?rest_route=%2Fwp%2Fv2%2Ftags&post=17598"}],"curies":[{"name":"wp","href":"https:\/\/api.w.org\/{rel}","templated":true}]}}