{"id":17604,"date":"2022-09-05T12:06:54","date_gmt":"2022-09-05T15:06:54","guid":{"rendered":"https:\/\/revistaepocadigital.com.ar\/?p=17604"},"modified":"2022-09-05T12:06:54","modified_gmt":"2022-09-05T15:06:54","slug":"el-polideportivo-2","status":"publish","type":"post","link":"https:\/\/revistaepocadigital.com.ar\/?p=17604","title":{"rendered":"El Polideportivo"},"content":{"rendered":"<div class=\"m8h3af8h l7ghb35v kjdc1dyq kmwttqpk gh25dzvf n3t5jt4f\">\n<div dir=\"auto\"><\/div>\n<\/div>\n<div class=\"l7ghb35v kjdc1dyq kmwttqpk gh25dzvf jikcssrz n3t5jt4f\">\n<div dir=\"auto\"><strong>EN CAPILLA DEL SE\u00d1OR.<!--more--><\/strong><\/div>\n<div dir=\"auto\"><\/div>\n<div dir=\"auto\">Comenz\u00f3 con la construcci\u00f3n del piso del Polideportivo en Capilla del Se\u00f1or. El gimnasio cerrado permitir\u00e1 practicar f\u00fatbol, b\u00e1squet y v\u00f3ley, entre otras disciplinas, y contar\u00e1 con vestuarios y tribunas.<\/div>\n<\/div>\n<p>&nbsp;<\/p>\n<p>Por otro lado, se dispondr\u00e1 de canchas de f\u00fatbol y ya se cuenta con un play\u00f3n deportivo al aire libre, que permitir\u00e1 sumar otras actividades. Tambi\u00e9n se instalar\u00e1 el CEYRIM, que brindar\u00e1 mayores posibilidades de funcionamiento a este Centro tan importante para Exaltaci\u00f3n de la Cruz y la regi\u00f3n.<\/p>\n","protected":false},"excerpt":{"rendered":"<p>EN CAPILLA DEL SE\u00d1OR.<\/p>\n","protected":false},"author":3,"featured_media":17606,"comment_status":"open","ping_status":"open","sticky":false,"template":"","format":"standard","meta":{"footnotes":"","jetpack_publicize_message":"","jetpack_publicize_feature_enabled":true,"jetpack_social_post_already_shared":false,"jetpack_social_options":{"image_generator_settings":{"template":"highway","default_image_id":0,"font":"","enabled":false},"version":2}},"categories":[9],"tags":[1401],"class_list":["post-17604","post","type-post","status-publish","format-standard","has-post-thumbnail","hentry","category-deportes","tag-polideportivo"],"jetpack_publicize_connections":[],"jetpack_featured_media_url":"https:\/\/revistaepocadigital.com.ar\/wp-content\/uploads\/2022\/09\/polidepor22.jpg","jetpack_likes_enabled":true,"_links":{"self":[{"href":"https:\/\/revistaepocadigital.com.ar\/index.php?rest_route=\/wp\/v2\/posts\/17604","targetHints":{"allow":["GET"]}}],"collection":[{"href":"https:\/\/revistaepocadigital.com.ar\/index.php?rest_route=\/wp\/v2\/posts"}],"about":[{"href":"https:\/\/revistaepocadigital.com.ar\/index.php?rest_route=\/wp\/v2\/types\/post"}],"author":[{"embeddable":true,"href":"https:\/\/revistaepocadigital.com.ar\/index.php?rest_route=\/wp\/v2\/users\/3"}],"replies":[{"embeddable":true,"href":"https:\/\/revistaepocadigital.com.ar\/index.php?rest_route=%2Fwp%2Fv2%2Fcomments&post=17604"}],"version-history":[{"count":0,"href":"https:\/\/revistaepocadigital.com.ar\/index.php?rest_route=\/wp\/v2\/posts\/17604\/revisions"}],"wp:featuredmedia":[{"embeddable":true,"href":"https:\/\/revistaepocadigital.com.ar\/index.php?rest_route=\/wp\/v2\/media\/17606"}],"wp:attachment":[{"href":"https:\/\/revistaepocadigital.com.ar\/index.php?rest_route=%2Fwp%2Fv2%2Fmedia&parent=17604"}],"wp:term":[{"taxonomy":"category","embeddable":true,"href":"https:\/\/revistaepocadigital.com.ar\/index.php?rest_route=%2Fwp%2Fv2%2Fcategories&post=17604"},{"taxonomy":"post_tag","embeddable":true,"href":"https:\/\/revistaepocadigital.com.ar\/index.php?rest_route=%2Fwp%2Fv2%2Ftags&post=17604"}],"curies":[{"name":"wp","href":"https:\/\/api.w.org\/{rel}","templated":true}]}}