{"id":17615,"date":"2022-09-06T01:19:34","date_gmt":"2022-09-06T04:19:34","guid":{"rendered":"https:\/\/revistaepocadigital.com.ar\/?p=17615"},"modified":"2022-09-06T01:35:49","modified_gmt":"2022-09-06T04:35:49","slug":"la-crisis-a-proposito-de-los-que-se-van-jovenes-en-distintas-partes-del-pais-se-quedan","status":"publish","type":"post","link":"https:\/\/revistaepocadigital.com.ar\/?p=17615","title":{"rendered":"La crisis. A prop\u00f3sito de los que se van, j\u00f3venes en distintas partes del pa\u00eds se quedan"},"content":{"rendered":"<table border=\"0\" width=\"100%\" cellspacing=\"0\" cellpadding=\"0\">\n<tbody>\n<tr>\n<td colspan=\"1\" rowspan=\"1\" align=\"left\">\n<div>\n<p><strong>En medio de un \u00e9xodo de empresarios argentinos existe un grupo de j\u00f3venes en distintas partes del pa\u00eds que deciden hacerle frente a la crisis econ\u00f3mica e impulsar sus empresas a nivel local.<\/strong><\/p>\n<\/div>\n<\/td>\n<\/tr>\n<\/tbody>\n<\/table>\n<p><!--more--><\/p>\n<p>&nbsp;<\/p>\n<table border=\"0\" width=\"100%\" cellspacing=\"0\" cellpadding=\"0\">\n<tbody>\n<tr>\n<td colspan=\"1\" rowspan=\"1\" align=\"left\">\n<table border=\"0\" width=\"100%\" cellspacing=\"0\" cellpadding=\"0\">\n<tbody>\n<tr>\n<td colspan=\"1\" rowspan=\"1\"><\/td>\n<\/tr>\n<\/tbody>\n<\/table>\n<\/td>\n<\/tr>\n<\/tbody>\n<\/table>\n<table border=\"0\" width=\"100%\" cellspacing=\"0\" cellpadding=\"0\">\n<tbody>\n<tr>\n<td colspan=\"1\" rowspan=\"1\" align=\"left\">\n<div>\n<p>Se estima que diariamente son alrededor de un centenar los j\u00f3venes que est\u00e1n emigrando hacia otros pa\u00edses, algo que representa una p\u00e9rdida irreparable para la econom\u00eda. Sin embargo, un conjunto multisectorial de alrededor de 400 emprendedores, que emplean a m\u00e1s de 25 mil personas, se encuentra buscando las claves para determinar el rumbo de Argentina en materia de empleo y producci\u00f3n.<\/p>\n<p>Se trata de UNAJE, Uni\u00f3n Argentina de J\u00f3venes Empresarios, que se reconoce a s\u00ed misma como \u201cla voz aut\u00f3noma\u201d de este sector del empresariado por debajo de los 40 a\u00f1os. A pesar de moverse en un escenario con una inflaci\u00f3n anual que supera el 50%, y realizar sus operaciones comerciales con una de las monedas m\u00e1s devaluadas a nivel internacional, contin\u00faan generando plazas de empleo y se cuestionan sobre el rol de sus empresas en la agenda pol\u00edtica.<\/p>\n<p>Esta asociaci\u00f3n tuvo su origen en 2001, en medio de una de las crisis econ\u00f3micas m\u00e1s atroces de nuestra historia. Presidida actualmente por Joaqu\u00edn Zoilo, el ejecutivo considera que\u00a0<strong>\u201ctanto el talento como las buenas ideas y su ejecuci\u00f3n sobran en el pa\u00eds, pero falta lo m\u00e1s importante: reales oportunidades de aceleraci\u00f3n, una red de contenci\u00f3n y contactos, y por sobre todo capital para que estos proyectos salgan a la luz y despeguen\u201d<\/strong>.<\/p>\n<p>Otra de sus premisas se relaciona con plantear al pa\u00eds como Hub Tecnol\u00f3gico, y en este sentido Zoilo, comparte que la irrupci\u00f3n de la Ley de Econom\u00eda del Conocimiento fue uno de los disparadores m\u00e1s importantes para que Argentina adopte un papel protag\u00f3nico en la regi\u00f3n y a nivel internacional. Sobre ese punto agrega que: \u201cHoy en d\u00eda las\u00a0 exportaciones vinculadas con cargos por uso de propiedad intelectual representan el 4,4% del total de servicios basados en conocimiento. La ventaja competitiva que representa este tipo de exportaciones es que no requiere de importar insumos ni uso de moneda extranjera para el financiamiento, sino un entramado cada vez m\u00e1s fuerte de capital emprendedor y conocimiento\u201d.<\/p>\n<p>Asimismo Juli\u00e1n Losardo, Director Ejecutivo de la uni\u00f3n, cuenta que persiguen la misi\u00f3n de que todos los d\u00edas se cree una nueva empresa. \u201cDe los desaf\u00edos que nos plantea la actualidad este es prioritario, y en ese sentido, trabajamos con los emprendedores e inclusive con los que a\u00fan no empezaron para que se animen y vean que hay una gran oportunidad en Argentina y el mundo\u201d.<\/p>\n<p><strong>Emprender desde la escuela<\/strong><\/p>\n<p>Muchas veces las asignaturas de la curr\u00edcula en establecimientos educativos no incluye temas como la gesti\u00f3n de iniciativas personales a temprana edad. Este grupo de j\u00f3venes tambi\u00e9n recorre colegios con el objetivo de servir como puntapi\u00e9 inicial para que los estudiantes encaren sus propios proyectos o bien, inicien sus primeros pasos en empresas.<\/p>\n<p>La pregunta que se plantean es: \u00bfc\u00f3mo solventar una educaci\u00f3n adecuada con niveles de desocupaci\u00f3n y pobreza elevados? \u201cEn situaciones en las que las familias requieren que los j\u00f3venes, antes de terminar su educaci\u00f3n secundaria ya tengan ingresos, esto vuelve a la educaci\u00f3n terciaria o universitaria incompatible con el trabajo al que aspiran aplicar\u201d, sostienen desde UNAJE.<\/p>\n<p>\u201cFacilitar el desarrollo de proyectos de j\u00f3venes de \u00faltimo a\u00f1o en empresas de m\u00faltiples industrias y potenciar su v\u00ednculo con un primer empleo es una de las actividades que consideramos fundamentales para que los chicos descubran otras posibilidades de carrera\u201d, afirma Losardo.<\/p>\n<p>En l\u00ednea con estas propuestas es que los empresarios plantearon\u00a0<strong>Impulsar Argentina<\/strong>, un evento que tendr\u00e1 lugar el 8 de septiembre, en el cual participar\u00e1n diferentes figuras del ecosistema emprendedor y de la pol\u00edtica nacional. Durante la jornada van a confluir actores pol\u00edticos como diputados nacionales y directivos de empresas locales para debatir sobre un mismo punto:\u00a0<strong>\u00bfqu\u00e9 se necesita para motivar a los empresarios j\u00f3venes a que apuesten a su crecimiento en el pa\u00eds?<\/strong><\/p>\n<p>Inscripci\u00f3n gratuita y agenda completa en:\u00a0<a href=\"https:\/\/125684.clicks.tstes.net\/track\/click?u=314579&amp;p=3132353638343a33353a33303a303a363a30&amp;s=4cca1df59df9f1e02964eadbb0c8af1f&amp;m=8410\" target=\"_blank\" rel=\"nofollow noopener noreferrer\" shape=\"rect\">www.unaje.org.ar<\/a><\/p>\n<\/div>\n<\/td>\n<\/tr>\n<\/tbody>\n<\/table>\n<table border=\"0\" width=\"100%\" cellspacing=\"0\" cellpadding=\"0\">\n<tbody>\n<tr>\n<td colspan=\"1\" rowspan=\"1\" align=\"left\">\n<table border=\"0\" width=\"100%\" cellspacing=\"0\" cellpadding=\"0\">\n<tbody>\n<tr>\n<td colspan=\"1\" rowspan=\"1\"><\/td>\n<\/tr>\n<\/tbody>\n<\/table>\n<\/td>\n<\/tr>\n<\/tbody>\n<\/table>\n<table border=\"0\" width=\"100%\" cellspacing=\"0\" cellpadding=\"0\">\n<tbody>\n<tr>\n<td colspan=\"1\" rowspan=\"1\" align=\"left\">\n<div>\n<p><strong>Acerca de\u00a0<\/strong><a href=\"https:\/\/125684.clicks.tstes.net\/track\/click?u=3004999&amp;p=3132353638343a33353a33303a303a373a30&amp;s=4cca1df59df9f1e02964eadbb0c8af1f&amp;m=8410\" target=\"_blank\" rel=\"nofollow noopener noreferrer\" shape=\"rect\"><strong>UNAJE<\/strong><\/a><\/p>\n<p>La Uni\u00f3n Argentina de J\u00f3venes Empresarios es una instituci\u00f3n que promueve la creaci\u00f3n y el desarrollo de empresas argentinas a nivel nacional e internacional, a partir de una red de empresarios\/as j\u00f3venes que potencia su profesionalizaci\u00f3n, el capital social de cada uno\/a de ellos\/as y el fomento de pol\u00edticas p\u00fablicas alineadas con estos objetivos.<\/p>\n<\/div>\n<\/td>\n<\/tr>\n<\/tbody>\n<\/table>\n","protected":false},"excerpt":{"rendered":"<p>En medio de un \u00e9xodo de empresarios argentinos existe un grupo de j\u00f3venes en distintas partes del pa\u00eds que deciden hacerle frente a la crisis econ\u00f3mica e impulsar sus empresas a nivel local.<\/p>\n","protected":false},"author":3,"featured_media":17617,"comment_status":"open","ping_status":"open","sticky":false,"template":"","format":"standard","meta":{"footnotes":"","jetpack_publicize_message":"","jetpack_publicize_feature_enabled":true,"jetpack_social_post_already_shared":false,"jetpack_social_options":{"image_generator_settings":{"template":"highway","default_image_id":0,"font":"","enabled":false},"version":2}},"categories":[13],"tags":[2015],"class_list":["post-17615","post","type-post","status-publish","format-standard","has-post-thumbnail","hentry","category-interes-general","tag-jovenes"],"jetpack_publicize_connections":[],"jetpack_featured_media_url":"https:\/\/revistaepocadigital.com.ar\/wp-content\/uploads\/2022\/09\/mail.jpg","jetpack_likes_enabled":true,"_links":{"self":[{"href":"https:\/\/revistaepocadigital.com.ar\/index.php?rest_route=\/wp\/v2\/posts\/17615","targetHints":{"allow":["GET"]}}],"collection":[{"href":"https:\/\/revistaepocadigital.com.ar\/index.php?rest_route=\/wp\/v2\/posts"}],"about":[{"href":"https:\/\/revistaepocadigital.com.ar\/index.php?rest_route=\/wp\/v2\/types\/post"}],"author":[{"embeddable":true,"href":"https:\/\/revistaepocadigital.com.ar\/index.php?rest_route=\/wp\/v2\/users\/3"}],"replies":[{"embeddable":true,"href":"https:\/\/revistaepocadigital.com.ar\/index.php?rest_route=%2Fwp%2Fv2%2Fcomments&post=17615"}],"version-history":[{"count":0,"href":"https:\/\/revistaepocadigital.com.ar\/index.php?rest_route=\/wp\/v2\/posts\/17615\/revisions"}],"wp:featuredmedia":[{"embeddable":true,"href":"https:\/\/revistaepocadigital.com.ar\/index.php?rest_route=\/wp\/v2\/media\/17617"}],"wp:attachment":[{"href":"https:\/\/revistaepocadigital.com.ar\/index.php?rest_route=%2Fwp%2Fv2%2Fmedia&parent=17615"}],"wp:term":[{"taxonomy":"category","embeddable":true,"href":"https:\/\/revistaepocadigital.com.ar\/index.php?rest_route=%2Fwp%2Fv2%2Fcategories&post=17615"},{"taxonomy":"post_tag","embeddable":true,"href":"https:\/\/revistaepocadigital.com.ar\/index.php?rest_route=%2Fwp%2Fv2%2Ftags&post=17615"}],"curies":[{"name":"wp","href":"https:\/\/api.w.org\/{rel}","templated":true}]}}