{"id":17627,"date":"2022-09-06T22:30:11","date_gmt":"2022-09-07T01:30:11","guid":{"rendered":"https:\/\/revistaepocadigital.com.ar\/?p=17627"},"modified":"2022-09-06T23:16:19","modified_gmt":"2022-09-07T02:16:19","slug":"adios-magdalena","status":"publish","type":"post","link":"https:\/\/revistaepocadigital.com.ar\/?p=17627","title":{"rendered":"ADI\u00d3S MAGDALENA"},"content":{"rendered":"<p><strong>PESAR POR LA MUERTE DE la periodista de <span class=\"highlightWire\">Magdalena<\/span> Ruiz Gui\u00f1az\u00fa.<\/strong><!--more--><\/p>\n<p>Estirpe de periodista, valiente como muy pocos, convicciones muy profundas, comprometida, una profesional de pura cepa.<\/p>\n<p>Desde el presidente Alberto Fern\u00e1ndez hasta el ex mandatario Mauricio Macri, lamentaron su fallecimiento. Una mujer polifac\u00e9tica a partir de su inquebrantable rol de periodista, que la llev\u00f3 a jugar papeles preponderantes en \u00e9pocas muy dif\u00edciles para el pa\u00eds como los tiempos de la aciaga dictadura militar<\/p>\n<p>Tuvo una participaci\u00f3n clave en la Comisi\u00f3n Nacional sobre la Desaparici\u00f3n de Personas (CONADEP), organismo que se encarg\u00f3 de recopilar los testimonios sobre violaciones de derechos humanos en la \u00faltima dictadura militar. &#8220;Despedimos con profundo pesar a <span class=\"highlightWire\">Magdalena<\/span> Ruiz Gui\u00f1az\u00fa. Su inmenso trabajo en el periodismo y la CONADEP nos recuerda la importancia de defender los derechos humanos alzando la voz, desde un lugar de paz, en defensa de la democracia&#8221;, escribi\u00f3 el presidente Fern\u00e1ndez en su cuenta de Twitter. Lo mismo hizo Macri: &#8220;Adi\u00f3s a <span class=\"highlightWire\">Magdalena<\/span> Ruiz Gui\u00f1az\u00fa, una leyenda del periodismo con una trayectoria intachable. Se destac\u00f3 por su enorme valent\u00eda. Nadie pudo callarla nunca, siempre defendi\u00f3 la verdad y la libertad. Mi respeto a su memoria y mis condolencias para sus familiares y amigos&#8221;. Desde Abuelas de Plaza de Mayo expresaron sus condolencias por el fallecimiento y destacaron su rol como integrante de la CONADEP y agregaron: &#8220;Como periodista siempre acompa\u00f1\u00f3 la b\u00fasqueda y la lucha de Abuelas&#8221;.<\/p>\n<p>Por su lado, el jefe de Gobierno porte\u00f1o, Horacio Rodr\u00edguez Larreta, sostuvo en la misma red social: &#8220;Qu\u00e9 tristeza despedir a <span class=\"highlightWire\">Magdalena<\/span> Ruiz Gui\u00f1az\u00fa, una periodista emblem\u00e1tica que tuvo un compromiso enorme con los derechos humanos y llev\u00f3 adelante la lucha por la libertad de expresi\u00f3n&#8221;. &#8220;Sus valores son un ejemplo que debemos defender quienes elegimos el camino de la democracia&#8221;, agreg\u00f3.<\/p>\n<p><img loading=\"lazy\" decoding=\"async\" class=\"alignleft size-full wp-image-17630\" src=\"https:\/\/revistaepocadigital.com.ar\/wp-content\/uploads\/2022\/09\/magdalena-y-jorge-luis-borgesjpg.webp\" alt=\"\" width=\"1200\" height=\"675\" srcset=\"https:\/\/revistaepocadigital.com.ar\/wp-content\/uploads\/2022\/09\/magdalena-y-jorge-luis-borgesjpg.webp 1200w, https:\/\/revistaepocadigital.com.ar\/wp-content\/uploads\/2022\/09\/magdalena-y-jorge-luis-borgesjpg-300x169.webp 300w, https:\/\/revistaepocadigital.com.ar\/wp-content\/uploads\/2022\/09\/magdalena-y-jorge-luis-borgesjpg-768x432.webp 768w, https:\/\/revistaepocadigital.com.ar\/wp-content\/uploads\/2022\/09\/magdalena-y-jorge-luis-borgesjpg-696x392.webp 696w, https:\/\/revistaepocadigital.com.ar\/wp-content\/uploads\/2022\/09\/magdalena-y-jorge-luis-borgesjpg-1068x601.webp 1068w, https:\/\/revistaepocadigital.com.ar\/wp-content\/uploads\/2022\/09\/magdalena-y-jorge-luis-borgesjpg-747x420.webp 747w\" sizes=\"auto, (max-width: 1200px) 100vw, 1200px\" \/><\/p>\n<p>&nbsp;<\/p>\n<p>En tanto, el ministro de Seguridad de la Naci\u00f3n, An\u00edbal Fern\u00e1ndez, con quien la conductora radial mantuvo acalorados debates en el programa radial en encabez\u00f3 Magdalena en radio Continental, dijo: &#8220;Falleci\u00f3 la Sra. <span class=\"highlightWire\">Magdalena<\/span> Ruiz Gui\u00f1az\u00fa. Tuve enorme respeto profesional y una excelente relaci\u00f3n personal, independientemente de no coincidir para nada en pol\u00edtica&#8221;. Y apunt\u00f3: &#8220;Cuando mis tareas me impusieron determinadas conexiones, supo darme una mano. Estimada se\u00f1ora, que Dios la bendiga&#8221;.<\/p>\n<p>La portavoz presidencial, Gabriela Cerruti, puntualiz\u00f3 en la participaci\u00f3n de Ruiz Gui\u00f1az\u00fa en materia de derechos humanos: &#8220;Una periodista brillante que luch\u00f3 desde su profesi\u00f3n por la vigencia de los DD.HH. y la recuperaci\u00f3n de la democracia. Que logr\u00f3 destacarse en un mundo que por entonces parec\u00eda reservado solo a los varones. Nuestro recuerdo y abrazo a quienes la quisieron&#8221;.<\/p>\n<p>En la misma l\u00ednea que Cerruti, la presidenta del Consejo Nacional del PRO, Patricia Bullrich, dijo que la locutora fue &#8220;una de las mayores defensoras de los DD.HH. y de la libertad de expresi\u00f3n&#8221; e incluy\u00f3 la agenda pol\u00edtica actual sobre &#8220;discursos de odio&#8221; al decir que la prensa se encuentra &#8220;amenazada por ideolog\u00edas autocr\u00e1ticas&#8221;. El gobernador de Jujuy y presidente de la Uni\u00f3n C\u00edvica Radical, Gerardo Morales, se\u00f1al\u00f3 que Ruiz Gui\u00f1az\u00fa fue &#8220;un s\u00edmbolo&#8221; del periodismo &#8220;independiente, valiente e inteligente&#8221; y continu\u00f3: &#8220;Su actuaci\u00f3n en la CONADEP durante el Gobierno de Alfons\u00edn la deja en la historia como una gran defensora de los Derechos Humanos. Un fuerte abrazo a su familia&#8221;.<br \/>\nLa Asociaci\u00f3n de Entidades Period\u00edsticas Argentinas (ADEPA) destac\u00f3 la trayectoria de Ruiz Gui\u00f1az\u00fa, de 91 a\u00f1os, record\u00f3 la distinci\u00f3n que le otorg\u00f3 en 2018 (Gran Premio de Honor) y remarc\u00f3: &#8220;Adem\u00e1s de ser una periodista excepcional, tuvo un enorme compromiso con la vida, con la democracia y con la Rep\u00fablica. Car\u00e1cter indomable e inigualable&#8221;.<\/p>\n<p><strong>QUE MOMENTO!<\/strong><\/p>\n<p><iframe loading=\"lazy\" title=\"Cruce entre V\u00edctor Hugo Morales y Magdalena Ruiz Gui\u00f1az\u00fa sobre medios\" width=\"696\" height=\"392\" src=\"https:\/\/www.youtube.com\/embed\/xHD0dkuMo-I?feature=oembed\" frameborder=\"0\" allow=\"accelerometer; autoplay; clipboard-write; encrypted-media; gyroscope; picture-in-picture\" allowfullscreen><\/iframe><\/p>\n<p>&nbsp;<\/p>\n<p>El Foro de Periodismo Argentino, por su parte, sostuvo: &#8220;Participamos con dolor del fallecimiento de nuestra socia <span class=\"highlightWire\">Magdalena<\/span> Ruiz Gui\u00f1az\u00fa, quien ha sido un ejemplo en el ejercicio del #periodismo y una valiente mujer comprometida con la defensa de los #derechoshumanos. Lamentamos su partida y acompa\u00f1amos a su familia en este momento&#8221;. Por \u00faltimo, la Fundaci\u00f3n LED (Libertad de Expresi\u00f3n + Democracia) tambi\u00e9n manifest\u00f3 su &#8220;profundo pesar&#8221; por el fallecimiento Ruiz Gui\u00f1az\u00fa, en tanto record\u00f3 que en 1984 la periodista integr\u00f3 la CONADEP junto a Ernesto S\u00e1bato y Graciela Fern\u00e1ndez Meijide, entre otros, con quienes elabor\u00f3 el informe &#8220;Nunca M\u00e1s&#8221; que sustent\u00f3 la acusaci\u00f3n por la desaparici\u00f3n forzada de personas contra los miembros de las Juntas Militares de la \u00faltima dictadura en el pa\u00eds.<\/p>\n","protected":false},"excerpt":{"rendered":"<p>PESAR POR LA MUERTE DE la periodista de Magdalena Ruiz Gui\u00f1az\u00fa.<\/p>\n","protected":false},"author":4,"featured_media":17629,"comment_status":"open","ping_status":"open","sticky":false,"template":"","format":"standard","meta":{"footnotes":"","jetpack_publicize_message":"","jetpack_publicize_feature_enabled":true,"jetpack_social_post_already_shared":false,"jetpack_social_options":{"image_generator_settings":{"template":"highway","default_image_id":0,"font":"","enabled":false},"version":2}},"categories":[17],"tags":[405,2016],"class_list":["post-17627","post","type-post","status-publish","format-standard","has-post-thumbnail","hentry","category-politica","tag-fallecimiento","tag-magdalena"],"jetpack_publicize_connections":[],"jetpack_featured_media_url":"https:\/\/revistaepocadigital.com.ar\/wp-content\/uploads\/2022\/09\/magdalena-ruiz-guinazu-20220214-1312888-1.webp","jetpack_likes_enabled":true,"_links":{"self":[{"href":"https:\/\/revistaepocadigital.com.ar\/index.php?rest_route=\/wp\/v2\/posts\/17627","targetHints":{"allow":["GET"]}}],"collection":[{"href":"https:\/\/revistaepocadigital.com.ar\/index.php?rest_route=\/wp\/v2\/posts"}],"about":[{"href":"https:\/\/revistaepocadigital.com.ar\/index.php?rest_route=\/wp\/v2\/types\/post"}],"author":[{"embeddable":true,"href":"https:\/\/revistaepocadigital.com.ar\/index.php?rest_route=\/wp\/v2\/users\/4"}],"replies":[{"embeddable":true,"href":"https:\/\/revistaepocadigital.com.ar\/index.php?rest_route=%2Fwp%2Fv2%2Fcomments&post=17627"}],"version-history":[{"count":0,"href":"https:\/\/revistaepocadigital.com.ar\/index.php?rest_route=\/wp\/v2\/posts\/17627\/revisions"}],"wp:featuredmedia":[{"embeddable":true,"href":"https:\/\/revistaepocadigital.com.ar\/index.php?rest_route=\/wp\/v2\/media\/17629"}],"wp:attachment":[{"href":"https:\/\/revistaepocadigital.com.ar\/index.php?rest_route=%2Fwp%2Fv2%2Fmedia&parent=17627"}],"wp:term":[{"taxonomy":"category","embeddable":true,"href":"https:\/\/revistaepocadigital.com.ar\/index.php?rest_route=%2Fwp%2Fv2%2Fcategories&post=17627"},{"taxonomy":"post_tag","embeddable":true,"href":"https:\/\/revistaepocadigital.com.ar\/index.php?rest_route=%2Fwp%2Fv2%2Ftags&post=17627"}],"curies":[{"name":"wp","href":"https:\/\/api.w.org\/{rel}","templated":true}]}}