{"id":17652,"date":"2022-09-07T15:01:29","date_gmt":"2022-09-07T18:01:29","guid":{"rendered":"https:\/\/revistaepocadigital.com.ar\/?p=17652"},"modified":"2022-09-07T15:04:27","modified_gmt":"2022-09-07T18:04:27","slug":"el-banco-provincia-es-bicentenario","status":"publish","type":"post","link":"https:\/\/revistaepocadigital.com.ar\/?p=17652","title":{"rendered":"EL BANCO PROVINCIA ES BICENTENARIO"},"content":{"rendered":"<div class=\"\" dir=\"auto\">\n<div id=\"jsc_c_3qh\" class=\"d2hqwtrz r227ecj6 ez8dtbzv gt60zsk1\" data-ad-comet-preview=\"message\" data-ad-preview=\"message\">\n<div class=\"alzwoclg cqf1kptm siwo0mpr gu5uzgus\">\n<div class=\"jroqu855 nthtkgg5\">\n<div class=\"m8h3af8h l7ghb35v kjdc1dyq kmwttqpk gh25dzvf n3t5jt4f\">\n<div dir=\"auto\"><strong>UNA DE LAS REFERENCIAS DE CAPILLA DEL SE\u00d1OR DESDE LOS COMIENZOS DE LA SUCURSAL. <!--more--><\/strong><\/div>\n<div dir=\"auto\"><\/div>\n<\/div>\n<div class=\"l7ghb35v kjdc1dyq kmwttqpk gh25dzvf jikcssrz n3t5jt4f\">\n<div dir=\"auto\">El Banco Provincia abri\u00f3 sus puertas por primera vez el <strong>6 de septiembre de 1822<\/strong> y a comienzos de 1872, en el marco del proyecto de expansi\u00f3n de sucursales, se cre\u00f3 una filial en Capilla del Se\u00f1or.<\/div>\n<div dir=\"auto\"><\/div>\n<\/div>\n<div class=\"l7ghb35v kjdc1dyq kmwttqpk gh25dzvf jikcssrz n3t5jt4f\">\n<div dir=\"auto\">El 6 de abril de 1872, tuvo lugar su apertura, una crisis provoc\u00f3 su cierre en 1880, y reabri\u00f3 sus puertas el 20 de marzo de 1961. En julio de 1997, acompa\u00f1ando el desarrollo social y econ\u00f3mico del distrito, se cre\u00f3 la sucursal de Los Cardales, contribuyendo a la expansi\u00f3n econ\u00f3mica y social hasta nuestros d\u00edas.<\/div>\n<div dir=\"auto\"><\/div>\n<div dir=\"auto\">\n<figure id=\"attachment_17655\" aria-describedby=\"caption-attachment-17655\" style=\"width: 528px\" class=\"wp-caption aligncenter\"><img loading=\"lazy\" decoding=\"async\" class=\"size-full wp-image-17655\" src=\"https:\/\/revistaepocadigital.com.ar\/wp-content\/uploads\/2022\/09\/bco-pro-1.jpg\" alt=\"\" width=\"528\" height=\"305\" srcset=\"https:\/\/revistaepocadigital.com.ar\/wp-content\/uploads\/2022\/09\/bco-pro-1.jpg 528w, https:\/\/revistaepocadigital.com.ar\/wp-content\/uploads\/2022\/09\/bco-pro-1-300x173.jpg 300w\" sizes=\"auto, (max-width: 528px) 100vw, 528px\" \/><figcaption id=\"caption-attachment-17655\" class=\"wp-caption-text\">Una imagen de los comienzos de la sucursal capillense, en la esquina m\u00e1s cl\u00e1sica de Capilla del Se\u00f1or<\/figcaption><\/figure>\n<\/div>\n<\/div>\n<div class=\"l7ghb35v kjdc1dyq kmwttqpk gh25dzvf jikcssrz n3t5jt4f\">\n<div dir=\"auto\">Una indudable referencia en Capilla del Se\u00f1or desde hace m\u00e1s de 60 a\u00f1os, y desde hace 25 a\u00f1os con la sucursal cardalense. Una entidad bancaria que ha sido como hasta el presente, clave en muchos desarrollos y emprendimientos personales, comerciales, empresariales y agropecuarios en nuestro distrito m\u00e1s de su tan importante rol en el \u00e1mbito de la provincia de Buenos Aires.<\/div>\n<\/div>\n<\/div>\n<div dir=\"auto\">Por la sucursal capillense pasaron entra\u00f1ables empleados y gerentes (en el presente desempe\u00f1a el cargo Gustavo Daniel Oribe, junto al personal en la foto), algunos oriundos de otros lugares quienes,\u00a0 m\u00e1s tarde encontraron en Capilla e incluso en Los Cardales, su nuevo espacio, constituyendo familias y cosechando amigos.<\/div>\n<\/div>\n<\/div>\n<\/div>\n<p>&nbsp;<\/p>\n<p>&nbsp;<\/p>\n","protected":false},"excerpt":{"rendered":"<p>UNA DE LAS REFERENCIAS DE CAPILLA DEL SE\u00d1OR DESDE LOS COMIENZOS DE LA SUCURSAL.<\/p>\n","protected":false},"author":4,"featured_media":17653,"comment_status":"open","ping_status":"open","sticky":false,"template":"","format":"standard","meta":{"footnotes":"","jetpack_publicize_message":"","jetpack_publicize_feature_enabled":true,"jetpack_social_post_already_shared":false,"jetpack_social_options":{"image_generator_settings":{"template":"highway","default_image_id":0,"font":"","enabled":false},"version":2}},"categories":[13],"tags":[2017],"class_list":["post-17652","post","type-post","status-publish","format-standard","has-post-thumbnail","hentry","category-interes-general","tag-bicentenario-banco-provincia"],"jetpack_publicize_connections":[],"jetpack_featured_media_url":"https:\/\/revistaepocadigital.com.ar\/wp-content\/uploads\/2022\/09\/bco-pro-capi.jpg","jetpack_likes_enabled":true,"_links":{"self":[{"href":"https:\/\/revistaepocadigital.com.ar\/index.php?rest_route=\/wp\/v2\/posts\/17652","targetHints":{"allow":["GET"]}}],"collection":[{"href":"https:\/\/revistaepocadigital.com.ar\/index.php?rest_route=\/wp\/v2\/posts"}],"about":[{"href":"https:\/\/revistaepocadigital.com.ar\/index.php?rest_route=\/wp\/v2\/types\/post"}],"author":[{"embeddable":true,"href":"https:\/\/revistaepocadigital.com.ar\/index.php?rest_route=\/wp\/v2\/users\/4"}],"replies":[{"embeddable":true,"href":"https:\/\/revistaepocadigital.com.ar\/index.php?rest_route=%2Fwp%2Fv2%2Fcomments&post=17652"}],"version-history":[{"count":0,"href":"https:\/\/revistaepocadigital.com.ar\/index.php?rest_route=\/wp\/v2\/posts\/17652\/revisions"}],"wp:featuredmedia":[{"embeddable":true,"href":"https:\/\/revistaepocadigital.com.ar\/index.php?rest_route=\/wp\/v2\/media\/17653"}],"wp:attachment":[{"href":"https:\/\/revistaepocadigital.com.ar\/index.php?rest_route=%2Fwp%2Fv2%2Fmedia&parent=17652"}],"wp:term":[{"taxonomy":"category","embeddable":true,"href":"https:\/\/revistaepocadigital.com.ar\/index.php?rest_route=%2Fwp%2Fv2%2Fcategories&post=17652"},{"taxonomy":"post_tag","embeddable":true,"href":"https:\/\/revistaepocadigital.com.ar\/index.php?rest_route=%2Fwp%2Fv2%2Ftags&post=17652"}],"curies":[{"name":"wp","href":"https:\/\/api.w.org\/{rel}","templated":true}]}}