{"id":17665,"date":"2022-09-02T00:57:46","date_gmt":"2022-09-02T03:57:46","guid":{"rendered":"https:\/\/revistaepocadigital.com.ar\/?p=17665"},"modified":"2022-09-14T20:51:21","modified_gmt":"2022-09-14T23:51:21","slug":"dr-ricardo-maiola-es-una-persona-que-jamas-me-voy-a-olvidar-me-salvo-la-vida","status":"publish","type":"post","link":"https:\/\/revistaepocadigital.com.ar\/?p=17665","title":{"rendered":"RECONOCIMIENTO AL DR RICARDO MAIOLA, UN HOMBRE QUE SIRVE COMO EJEMPLO"},"content":{"rendered":"<div><strong>ACTUALIZACI\u00d3N.<\/strong><\/div>\n<div><\/div>\n<div><strong>El prestigioso m\u00e9dico neur\u00f3logo oriundo de Capilla del Se\u00f1or, el 14 de Septiembre en el marco de los festejos patronales, recibi\u00f3 un reconocimiento en manos del intendente Nanni, por su trayectoria y calidad humana y profesional.<\/strong><\/div>\n<div><\/div>\n<div><\/div>\n<p><!--more--><\/p>\n<h3><\/h3>\n<h5><strong>EL TESTIMONIO DEL VECINO MAURICE HERRANDO EN\u00a0 LA RED SOCIAL FACEBOOK<\/strong><\/h5>\n<h3>Dr Ricardo Maiola es una persona que jam\u00e1s voy a olvidar. Me salv\u00f3 la vida&#8221;<\/h3>\n<div><\/div>\n<div><strong>La importancia de un diagn\u00f3stico a tiempo<\/strong><\/div>\n<div><\/div>\n<div><em>&#8220;Vivo en Exaltaci\u00f3n de la Cruz, provincia de Buenos Aires. Cuando la enfermedad se manifest\u00f3 me atend\u00ed en la guardia del Hospital San Jos\u00e9 de Capilla del Se\u00f1or. Qued\u00e9 internado. Los estudios que me hac\u00edan no arrojaban datos que ayudaran a un diagn\u00f3stico.<\/em><\/div>\n<div><\/div>\n<div><em>Los m\u00e9dicos estaban desconcertados. Pero mi cuadro empeoraba a una velocidad aterradora. \u00a0Vino a verme el Dr Ricardo Maiola (neur\u00f3logo) Enseguida me explic\u00f3 que por m\u00e1s que los estudios no arrojaran nada, \u00a0los s\u00edntomas que presentaba indicaban: S\u00edndrome de Guillain Barr\u00e9.<\/em><\/div>\n<div><\/div>\n<div><em>Era la primera vez en mi vida que o\u00eda nombrar esta enfermedad. Con calma, \u00e9l \u00a0me fue explicando de qu\u00e9 se trataba. Tendr\u00edamos que hacer una punci\u00f3n lumbar para constatar. La velocidad en su diagn\u00f3stico me estaba dando una segunda oportunidad. Fue gracias a ello que todo el hospital comenz\u00f3 a moverse, pudieron solicitar a tiempo la inmunoglobulina y comenzar a buscar un traslado.<\/em><\/div>\n<div><\/div>\n<div><em>Una vez que me trasladaron al Hospital Durand, cada avance, por peque\u00f1o que fuera, era un festejo y una sorpresa\u2026\u00a0 Pero una de las mayores sorpresas que tuve estando all\u00ed, fue cuando entr\u00f3 a la habitaci\u00f3n el Dr Ricardo Maiola. No lo pod\u00eda creer, s\u00f3lo lo hab\u00eda visto una vez en mi vida el d\u00eda del diagn\u00f3stico. \u00a0Me encontraba a 70 km de mi hogar, luchando por salir de esa situaci\u00f3n\u2026 y ten\u00eda esa oportunidad gracias a \u00e9l y hab\u00eda venido especialmente a ver c\u00f3mo estaba.<\/em><\/div>\n<div><\/div>\n<div><em>No s\u00e9 si alguna vez le pude decir que, con su presencia, sent\u00ed que tra\u00eda consigo todo lo bello de mi pueblo a esa habitaci\u00f3n de hospital. Tambi\u00e9n me hizo sentir que faltaba menos, que iba a poder volver a casa. Jam\u00e1s imagin\u00e9 atravesar una enfermedad tan cruel, pero tampoco imagin\u00e9 nunca recibir tanto amor. \u00c9sa era la segunda vez en mi vida que ve\u00eda al Dr Ricardo Maiola, pero es una persona de la que jam\u00e1s me voy a olvidar. Me salv\u00f3 la vida<\/em><\/div>\n","protected":false},"excerpt":{"rendered":"<p>ACTUALIZACI\u00d3N. El prestigioso m\u00e9dico neur\u00f3logo oriundo de Capilla del Se\u00f1or, el 14 de Septiembre en el marco de los festejos patronales, recibi\u00f3 un reconocimiento en manos del intendente Nanni, por su trayectoria y calidad humana y profesional.<\/p>\n","protected":false},"author":3,"featured_media":17670,"comment_status":"open","ping_status":"open","sticky":false,"template":"","format":"standard","meta":{"footnotes":"","jetpack_publicize_message":"","jetpack_publicize_feature_enabled":true,"jetpack_social_post_already_shared":false,"jetpack_social_options":{"image_generator_settings":{"template":"highway","default_image_id":0,"font":"","enabled":false},"version":2}},"categories":[15],"tags":[37,2019],"class_list":["post-17665","post","type-post","status-publish","format-standard","has-post-thumbnail","hentry","category-lo-que-tenes-que-saber","tag-destacada","tag-maiola"],"jetpack_publicize_connections":[],"jetpack_featured_media_url":"https:\/\/revistaepocadigital.com.ar\/wp-content\/uploads\/2022\/09\/maiola-parkinson.webp","jetpack_likes_enabled":true,"_links":{"self":[{"href":"https:\/\/revistaepocadigital.com.ar\/index.php?rest_route=\/wp\/v2\/posts\/17665","targetHints":{"allow":["GET"]}}],"collection":[{"href":"https:\/\/revistaepocadigital.com.ar\/index.php?rest_route=\/wp\/v2\/posts"}],"about":[{"href":"https:\/\/revistaepocadigital.com.ar\/index.php?rest_route=\/wp\/v2\/types\/post"}],"author":[{"embeddable":true,"href":"https:\/\/revistaepocadigital.com.ar\/index.php?rest_route=\/wp\/v2\/users\/3"}],"replies":[{"embeddable":true,"href":"https:\/\/revistaepocadigital.com.ar\/index.php?rest_route=%2Fwp%2Fv2%2Fcomments&post=17665"}],"version-history":[{"count":0,"href":"https:\/\/revistaepocadigital.com.ar\/index.php?rest_route=\/wp\/v2\/posts\/17665\/revisions"}],"wp:featuredmedia":[{"embeddable":true,"href":"https:\/\/revistaepocadigital.com.ar\/index.php?rest_route=\/wp\/v2\/media\/17670"}],"wp:attachment":[{"href":"https:\/\/revistaepocadigital.com.ar\/index.php?rest_route=%2Fwp%2Fv2%2Fmedia&parent=17665"}],"wp:term":[{"taxonomy":"category","embeddable":true,"href":"https:\/\/revistaepocadigital.com.ar\/index.php?rest_route=%2Fwp%2Fv2%2Fcategories&post=17665"},{"taxonomy":"post_tag","embeddable":true,"href":"https:\/\/revistaepocadigital.com.ar\/index.php?rest_route=%2Fwp%2Fv2%2Ftags&post=17665"}],"curies":[{"name":"wp","href":"https:\/\/api.w.org\/{rel}","templated":true}]}}