{"id":17684,"date":"2022-09-09T10:40:42","date_gmt":"2022-09-09T13:40:42","guid":{"rendered":"https:\/\/revistaepocadigital.com.ar\/?p=17684"},"modified":"2022-09-09T10:41:53","modified_gmt":"2022-09-09T13:41:53","slug":"volvio-el-colectivo-a-la-escuela-de-la-lata","status":"publish","type":"post","link":"https:\/\/revistaepocadigital.com.ar\/?p=17684","title":{"rendered":"VOLVI\u00d3 EL COLECTIVO A LA ESCUELA DE LA LATA."},"content":{"rendered":"<p><strong>EL SERVICIO ESENCIAL.<\/strong><!--more--><\/p>\n<p>Databa desde a\u00f1os atr\u00e1s, hasta que debido a la pandemia y al cierre de escuelas prolongado en demas\u00eda con los serios perjuicios que caus\u00f3 en los alumnos y familias, que a\u00fan hoy persisten, el colectivo que un\u00eda Capilla del Se\u00f1or con la Escuela n\u00ba5 y el Jard\u00edn de Infantes de La Lata dej\u00f3 de funcionar.<\/p>\n<p>El transporte escolar parte a diario desde Capilla por la ma\u00f1ana trasladando alumnos de la ciudad y de barrios aleda\u00f1os como Mburic\u00e1, totalizan unos 40 chicos aproximadamente, y por la tarde los regresa a sus hogares desde La Lata.<\/p>\n<p>Como se informara, se anunci\u00f3 la reanudaci\u00f3n del servicio; sin embargo surgieron inconvenientes, pudo saber este medio, debido a la falta de pago al transportista del lado del municipio y volvi\u00f3 a interrumpirse el funcionamiento del colectivo. El costo mensual a cargo de la comuna asciende, seg\u00fan trascendi\u00f3, a 280 mil pesos.<\/p>\n<p>Padres de alumnos plantearon los reclamos y consultas, a la vez que una comisi\u00f3n del Concejo Deliberante, integrada por los concejales Christian Alonso, Real Salas (ambos del oficialista FDT) y los opositores Ester Juncos (Juntos) y Gerardo Noriega (Cambiemos), trabajaron en el tema finalmente destrabado por lo cual, el servicio se reanud\u00f3 y dos padres que van altern\u00e1ndose, acompa\u00f1an a los chicos junto al chofer del micro por razones de seguridad y especialmente contenci\u00f3n.<\/p>\n<p>A la Escuela de Lata, verdadero basti\u00f3n educativo exaltacrucense, m\u00e1s all\u00e1 de unas opiniones divergentes, concurren 79 alumnos, de los cuales unos 15 son del paraje La Lata. El transporte escolar comenz\u00f3 hace unos 20 a\u00f1os, por aquel entonces surgi\u00f3 la iniciativa de docentes como Mara Ponti y Mar\u00eda Ester Noguera de Mahon (Pocha) propiciaron la convocatoria a m\u00e1s familias para que concurriesen alumnos, dado que exist\u00eda el riesgo que fuera cerrada la escuela (alguna iniciativa pol\u00edtica en el mismo sentido supo reiterarse a\u00f1os m\u00e1s tarde, sin \u00e9xito por suerte).<\/p>\n","protected":false},"excerpt":{"rendered":"<p>EL SERVICIO ESENCIAL.<\/p>\n","protected":false},"author":4,"featured_media":17687,"comment_status":"open","ping_status":"open","sticky":false,"template":"","format":"standard","meta":{"footnotes":"","jetpack_publicize_message":"","jetpack_publicize_feature_enabled":true,"jetpack_social_post_already_shared":false,"jetpack_social_options":{"image_generator_settings":{"template":"highway","default_image_id":0,"font":"","enabled":false},"version":2}},"categories":[17],"tags":[1973,2021],"class_list":["post-17684","post","type-post","status-publish","format-standard","has-post-thumbnail","hentry","category-politica","tag-colectivo","tag-escuela-la-lata"],"jetpack_publicize_connections":[],"jetpack_featured_media_url":"https:\/\/revistaepocadigital.com.ar\/wp-content\/uploads\/2022\/09\/COLECTIVO-LA-LATA.jpg","jetpack_likes_enabled":true,"_links":{"self":[{"href":"https:\/\/revistaepocadigital.com.ar\/index.php?rest_route=\/wp\/v2\/posts\/17684","targetHints":{"allow":["GET"]}}],"collection":[{"href":"https:\/\/revistaepocadigital.com.ar\/index.php?rest_route=\/wp\/v2\/posts"}],"about":[{"href":"https:\/\/revistaepocadigital.com.ar\/index.php?rest_route=\/wp\/v2\/types\/post"}],"author":[{"embeddable":true,"href":"https:\/\/revistaepocadigital.com.ar\/index.php?rest_route=\/wp\/v2\/users\/4"}],"replies":[{"embeddable":true,"href":"https:\/\/revistaepocadigital.com.ar\/index.php?rest_route=%2Fwp%2Fv2%2Fcomments&post=17684"}],"version-history":[{"count":0,"href":"https:\/\/revistaepocadigital.com.ar\/index.php?rest_route=\/wp\/v2\/posts\/17684\/revisions"}],"wp:featuredmedia":[{"embeddable":true,"href":"https:\/\/revistaepocadigital.com.ar\/index.php?rest_route=\/wp\/v2\/media\/17687"}],"wp:attachment":[{"href":"https:\/\/revistaepocadigital.com.ar\/index.php?rest_route=%2Fwp%2Fv2%2Fmedia&parent=17684"}],"wp:term":[{"taxonomy":"category","embeddable":true,"href":"https:\/\/revistaepocadigital.com.ar\/index.php?rest_route=%2Fwp%2Fv2%2Fcategories&post=17684"},{"taxonomy":"post_tag","embeddable":true,"href":"https:\/\/revistaepocadigital.com.ar\/index.php?rest_route=%2Fwp%2Fv2%2Ftags&post=17684"}],"curies":[{"name":"wp","href":"https:\/\/api.w.org\/{rel}","templated":true}]}}