{"id":17708,"date":"2022-09-10T13:15:18","date_gmt":"2022-09-10T16:15:18","guid":{"rendered":"https:\/\/revistaepocadigital.com.ar\/?p=17708"},"modified":"2022-09-10T13:42:08","modified_gmt":"2022-09-10T16:42:08","slug":"honor-y-patria-le-gano-al-raver-se-quedo-con-el-clasico-y-es-finalista","status":"publish","type":"post","link":"https:\/\/revistaepocadigital.com.ar\/?p=17708","title":{"rendered":"Honor y Patria le gan\u00f3 al Raver, se qued\u00f3 con el cl\u00e1sico y es finalista"},"content":{"rendered":"<p><strong><span class=\"gvxzyvdx aeinzg81 t7p7dqev gh25dzvf exr7barw b6ax4al1 gem102v4 ncib64c9 mrvwc6qr sx8pxkcf f597kf1v cpcgwwas m2nijcs8 hxfwr5lz k1z55t6l oog5qr5w tes86rjd pbevjfx6\" dir=\"auto\">LA GRAN VICTORIA LO METI\u00d3 EN LAS FINALES DE LA LIGA ABZC. HIST\u00d3RICO.<\/span><\/strong><!--more--><\/p>\n<h5>En Cardales, de visitante derrot\u00f3 al cl\u00e1sico rival Raver por 71 a 65. Un gran partido, emotivo y con paridad, ante mucho p\u00fablico y un clima caliente. El m\u00e1ximo anotador Francisco Ru\u00edz con 24 tantos. As\u00ed cerr\u00f3 el marcador 2 a 0 en la semifinal. Independiente de Z\u00e1rate o Atl\u00e9tico Pilar, los rivales en la final.<\/h5>\n<div id=\"content\" class=\"container-wrapper\">\n<div class=\"section-block-upper\">\n<div id=\"primary\" class=\"content-area\">\n<p><strong>Pasan los a\u00f1os y Honor y Patria y Raver, han evolucionado en forma notoria en b\u00e1squet, volcaron m\u00e1s esfuerzos, incorporaron jugadores provenientes de otras instituciones y con equipos m\u00e1s competitivos y con aspiraciones, se posicionaron en niveles superiores.<\/strong><\/p>\n<p>El partido que defini\u00f3 la serie, si bien m\u00e1s parejo que el anterior, tuvo a Honor y Patria como un justo ganador.<\/p>\n<p><img loading=\"lazy\" decoding=\"async\" class=\"wp-image-1423\" style=\"text-align: center;\" src=\"https:\/\/noticiasexaltacion.com\/wp-content\/uploads\/2022\/09\/GOF_8030-300x200.jpg\" sizes=\"auto, (max-width: 1010px) 100vw, 1010px\" srcset=\"https:\/\/noticiasexaltacion.com\/wp-content\/uploads\/2022\/09\/GOF_8030-300x200.jpg 300w, https:\/\/noticiasexaltacion.com\/wp-content\/uploads\/2022\/09\/GOF_8030-1024x682.jpg 1024w, https:\/\/noticiasexaltacion.com\/wp-content\/uploads\/2022\/09\/GOF_8030-768x511.jpg 768w, https:\/\/noticiasexaltacion.com\/wp-content\/uploads\/2022\/09\/GOF_8030.jpg 1280w\" alt=\"\" width=\"1010\" height=\"673\" \/><\/p>\n<\/div>\n<\/div>\n<\/div>\n<figure id=\"attachment_1423\" class=\"wp-caption aligncenter\" aria-describedby=\"caption-attachment-1423\"><figcaption id=\"caption-attachment-1423\" class=\"wp-caption-text\">Mart\u00ednez de buena labor ante Bianchi Foto gentileza: Gabriel Fil\u00f3n IG: @GFilon<\/figcaption><\/figure>\n<p>Un partido jugado con mucha presi\u00f3n en la cancha, Raver empujado por su p\u00fablico emparej\u00f3 el partido a base de correr y sacrificio, pero no le alcanz\u00f3 pese a que en varios pasajes, intent\u00f3 hacerse due\u00f1o del juego f\u00edsico, se llen\u00f3 de faltas y aunque le dio resultado, no le alcanz\u00f3 para ponerse arriba en el marcador.<\/p>\n<p>El \u00faltimo cuarto mostr\u00f3 a los dos equipos poniendo todo, Ingeniero Raver para achicar diferencias en el tanteador y Honor y Patria en la misma sinton\u00eda, ajust\u00f3 marcas, resaltando la actuaci\u00f3n de Tom\u00e1s Lynn, imparable. Vale acotar que no jug\u00f3 para los capillenses, Gabriel Cedro debido a una molestia f\u00edsica, reemplazado por Mauro Leichner quien rindi\u00f3 bien.<\/p>\n<p>71 a 65. El marcador final que sell\u00f3 la trascendente victoria de Honor y Patria. Ahora espera la final.<\/p>\n<figure id=\"attachment_1427\" class=\"wp-caption aligncenter\" aria-describedby=\"caption-attachment-1427\"><img loading=\"lazy\" decoding=\"async\" class=\"wp-image-1427\" src=\"https:\/\/noticiasexaltacion.com\/wp-content\/uploads\/2022\/09\/DSC4062-300x168.jpg\" sizes=\"auto, (max-width: 1141px) 100vw, 1141px\" srcset=\"https:\/\/noticiasexaltacion.com\/wp-content\/uploads\/2022\/09\/DSC4062-300x168.jpg 300w, https:\/\/noticiasexaltacion.com\/wp-content\/uploads\/2022\/09\/DSC4062-768x431.jpg 768w\" alt=\"\" width=\"1141\" height=\"639\" \/><figcaption id=\"caption-attachment-1427\" class=\"wp-caption-text\">Celebran los jugadores de Honor y Patria luego del importante triunfo.<\/figcaption><\/figure>\n<p><strong>LA S\u00cdNTESIS.<\/strong><\/p>\n<p>Raver \u00abA\u00bb( 65): Bianchi 9, Jelavich 14, Maurente 16, Morales 6 y Geoghegan 17 , Cerolini 0, Ciminelli 3 y Renauld 0.<\/p>\n<p>DT: Marcelo Policastro.<\/p>\n<p>Honor y Patria (71): Ru\u00edz 24, Gallardo 11, Hausenauer 10,Irigoyen 4 y Fioretto 4, Mart\u00ednez 0, Lynn 16 y Mauro Leichner 2.<\/p>\n<p>DT: Juan Pablo Montero.<\/p>\n<p>Parciales: 1er 12-19, 2do 20-16, 3er 13-17 y 4to 20-19.<\/p>\n<p>M\u00e1ximos anotadores: Ru\u00edz (HyP) 24 y Geoghegan17 (Raver).<\/p>\n<p>&nbsp;<\/p>\n<p>Fuente: Noticias Exaltaci\u00f3n<\/p>\n<p>&nbsp;<\/p>\n","protected":false},"excerpt":{"rendered":"<p>LA GRAN VICTORIA LO METI\u00d3 EN LAS FINALES DE LA LIGA ABZC. HIST\u00d3RICO.<\/p>\n","protected":false},"author":3,"featured_media":17711,"comment_status":"open","ping_status":"open","sticky":false,"template":"","format":"standard","meta":{"footnotes":"","jetpack_publicize_message":"","jetpack_publicize_feature_enabled":true,"jetpack_social_post_already_shared":false,"jetpack_social_options":{"image_generator_settings":{"template":"highway","default_image_id":0,"font":"","enabled":false},"version":2}},"categories":[9],"tags":[102,2024,1741],"class_list":["post-17708","post","type-post","status-publish","format-standard","has-post-thumbnail","hentry","category-deportes","tag-basquet","tag-honor","tag-raver"],"jetpack_publicize_connections":[],"jetpack_featured_media_url":"https:\/\/revistaepocadigital.com.ar\/wp-content\/uploads\/2022\/09\/hyp-basq-22.jpg","jetpack_likes_enabled":true,"_links":{"self":[{"href":"https:\/\/revistaepocadigital.com.ar\/index.php?rest_route=\/wp\/v2\/posts\/17708","targetHints":{"allow":["GET"]}}],"collection":[{"href":"https:\/\/revistaepocadigital.com.ar\/index.php?rest_route=\/wp\/v2\/posts"}],"about":[{"href":"https:\/\/revistaepocadigital.com.ar\/index.php?rest_route=\/wp\/v2\/types\/post"}],"author":[{"embeddable":true,"href":"https:\/\/revistaepocadigital.com.ar\/index.php?rest_route=\/wp\/v2\/users\/3"}],"replies":[{"embeddable":true,"href":"https:\/\/revistaepocadigital.com.ar\/index.php?rest_route=%2Fwp%2Fv2%2Fcomments&post=17708"}],"version-history":[{"count":0,"href":"https:\/\/revistaepocadigital.com.ar\/index.php?rest_route=\/wp\/v2\/posts\/17708\/revisions"}],"wp:featuredmedia":[{"embeddable":true,"href":"https:\/\/revistaepocadigital.com.ar\/index.php?rest_route=\/wp\/v2\/media\/17711"}],"wp:attachment":[{"href":"https:\/\/revistaepocadigital.com.ar\/index.php?rest_route=%2Fwp%2Fv2%2Fmedia&parent=17708"}],"wp:term":[{"taxonomy":"category","embeddable":true,"href":"https:\/\/revistaepocadigital.com.ar\/index.php?rest_route=%2Fwp%2Fv2%2Fcategories&post=17708"},{"taxonomy":"post_tag","embeddable":true,"href":"https:\/\/revistaepocadigital.com.ar\/index.php?rest_route=%2Fwp%2Fv2%2Ftags&post=17708"}],"curies":[{"name":"wp","href":"https:\/\/api.w.org\/{rel}","templated":true}]}}